{"id":997,"date":"2023-09-03T18:44:43","date_gmt":"2023-09-03T16:44:43","guid":{"rendered":"https:\/\/www.meteolafleche.com\/actualite\/?p=997"},"modified":"2023-09-03T18:44:45","modified_gmt":"2023-09-03T16:44:45","slug":"meteo-semaine-rentree-scolaire-2023-4-au-10-septembre","status":"publish","type":"post","link":"https:\/\/www.meteolafleche.com\/actualite\/2023\/09\/03\/meteo-semaine-rentree-scolaire-2023-4-au-10-septembre\/","title":{"rendered":"M\u00e9t\u00e9o de la semaine de rentr\u00e9e scolaire 2023 &#8211; du 4 au 10 Septembre 2023"},"content":{"rendered":"<div id=\"meteo-2969183747\" class=\"meteo-avant-contenu meteo-entity-placement\"><script async src=\"\/\/pagead2.googlesyndication.com\/pagead\/js\/adsbygoogle.js?client=ca-pub-0501790310760996\" crossorigin=\"anonymous\"><\/script><ins class=\"adsbygoogle\" style=\"display:block;\" data-ad-client=\"ca-pub-0501790310760996\" \ndata-ad-slot=\"9802369648\" \ndata-ad-format=\"auto\"><\/ins>\n<script> \n(adsbygoogle = window.adsbygoogle || []).push({}); \n<\/script>\n<\/div>\n<p>L&rsquo;anticyclone OLENKA devait \u00e0 la base faire ses valises sur l&rsquo;Europe centrale.<\/p>\n\n\n\n<p>Il louperait finalement la rentr\u00e9e des classes ; pire, il d\u00e9ploierait une dorsale s&rsquo;\u00e9tendant sur la France.<\/p>\n\n\n\n<p>En parall\u00e8le, une d\u00e9pression, en partie issue de l&rsquo;ex ouragan #FRANKLIN, devait prendre le relai sur la France.<\/p>\n\n\n\n<p>Finalement, la d\u00e9pression resterait sur l&rsquo;Ouest de l&rsquo;hexagone, OLENKA sur l&rsquo;Europe centrale.<\/p>\n\n\n\n<p>D&rsquo;o\u00f9 un flux de Sud provoquant de nouveau un four.<\/p>\n\n\n\n<figure class=\"wp-block-image size-full\"><img loading=\"lazy\" decoding=\"async\" width=\"768\" height=\"768\" src=\"https:\/\/www.meteolafleche.com\/actualite\/wp-content\/uploads\/2023\/09\/230904_temperatures_rentree_scolaire.png\" alt=\"M\u00e9t\u00e9o France 4 Septembre 2023 rentr\u00e9e scolaire\" class=\"wp-image-998\" srcset=\"https:\/\/www.meteolafleche.com\/actualite\/wp-content\/uploads\/2023\/09\/230904_temperatures_rentree_scolaire.png 768w, https:\/\/www.meteolafleche.com\/actualite\/wp-content\/uploads\/2023\/09\/230904_temperatures_rentree_scolaire-300x300.png 300w, https:\/\/www.meteolafleche.com\/actualite\/wp-content\/uploads\/2023\/09\/230904_temperatures_rentree_scolaire-150x150.png 150w, https:\/\/www.meteolafleche.com\/actualite\/wp-content\/uploads\/2023\/09\/230904_temperatures_rentree_scolaire-624x624.png 624w\" sizes=\"auto, (max-width: 768px) 100vw, 768px\" \/><\/figure>\n\n\n\n<p>En l&rsquo;occurrence lors de la rentr\u00e9e scolaire, la mod\u00e9lisation tendrait \u00e0 mettre un maximum de 39\u00b0C localement sur la Charente voire sur les Deux S\u00e8vres et une partie du Limousin.<\/p>\n\n\n\n<p>Tr\u00e8s souvent, c&rsquo;est le Sud-Ouest de la France qui subit les plus forts pics de chaleur et dans la dur\u00e9e.<\/p>\n\n\n\n<p>La r\u00e9currence des gouttes froides espagnoles pourrait expliquer les pompes \u00e0 chaleur vers le Pays Basque, les Landes, la Gironde notamment.<\/p>\n\n\n\n<figure class=\"wp-block-image size-full\"><img loading=\"lazy\" decoding=\"async\" width=\"768\" height=\"768\" src=\"https:\/\/www.meteolafleche.com\/actualite\/wp-content\/uploads\/2023\/09\/230905_temperatures_icon.png\" alt=\"M\u00e9t\u00e9o temp\u00e9ratures France Mardi 5 Septembre 2023\" class=\"wp-image-999\" srcset=\"https:\/\/www.meteolafleche.com\/actualite\/wp-content\/uploads\/2023\/09\/230905_temperatures_icon.png 768w, https:\/\/www.meteolafleche.com\/actualite\/wp-content\/uploads\/2023\/09\/230905_temperatures_icon-300x300.png 300w, https:\/\/www.meteolafleche.com\/actualite\/wp-content\/uploads\/2023\/09\/230905_temperatures_icon-150x150.png 150w, https:\/\/www.meteolafleche.com\/actualite\/wp-content\/uploads\/2023\/09\/230905_temperatures_icon-624x624.png 624w\" sizes=\"auto, (max-width: 768px) 100vw, 768px\" \/><\/figure>\n\n\n\n<figure class=\"wp-block-image size-full\"><img loading=\"lazy\" decoding=\"async\" width=\"768\" height=\"768\" src=\"https:\/\/www.meteolafleche.com\/actualite\/wp-content\/uploads\/2023\/09\/230906_temperatures_icon.png\" alt=\"M\u00e9t\u00e9o Mercredi 6 Septembre 2023 France temp\u00e9ratures pr\u00e9vues 17h\" class=\"wp-image-1000\" srcset=\"https:\/\/www.meteolafleche.com\/actualite\/wp-content\/uploads\/2023\/09\/230906_temperatures_icon.png 768w, https:\/\/www.meteolafleche.com\/actualite\/wp-content\/uploads\/2023\/09\/230906_temperatures_icon-300x300.png 300w, https:\/\/www.meteolafleche.com\/actualite\/wp-content\/uploads\/2023\/09\/230906_temperatures_icon-150x150.png 150w, https:\/\/www.meteolafleche.com\/actualite\/wp-content\/uploads\/2023\/09\/230906_temperatures_icon-624x624.png 624w\" sizes=\"auto, (max-width: 768px) 100vw, 768px\" \/><\/figure>\n\n\n\n<figure class=\"wp-block-image size-full\"><img loading=\"lazy\" decoding=\"async\" width=\"768\" height=\"768\" src=\"https:\/\/www.meteolafleche.com\/actualite\/wp-content\/uploads\/2023\/09\/230907_temperatures_icon.png\" alt=\"M\u00e9t\u00e9o Jeudi 7 Septembre 2023 France temp\u00e9ratures pr\u00e9vues 17h \" class=\"wp-image-1001\" srcset=\"https:\/\/www.meteolafleche.com\/actualite\/wp-content\/uploads\/2023\/09\/230907_temperatures_icon.png 768w, https:\/\/www.meteolafleche.com\/actualite\/wp-content\/uploads\/2023\/09\/230907_temperatures_icon-300x300.png 300w, https:\/\/www.meteolafleche.com\/actualite\/wp-content\/uploads\/2023\/09\/230907_temperatures_icon-150x150.png 150w, https:\/\/www.meteolafleche.com\/actualite\/wp-content\/uploads\/2023\/09\/230907_temperatures_icon-624x624.png 624w\" sizes=\"auto, (max-width: 768px) 100vw, 768px\" \/><\/figure>\n\n\n\n<p>Jusqu&rsquo;\u00e0 Jeudi, les fortes chaleurs seraient quasi g\u00e9n\u00e9ralis\u00e9es dans ce flux de Sud ; et pourtant, elles ne devraient pas s&rsquo;intensifier ce qui est logique vu que les journ\u00e9es raccourcissent.<br>Une m\u00eame configuration fin Juillet aurait \u00e9t\u00e9 probl\u00e9matique.<\/p>\n\n\n\n<p>Par la suite, et m\u00eame d\u00e8s Jeudi, les divergences restent nombreuses sur les temp\u00e9ratures.<br>Ci dessous, les m\u00e9t\u00e9ogrammes multi mod\u00e8les des villes comme Paris, Marseille, Nantes, Bordeaux (4 coins de la France).<\/p>\n\n\n\n<figure class=\"wp-block-image size-full\"><img loading=\"lazy\" decoding=\"async\" width=\"766\" height=\"444\" src=\"https:\/\/www.meteolafleche.com\/actualite\/wp-content\/uploads\/2023\/09\/230903_meteogramme_paris.png\" alt=\"M\u00e9t\u00e9ogramme Paris 3 au 9 Septembre 2023\" class=\"wp-image-1002\" srcset=\"https:\/\/www.meteolafleche.com\/actualite\/wp-content\/uploads\/2023\/09\/230903_meteogramme_paris.png 766w, https:\/\/www.meteolafleche.com\/actualite\/wp-content\/uploads\/2023\/09\/230903_meteogramme_paris-300x174.png 300w, https:\/\/www.meteolafleche.com\/actualite\/wp-content\/uploads\/2023\/09\/230903_meteogramme_paris-624x362.png 624w\" sizes=\"auto, (max-width: 766px) 100vw, 766px\" \/><\/figure>\n\n\n\n<figure class=\"wp-block-image size-full\"><img loading=\"lazy\" decoding=\"async\" width=\"757\" height=\"446\" src=\"https:\/\/www.meteolafleche.com\/actualite\/wp-content\/uploads\/2023\/09\/230903_meteogramme_nantes.png\" alt=\"M\u00e9t\u00e9ogramme Nantes 3 au 9 Septembre 2023\" class=\"wp-image-1003\" srcset=\"https:\/\/www.meteolafleche.com\/actualite\/wp-content\/uploads\/2023\/09\/230903_meteogramme_nantes.png 757w, https:\/\/www.meteolafleche.com\/actualite\/wp-content\/uploads\/2023\/09\/230903_meteogramme_nantes-300x177.png 300w, https:\/\/www.meteolafleche.com\/actualite\/wp-content\/uploads\/2023\/09\/230903_meteogramme_nantes-624x368.png 624w\" sizes=\"auto, (max-width: 757px) 100vw, 757px\" \/><\/figure>\n\n\n\n<figure class=\"wp-block-image size-full\"><img loading=\"lazy\" decoding=\"async\" width=\"770\" height=\"448\" src=\"https:\/\/www.meteolafleche.com\/actualite\/wp-content\/uploads\/2023\/09\/230903_meteogramme_bordeaux.png\" alt=\"M\u00e9t\u00e9ogramme Bordeaux 3 au 9 Septembre 2023\" class=\"wp-image-1004\" srcset=\"https:\/\/www.meteolafleche.com\/actualite\/wp-content\/uploads\/2023\/09\/230903_meteogramme_bordeaux.png 770w, https:\/\/www.meteolafleche.com\/actualite\/wp-content\/uploads\/2023\/09\/230903_meteogramme_bordeaux-300x175.png 300w, https:\/\/www.meteolafleche.com\/actualite\/wp-content\/uploads\/2023\/09\/230903_meteogramme_bordeaux-768x447.png 768w, https:\/\/www.meteolafleche.com\/actualite\/wp-content\/uploads\/2023\/09\/230903_meteogramme_bordeaux-624x363.png 624w\" sizes=\"auto, (max-width: 770px) 100vw, 770px\" \/><\/figure>\n\n\n\n<figure class=\"wp-block-image size-full\"><img loading=\"lazy\" decoding=\"async\" width=\"778\" height=\"449\" src=\"https:\/\/www.meteolafleche.com\/actualite\/wp-content\/uploads\/2023\/09\/230903_meteogramme_marseille.png\" alt=\"M\u00e9t\u00e9ogramme Marseille 3 au 9 Septembre 2023\" class=\"wp-image-1005\" srcset=\"https:\/\/www.meteolafleche.com\/actualite\/wp-content\/uploads\/2023\/09\/230903_meteogramme_marseille.png 778w, https:\/\/www.meteolafleche.com\/actualite\/wp-content\/uploads\/2023\/09\/230903_meteogramme_marseille-300x173.png 300w, https:\/\/www.meteolafleche.com\/actualite\/wp-content\/uploads\/2023\/09\/230903_meteogramme_marseille-768x443.png 768w, https:\/\/www.meteolafleche.com\/actualite\/wp-content\/uploads\/2023\/09\/230903_meteogramme_marseille-624x360.png 624w\" sizes=\"auto, (max-width: 778px) 100vw, 778px\" \/><\/figure>\n\n\n\n<p>Et aucun sc\u00e9nario de fortes pr\u00e9cipitations, du moins, ils sont sans cesse report\u00e9s.<\/p>\n\n\n\n<p>Rares sont les d\u00e9buts Septembre agit\u00e9s ; l&rsquo;ann\u00e9e derni\u00e8re, la premi\u00e8re d\u00e9cade \u00e9tait \u00e9galement calme <a href=\"https:\/\/www.youtube.com\/watch?v=5lYRoRiJEEw\">https:\/\/www.youtube.com\/watch?v=5lYRoRiJEEw<\/a><\/p>\n<div id=\"meteo-1172613614\" class=\"meteo-apres-le-contenu meteo-entity-placement\"><script async src=\"\/\/pagead2.googlesyndication.com\/pagead\/js\/adsbygoogle.js?client=ca-pub-0501790310760996\" crossorigin=\"anonymous\"><\/script><ins class=\"adsbygoogle\" style=\"display:block;\" data-ad-client=\"ca-pub-0501790310760996\" \ndata-ad-slot=\"7540452242\" \ndata-ad-format=\"auto\"><\/ins>\n<script> \n(adsbygoogle = window.adsbygoogle || []).push({}); \n<\/script>\n<\/div>","protected":false},"excerpt":{"rendered":"<p>L&rsquo;anticyclone OLENKA devait \u00e0 la base faire ses valises sur l&rsquo;Europe centrale. Il louperait finalement la rentr\u00e9e des classes ; pire, il d\u00e9ploierait une dorsale s&rsquo;\u00e9tendant sur la France. En parall\u00e8le, une d\u00e9pression, en partie issue de l&rsquo;ex ouragan #FRANKLIN, devait prendre le relai sur la France. Finalement, la d\u00e9pression resterait sur l&rsquo;Ouest de l&rsquo;hexagone, [&hellip;]<\/p>\n","protected":false},"author":1,"featured_media":0,"comment_status":"open","ping_status":"open","sticky":false,"template":"","format":"standard","meta":{"footnotes":""},"categories":[5],"tags":[114,137,82,17,16,142,107],"class_list":["post-997","post","type-post","status-publish","format-standard","hentry","category-previsions-meteo-a-court-terme","tag-114","tag-137","tag-82","tag-meteo","tag-previsions","tag-rentree-scolaire","tag-septembre"],"yoast_head":"<!-- This site is optimized with the Yoast SEO plugin v27.5 - https:\/\/yoast.com\/product\/yoast-seo-wordpress\/ -->\n<title>M\u00e9t\u00e9o de la semaine de rentr\u00e9e scolaire 2023 - 4 au 10 Septembre<\/title>\n<meta name=\"description\" content=\"La m\u00e9t\u00e9o de la semaine de rentr\u00e9e scolaire 2023 notamment du Lundi 4 au Dimanche 10 Septembre marqu\u00e9e par les fortes chaleurs ? durables ?\" \/>\n<meta name=\"robots\" content=\"index, follow, max-snippet:-1, max-image-preview:large, max-video-preview:-1\" \/>\n<link rel=\"canonical\" href=\"https:\/\/www.meteolafleche.com\/actualite\/2023\/09\/03\/meteo-semaine-rentree-scolaire-2023-4-au-10-septembre\/\" \/>\n<meta property=\"og:locale\" content=\"fr_FR\" \/>\n<meta property=\"og:type\" content=\"article\" \/>\n<meta property=\"og:title\" content=\"M\u00e9t\u00e9o de la semaine de rentr\u00e9e scolaire 2023 - 4 au 10 Septembre\" \/>\n<meta property=\"og:description\" content=\"La m\u00e9t\u00e9o de la semaine de rentr\u00e9e scolaire 2023 notamment du Lundi 4 au Dimanche 10 Septembre marqu\u00e9e par les fortes chaleurs ? durables ?\" \/>\n<meta property=\"og:url\" content=\"https:\/\/www.meteolafleche.com\/actualite\/2023\/09\/03\/meteo-semaine-rentree-scolaire-2023-4-au-10-septembre\/\" \/>\n<meta property=\"og:site_name\" content=\"M\u00e9t\u00e9olafleche\" \/>\n<meta property=\"article:publisher\" content=\"https:\/\/fr-fr.facebook.com\/Meteolafleche\/\" \/>\n<meta property=\"article:published_time\" content=\"2023-09-03T16:44:43+00:00\" \/>\n<meta property=\"article:modified_time\" content=\"2023-09-03T16:44:45+00:00\" \/>\n<meta property=\"og:image\" content=\"https:\/\/www.meteolafleche.com\/actualite\/wp-content\/uploads\/2023\/09\/230904_temperatures_rentree_scolaire.png\" \/>\n<meta name=\"author\" content=\"M\u00e9t\u00e9olafl\u00e8che\" \/>\n<meta name=\"twitter:card\" content=\"summary_large_image\" \/>\n<meta name=\"twitter:creator\" content=\"@Meteolafleche\" \/>\n<meta name=\"twitter:site\" content=\"@Meteolafleche\" \/>\n<meta name=\"twitter:label1\" content=\"\u00c9crit par\" \/>\n\t<meta name=\"twitter:data1\" content=\"M\u00e9t\u00e9olafl\u00e8che\" \/>\n\t<meta name=\"twitter:label2\" content=\"Dur\u00e9e de lecture estim\u00e9e\" \/>\n\t<meta name=\"twitter:data2\" content=\"3 minutes\" \/>\n<script type=\"application\/ld+json\" class=\"yoast-schema-graph\">{\"@context\":\"https:\\\/\\\/schema.org\",\"@graph\":[{\"@type\":\"Article\",\"@id\":\"https:\\\/\\\/www.meteolafleche.com\\\/actualite\\\/2023\\\/09\\\/03\\\/meteo-semaine-rentree-scolaire-2023-4-au-10-septembre\\\/#article\",\"isPartOf\":{\"@id\":\"https:\\\/\\\/www.meteolafleche.com\\\/actualite\\\/2023\\\/09\\\/03\\\/meteo-semaine-rentree-scolaire-2023-4-au-10-septembre\\\/\"},\"author\":{\"name\":\"M\u00e9t\u00e9olafl\u00e8che\",\"@id\":\"https:\\\/\\\/www.meteolafleche.com\\\/actualite\\\/#\\\/schema\\\/person\\\/a3f335c48c6b0b07b3a7ff55abb5e7a5\"},\"headline\":\"M\u00e9t\u00e9o de la semaine de rentr\u00e9e scolaire 2023 &#8211; du 4 au 10 Septembre 2023\",\"datePublished\":\"2023-09-03T16:44:43+00:00\",\"dateModified\":\"2023-09-03T16:44:45+00:00\",\"mainEntityOfPage\":{\"@id\":\"https:\\\/\\\/www.meteolafleche.com\\\/actualite\\\/2023\\\/09\\\/03\\\/meteo-semaine-rentree-scolaire-2023-4-au-10-septembre\\\/\"},\"wordCount\":285,\"commentCount\":1,\"image\":{\"@id\":\"https:\\\/\\\/www.meteolafleche.com\\\/actualite\\\/2023\\\/09\\\/03\\\/meteo-semaine-rentree-scolaire-2023-4-au-10-septembre\\\/#primaryimage\"},\"thumbnailUrl\":\"https:\\\/\\\/www.meteolafleche.com\\\/actualite\\\/wp-content\\\/uploads\\\/2023\\\/09\\\/230904_temperatures_rentree_scolaire.png\",\"keywords\":[\"10\",\"2023\",\"4\",\"m\u00e9t\u00e9o\",\"Pr\u00e9visions\",\"rentr\u00e9e scolaire\",\"septembre\"],\"articleSection\":[\"Pr\u00e9visions m\u00e9t\u00e9o \u00e0 court terme\"],\"inLanguage\":\"fr-FR\",\"potentialAction\":[{\"@type\":\"CommentAction\",\"name\":\"Comment\",\"target\":[\"https:\\\/\\\/www.meteolafleche.com\\\/actualite\\\/2023\\\/09\\\/03\\\/meteo-semaine-rentree-scolaire-2023-4-au-10-septembre\\\/#respond\"]}]},{\"@type\":\"WebPage\",\"@id\":\"https:\\\/\\\/www.meteolafleche.com\\\/actualite\\\/2023\\\/09\\\/03\\\/meteo-semaine-rentree-scolaire-2023-4-au-10-septembre\\\/\",\"url\":\"https:\\\/\\\/www.meteolafleche.com\\\/actualite\\\/2023\\\/09\\\/03\\\/meteo-semaine-rentree-scolaire-2023-4-au-10-septembre\\\/\",\"name\":\"M\u00e9t\u00e9o de la semaine de rentr\u00e9e scolaire 2023 - 4 au 10 Septembre\",\"isPartOf\":{\"@id\":\"https:\\\/\\\/www.meteolafleche.com\\\/actualite\\\/#website\"},\"primaryImageOfPage\":{\"@id\":\"https:\\\/\\\/www.meteolafleche.com\\\/actualite\\\/2023\\\/09\\\/03\\\/meteo-semaine-rentree-scolaire-2023-4-au-10-septembre\\\/#primaryimage\"},\"image\":{\"@id\":\"https:\\\/\\\/www.meteolafleche.com\\\/actualite\\\/2023\\\/09\\\/03\\\/meteo-semaine-rentree-scolaire-2023-4-au-10-septembre\\\/#primaryimage\"},\"thumbnailUrl\":\"https:\\\/\\\/www.meteolafleche.com\\\/actualite\\\/wp-content\\\/uploads\\\/2023\\\/09\\\/230904_temperatures_rentree_scolaire.png\",\"datePublished\":\"2023-09-03T16:44:43+00:00\",\"dateModified\":\"2023-09-03T16:44:45+00:00\",\"author\":{\"@id\":\"https:\\\/\\\/www.meteolafleche.com\\\/actualite\\\/#\\\/schema\\\/person\\\/a3f335c48c6b0b07b3a7ff55abb5e7a5\"},\"description\":\"La m\u00e9t\u00e9o de la semaine de rentr\u00e9e scolaire 2023 notamment du Lundi 4 au Dimanche 10 Septembre marqu\u00e9e par les fortes chaleurs ? durables ?\",\"breadcrumb\":{\"@id\":\"https:\\\/\\\/www.meteolafleche.com\\\/actualite\\\/2023\\\/09\\\/03\\\/meteo-semaine-rentree-scolaire-2023-4-au-10-septembre\\\/#breadcrumb\"},\"inLanguage\":\"fr-FR\",\"potentialAction\":[{\"@type\":\"ReadAction\",\"target\":[\"https:\\\/\\\/www.meteolafleche.com\\\/actualite\\\/2023\\\/09\\\/03\\\/meteo-semaine-rentree-scolaire-2023-4-au-10-septembre\\\/\"]}]},{\"@type\":\"ImageObject\",\"inLanguage\":\"fr-FR\",\"@id\":\"https:\\\/\\\/www.meteolafleche.com\\\/actualite\\\/2023\\\/09\\\/03\\\/meteo-semaine-rentree-scolaire-2023-4-au-10-septembre\\\/#primaryimage\",\"url\":\"https:\\\/\\\/www.meteolafleche.com\\\/actualite\\\/wp-content\\\/uploads\\\/2023\\\/09\\\/230904_temperatures_rentree_scolaire.png\",\"contentUrl\":\"https:\\\/\\\/www.meteolafleche.com\\\/actualite\\\/wp-content\\\/uploads\\\/2023\\\/09\\\/230904_temperatures_rentree_scolaire.png\"},{\"@type\":\"BreadcrumbList\",\"@id\":\"https:\\\/\\\/www.meteolafleche.com\\\/actualite\\\/2023\\\/09\\\/03\\\/meteo-semaine-rentree-scolaire-2023-4-au-10-septembre\\\/#breadcrumb\",\"itemListElement\":[{\"@type\":\"ListItem\",\"position\":1,\"name\":\"Accueil\",\"item\":\"https:\\\/\\\/www.meteolafleche.com\\\/actualite\\\/\"},{\"@type\":\"ListItem\",\"position\":2,\"name\":\"M\u00e9t\u00e9o de la semaine de rentr\u00e9e scolaire 2023 &#8211; du 4 au 10 Septembre 2023\"}]},{\"@type\":\"WebSite\",\"@id\":\"https:\\\/\\\/www.meteolafleche.com\\\/actualite\\\/#website\",\"url\":\"https:\\\/\\\/www.meteolafleche.com\\\/actualite\\\/\",\"name\":\"M\u00e9t\u00e9olafleche - Blog actualit\u00e9s\",\"description\":\"Actualit\u00e9s m\u00e9t\u00e9o \",\"potentialAction\":[{\"@type\":\"SearchAction\",\"target\":{\"@type\":\"EntryPoint\",\"urlTemplate\":\"https:\\\/\\\/www.meteolafleche.com\\\/actualite\\\/?s={search_term_string}\"},\"query-input\":{\"@type\":\"PropertyValueSpecification\",\"valueRequired\":true,\"valueName\":\"search_term_string\"}}],\"inLanguage\":\"fr-FR\"},{\"@type\":\"Person\",\"@id\":\"https:\\\/\\\/www.meteolafleche.com\\\/actualite\\\/#\\\/schema\\\/person\\\/a3f335c48c6b0b07b3a7ff55abb5e7a5\",\"name\":\"M\u00e9t\u00e9olafl\u00e8che\",\"image\":{\"@type\":\"ImageObject\",\"inLanguage\":\"fr-FR\",\"@id\":\"https:\\\/\\\/secure.gravatar.com\\\/avatar\\\/87018e78a84df868f9910cf7db506cf0e115cd6493382a089a41e0cf87a80762?s=96&d=mm&r=g\",\"url\":\"https:\\\/\\\/secure.gravatar.com\\\/avatar\\\/87018e78a84df868f9910cf7db506cf0e115cd6493382a089a41e0cf87a80762?s=96&d=mm&r=g\",\"contentUrl\":\"https:\\\/\\\/secure.gravatar.com\\\/avatar\\\/87018e78a84df868f9910cf7db506cf0e115cd6493382a089a41e0cf87a80762?s=96&d=mm&r=g\",\"caption\":\"M\u00e9t\u00e9olafl\u00e8che\"},\"sameAs\":[\"http:\\\/\\\/www.meteolafleche.com\\\/actualite\"]}]}<\/script>\n<!-- \/ Yoast SEO plugin. -->","yoast_head_json":{"title":"M\u00e9t\u00e9o de la semaine de rentr\u00e9e scolaire 2023 - 4 au 10 Septembre","description":"La m\u00e9t\u00e9o de la semaine de rentr\u00e9e scolaire 2023 notamment du Lundi 4 au Dimanche 10 Septembre marqu\u00e9e par les fortes chaleurs ? durables ?","robots":{"index":"index","follow":"follow","max-snippet":"max-snippet:-1","max-image-preview":"max-image-preview:large","max-video-preview":"max-video-preview:-1"},"canonical":"https:\/\/www.meteolafleche.com\/actualite\/2023\/09\/03\/meteo-semaine-rentree-scolaire-2023-4-au-10-septembre\/","og_locale":"fr_FR","og_type":"article","og_title":"M\u00e9t\u00e9o de la semaine de rentr\u00e9e scolaire 2023 - 4 au 10 Septembre","og_description":"La m\u00e9t\u00e9o de la semaine de rentr\u00e9e scolaire 2023 notamment du Lundi 4 au Dimanche 10 Septembre marqu\u00e9e par les fortes chaleurs ? durables ?","og_url":"https:\/\/www.meteolafleche.com\/actualite\/2023\/09\/03\/meteo-semaine-rentree-scolaire-2023-4-au-10-septembre\/","og_site_name":"M\u00e9t\u00e9olafleche","article_publisher":"https:\/\/fr-fr.facebook.com\/Meteolafleche\/","article_published_time":"2023-09-03T16:44:43+00:00","article_modified_time":"2023-09-03T16:44:45+00:00","og_image":[{"url":"https:\/\/www.meteolafleche.com\/actualite\/wp-content\/uploads\/2023\/09\/230904_temperatures_rentree_scolaire.png","type":"","width":"","height":""}],"author":"M\u00e9t\u00e9olafl\u00e8che","twitter_card":"summary_large_image","twitter_creator":"@Meteolafleche","twitter_site":"@Meteolafleche","twitter_misc":{"\u00c9crit par":"M\u00e9t\u00e9olafl\u00e8che","Dur\u00e9e de lecture estim\u00e9e":"3 minutes"},"schema":{"@context":"https:\/\/schema.org","@graph":[{"@type":"Article","@id":"https:\/\/www.meteolafleche.com\/actualite\/2023\/09\/03\/meteo-semaine-rentree-scolaire-2023-4-au-10-septembre\/#article","isPartOf":{"@id":"https:\/\/www.meteolafleche.com\/actualite\/2023\/09\/03\/meteo-semaine-rentree-scolaire-2023-4-au-10-septembre\/"},"author":{"name":"M\u00e9t\u00e9olafl\u00e8che","@id":"https:\/\/www.meteolafleche.com\/actualite\/#\/schema\/person\/a3f335c48c6b0b07b3a7ff55abb5e7a5"},"headline":"M\u00e9t\u00e9o de la semaine de rentr\u00e9e scolaire 2023 &#8211; du 4 au 10 Septembre 2023","datePublished":"2023-09-03T16:44:43+00:00","dateModified":"2023-09-03T16:44:45+00:00","mainEntityOfPage":{"@id":"https:\/\/www.meteolafleche.com\/actualite\/2023\/09\/03\/meteo-semaine-rentree-scolaire-2023-4-au-10-septembre\/"},"wordCount":285,"commentCount":1,"image":{"@id":"https:\/\/www.meteolafleche.com\/actualite\/2023\/09\/03\/meteo-semaine-rentree-scolaire-2023-4-au-10-septembre\/#primaryimage"},"thumbnailUrl":"https:\/\/www.meteolafleche.com\/actualite\/wp-content\/uploads\/2023\/09\/230904_temperatures_rentree_scolaire.png","keywords":["10","2023","4","m\u00e9t\u00e9o","Pr\u00e9visions","rentr\u00e9e scolaire","septembre"],"articleSection":["Pr\u00e9visions m\u00e9t\u00e9o \u00e0 court terme"],"inLanguage":"fr-FR","potentialAction":[{"@type":"CommentAction","name":"Comment","target":["https:\/\/www.meteolafleche.com\/actualite\/2023\/09\/03\/meteo-semaine-rentree-scolaire-2023-4-au-10-septembre\/#respond"]}]},{"@type":"WebPage","@id":"https:\/\/www.meteolafleche.com\/actualite\/2023\/09\/03\/meteo-semaine-rentree-scolaire-2023-4-au-10-septembre\/","url":"https:\/\/www.meteolafleche.com\/actualite\/2023\/09\/03\/meteo-semaine-rentree-scolaire-2023-4-au-10-septembre\/","name":"M\u00e9t\u00e9o de la semaine de rentr\u00e9e scolaire 2023 - 4 au 10 Septembre","isPartOf":{"@id":"https:\/\/www.meteolafleche.com\/actualite\/#website"},"primaryImageOfPage":{"@id":"https:\/\/www.meteolafleche.com\/actualite\/2023\/09\/03\/meteo-semaine-rentree-scolaire-2023-4-au-10-septembre\/#primaryimage"},"image":{"@id":"https:\/\/www.meteolafleche.com\/actualite\/2023\/09\/03\/meteo-semaine-rentree-scolaire-2023-4-au-10-septembre\/#primaryimage"},"thumbnailUrl":"https:\/\/www.meteolafleche.com\/actualite\/wp-content\/uploads\/2023\/09\/230904_temperatures_rentree_scolaire.png","datePublished":"2023-09-03T16:44:43+00:00","dateModified":"2023-09-03T16:44:45+00:00","author":{"@id":"https:\/\/www.meteolafleche.com\/actualite\/#\/schema\/person\/a3f335c48c6b0b07b3a7ff55abb5e7a5"},"description":"La m\u00e9t\u00e9o de la semaine de rentr\u00e9e scolaire 2023 notamment du Lundi 4 au Dimanche 10 Septembre marqu\u00e9e par les fortes chaleurs ? durables ?","breadcrumb":{"@id":"https:\/\/www.meteolafleche.com\/actualite\/2023\/09\/03\/meteo-semaine-rentree-scolaire-2023-4-au-10-septembre\/#breadcrumb"},"inLanguage":"fr-FR","potentialAction":[{"@type":"ReadAction","target":["https:\/\/www.meteolafleche.com\/actualite\/2023\/09\/03\/meteo-semaine-rentree-scolaire-2023-4-au-10-septembre\/"]}]},{"@type":"ImageObject","inLanguage":"fr-FR","@id":"https:\/\/www.meteolafleche.com\/actualite\/2023\/09\/03\/meteo-semaine-rentree-scolaire-2023-4-au-10-septembre\/#primaryimage","url":"https:\/\/www.meteolafleche.com\/actualite\/wp-content\/uploads\/2023\/09\/230904_temperatures_rentree_scolaire.png","contentUrl":"https:\/\/www.meteolafleche.com\/actualite\/wp-content\/uploads\/2023\/09\/230904_temperatures_rentree_scolaire.png"},{"@type":"BreadcrumbList","@id":"https:\/\/www.meteolafleche.com\/actualite\/2023\/09\/03\/meteo-semaine-rentree-scolaire-2023-4-au-10-septembre\/#breadcrumb","itemListElement":[{"@type":"ListItem","position":1,"name":"Accueil","item":"https:\/\/www.meteolafleche.com\/actualite\/"},{"@type":"ListItem","position":2,"name":"M\u00e9t\u00e9o de la semaine de rentr\u00e9e scolaire 2023 &#8211; du 4 au 10 Septembre 2023"}]},{"@type":"WebSite","@id":"https:\/\/www.meteolafleche.com\/actualite\/#website","url":"https:\/\/www.meteolafleche.com\/actualite\/","name":"M\u00e9t\u00e9olafleche - Blog actualit\u00e9s","description":"Actualit\u00e9s m\u00e9t\u00e9o ","potentialAction":[{"@type":"SearchAction","target":{"@type":"EntryPoint","urlTemplate":"https:\/\/www.meteolafleche.com\/actualite\/?s={search_term_string}"},"query-input":{"@type":"PropertyValueSpecification","valueRequired":true,"valueName":"search_term_string"}}],"inLanguage":"fr-FR"},{"@type":"Person","@id":"https:\/\/www.meteolafleche.com\/actualite\/#\/schema\/person\/a3f335c48c6b0b07b3a7ff55abb5e7a5","name":"M\u00e9t\u00e9olafl\u00e8che","image":{"@type":"ImageObject","inLanguage":"fr-FR","@id":"https:\/\/secure.gravatar.com\/avatar\/87018e78a84df868f9910cf7db506cf0e115cd6493382a089a41e0cf87a80762?s=96&d=mm&r=g","url":"https:\/\/secure.gravatar.com\/avatar\/87018e78a84df868f9910cf7db506cf0e115cd6493382a089a41e0cf87a80762?s=96&d=mm&r=g","contentUrl":"https:\/\/secure.gravatar.com\/avatar\/87018e78a84df868f9910cf7db506cf0e115cd6493382a089a41e0cf87a80762?s=96&d=mm&r=g","caption":"M\u00e9t\u00e9olafl\u00e8che"},"sameAs":["http:\/\/www.meteolafleche.com\/actualite"]}]}},"_links":{"self":[{"href":"https:\/\/www.meteolafleche.com\/actualite\/wp-json\/wp\/v2\/posts\/997","targetHints":{"allow":["GET"]}}],"collection":[{"href":"https:\/\/www.meteolafleche.com\/actualite\/wp-json\/wp\/v2\/posts"}],"about":[{"href":"https:\/\/www.meteolafleche.com\/actualite\/wp-json\/wp\/v2\/types\/post"}],"author":[{"embeddable":true,"href":"https:\/\/www.meteolafleche.com\/actualite\/wp-json\/wp\/v2\/users\/1"}],"replies":[{"embeddable":true,"href":"https:\/\/www.meteolafleche.com\/actualite\/wp-json\/wp\/v2\/comments?post=997"}],"version-history":[{"count":1,"href":"https:\/\/www.meteolafleche.com\/actualite\/wp-json\/wp\/v2\/posts\/997\/revisions"}],"predecessor-version":[{"id":1006,"href":"https:\/\/www.meteolafleche.com\/actualite\/wp-json\/wp\/v2\/posts\/997\/revisions\/1006"}],"wp:attachment":[{"href":"https:\/\/www.meteolafleche.com\/actualite\/wp-json\/wp\/v2\/media?parent=997"}],"wp:term":[{"taxonomy":"category","embeddable":true,"href":"https:\/\/www.meteolafleche.com\/actualite\/wp-json\/wp\/v2\/categories?post=997"},{"taxonomy":"post_tag","embeddable":true,"href":"https:\/\/www.meteolafleche.com\/actualite\/wp-json\/wp\/v2\/tags?post=997"}],"curies":[{"name":"wp","href":"https:\/\/api.w.org\/{rel}","templated":true}]}}