{"id":935,"date":"2023-05-26T11:02:00","date_gmt":"2023-05-26T09:02:00","guid":{"rendered":"https:\/\/www.meteolafleche.com\/actualite\/?p=935"},"modified":"2023-05-24T09:12:27","modified_gmt":"2023-05-24T07:12:27","slug":"meteo-du-19-au-28-mai-2023-pentecote","status":"publish","type":"post","link":"https:\/\/www.meteolafleche.com\/actualite\/2023\/05\/26\/meteo-du-19-au-28-mai-2023-pentecote\/","title":{"rendered":"M\u00e9t\u00e9o du 19 au 28 Mai 2023 Pentec\u00f4te"},"content":{"rendered":"<div id=\"meteo-1151822804\" class=\"meteo-avant-contenu meteo-entity-placement\"><script async src=\"\/\/pagead2.googlesyndication.com\/pagead\/js\/adsbygoogle.js?client=ca-pub-0501790310760996\" crossorigin=\"anonymous\"><\/script><ins class=\"adsbygoogle\" style=\"display:block;\" data-ad-client=\"ca-pub-0501790310760996\" \ndata-ad-slot=\"9802369648\" \ndata-ad-format=\"auto\"><\/ins>\n<script> \n(adsbygoogle = window.adsbygoogle || []).push({}); \n<\/script>\n<\/div>\n<p>Vers un changement de temps par rapport \u00e0 la p\u00e9riode pr\u00e9c\u00e9dente <a href=\"https:\/\/www.meteolafleche.com\/actualite\/2023\/05\/12\/meteo-du-12-au-21-mai-2023-ascension\/\">https:\/\/www.meteolafleche.com\/actualite\/2023\/05\/12\/meteo-du-12-au-21-mai-2023-ascension\/<\/a><\/p>\n\n\n\n<figure class=\"wp-block-gallery has-nested-images columns-default is-cropped wp-block-gallery-1 is-layout-flex wp-block-gallery-is-layout-flex\">\n<figure class=\"wp-block-image size-large\"><img loading=\"lazy\" decoding=\"async\" width=\"600\" height=\"502\" data-id=\"936\" src=\"https:\/\/www.meteolafleche.com\/actualite\/wp-content\/uploads\/2023\/05\/230523_meteo_france.png\" alt=\"M\u00e9t\u00e9o 23 Mai 2023 France\" class=\"wp-image-936\" srcset=\"https:\/\/www.meteolafleche.com\/actualite\/wp-content\/uploads\/2023\/05\/230523_meteo_france.png 600w, https:\/\/www.meteolafleche.com\/actualite\/wp-content\/uploads\/2023\/05\/230523_meteo_france-300x251.png 300w\" sizes=\"auto, (max-width: 600px) 100vw, 600px\" \/><\/figure>\n<\/figure>\n\n\n\n<p>Les basses pressions prendraient le pouvoir sur le Portugal et sur l&rsquo;Espagne ; le flux tendrait alors plus vers de l&rsquo;Est-Sud-Est ; il advecterait de l&rsquo;air de plus en plus chaud et instable.<\/p>\n\n\n\n<p>Le risque orageux cantonn\u00e9 au Sud-Ouest tendrait \u00e0 se g\u00e9n\u00e9raliser.<\/p>\n\n\n\n<figure class=\"wp-block-gallery has-nested-images columns-default is-cropped wp-block-gallery-2 is-layout-flex wp-block-gallery-is-layout-flex\">\n<figure class=\"wp-block-image size-large\"><img loading=\"lazy\" decoding=\"async\" width=\"600\" height=\"502\" data-id=\"937\" src=\"https:\/\/www.meteolafleche.com\/actualite\/wp-content\/uploads\/2023\/05\/230528_meteo_france.png\" alt=\"M\u00e9t\u00e9o 28 Mai 2023 Pentec\u00f4te\" class=\"wp-image-937\" srcset=\"https:\/\/www.meteolafleche.com\/actualite\/wp-content\/uploads\/2023\/05\/230528_meteo_france.png 600w, https:\/\/www.meteolafleche.com\/actualite\/wp-content\/uploads\/2023\/05\/230528_meteo_france-300x251.png 300w\" sizes=\"auto, (max-width: 600px) 100vw, 600px\" \/><\/figure>\n<\/figure>\n\n\n\n<p>Vers un week-end de la Pentec\u00f4te des plus ex\u00e9crables ?<\/p>\n\n\n\n<p>La pression atmosph\u00e9rique moyenne diminuerait sur l&rsquo;Ouest du Royaume Uni puis vers la Scandinavie.<\/p>\n\n\n\n<p>Cette situation aboutirait \u00e0 une bascule du flux plus au Sud-Ouest voire m\u00eame \u00e0 l&rsquo;Ouest en fin de week-end prolong\u00e9.<\/p>\n\n\n\n<p>Les temp\u00e9ratures continueraient de grimper sur le Sud et l&rsquo;Est ; le pourtour m\u00e9diterran\u00e9en pourrait retrouver un temps sec \u00e0 la faveur de ce flux.<\/p>\n\n\n\n<p>Quoi qu&rsquo;il en soit, les orages en Mai sont souvent assez violents comme il y a un an tout juste <a href=\"https:\/\/www.youtube.com\/watch?v=TPFuOMYtWwk&amp;t=265s\">https:\/\/www.youtube.com\/watch?v=TPFuOMYtWwk&amp;t=265s<\/a><\/p>\n<div id=\"meteo-682392053\" class=\"meteo-apres-le-contenu meteo-entity-placement\"><script async src=\"\/\/pagead2.googlesyndication.com\/pagead\/js\/adsbygoogle.js?client=ca-pub-0501790310760996\" crossorigin=\"anonymous\"><\/script><ins class=\"adsbygoogle\" style=\"display:block;\" data-ad-client=\"ca-pub-0501790310760996\" \ndata-ad-slot=\"7540452242\" \ndata-ad-format=\"auto\"><\/ins>\n<script> \n(adsbygoogle = window.adsbygoogle || []).push({}); \n<\/script>\n<\/div>","protected":false},"excerpt":{"rendered":"<p>Vers un changement de temps par rapport \u00e0 la p\u00e9riode pr\u00e9c\u00e9dente https:\/\/www.meteolafleche.com\/actualite\/2023\/05\/12\/meteo-du-12-au-21-mai-2023-ascension\/ Les basses pressions prendraient le pouvoir sur le Portugal et sur l&rsquo;Espagne ; le flux tendrait alors plus vers de l&rsquo;Est-Sud-Est ; il advecterait de l&rsquo;air de plus en plus chaud et instable. Le risque orageux cantonn\u00e9 au Sud-Ouest tendrait \u00e0 se g\u00e9n\u00e9raliser. [&hellip;]<\/p>\n","protected":false},"author":1,"featured_media":0,"comment_status":"open","ping_status":"open","sticky":false,"template":"","format":"standard","meta":{"footnotes":""},"categories":[1],"tags":[79,137,30,87,17,98,139,16],"class_list":["post-935","post","type-post","status-publish","format-standard","hentry","category-tendance-meteo-a-long-terme","tag-79","tag-137","tag-30","tag-mai","tag-meteo","tag-orages","tag-pentecote-2","tag-previsions"],"yoast_head":"<!-- This site is optimized with the Yoast SEO plugin v27.5 - https:\/\/yoast.com\/product\/yoast-seo-wordpress\/ -->\n<title>Toute la m\u00e9t\u00e9o du 19 au 28 Mai 2023 Pentec\u00f4te orageuse<\/title>\n<meta name=\"description\" content=\"Les tendances m\u00e9t\u00e9o pour la p\u00e9riode du 19 au 28 Mai 2023 marqu\u00e9e par la Pentec\u00f4te et les orages ? ou vers un temps anticyclonique ?\" \/>\n<meta name=\"robots\" content=\"index, follow, max-snippet:-1, max-image-preview:large, max-video-preview:-1\" \/>\n<link rel=\"canonical\" href=\"https:\/\/www.meteolafleche.com\/actualite\/2023\/05\/26\/meteo-du-19-au-28-mai-2023-pentecote\/\" \/>\n<meta property=\"og:locale\" content=\"fr_FR\" \/>\n<meta property=\"og:type\" content=\"article\" \/>\n<meta property=\"og:title\" content=\"Toute la m\u00e9t\u00e9o du 19 au 28 Mai 2023 Pentec\u00f4te orageuse\" \/>\n<meta property=\"og:description\" content=\"Les tendances m\u00e9t\u00e9o pour la p\u00e9riode du 19 au 28 Mai 2023 marqu\u00e9e par la Pentec\u00f4te et les orages ? ou vers un temps anticyclonique ?\" \/>\n<meta property=\"og:url\" content=\"https:\/\/www.meteolafleche.com\/actualite\/2023\/05\/26\/meteo-du-19-au-28-mai-2023-pentecote\/\" \/>\n<meta property=\"og:site_name\" content=\"M\u00e9t\u00e9olafleche\" \/>\n<meta property=\"article:publisher\" content=\"https:\/\/fr-fr.facebook.com\/Meteolafleche\/\" \/>\n<meta property=\"article:published_time\" content=\"2023-05-26T09:02:00+00:00\" \/>\n<meta property=\"og:image\" content=\"https:\/\/www.meteolafleche.com\/actualite\/wp-content\/uploads\/2023\/05\/230523_meteo_france.png\" \/>\n<meta name=\"author\" content=\"M\u00e9t\u00e9olafl\u00e8che\" \/>\n<meta name=\"twitter:card\" content=\"summary_large_image\" \/>\n<meta name=\"twitter:creator\" content=\"@Meteolafleche\" \/>\n<meta name=\"twitter:site\" content=\"@Meteolafleche\" \/>\n<meta name=\"twitter:label1\" content=\"\u00c9crit par\" \/>\n\t<meta name=\"twitter:data1\" content=\"M\u00e9t\u00e9olafl\u00e8che\" \/>\n\t<meta name=\"twitter:label2\" content=\"Dur\u00e9e de lecture estim\u00e9e\" \/>\n\t<meta name=\"twitter:data2\" content=\"2 minutes\" \/>\n<script type=\"application\/ld+json\" class=\"yoast-schema-graph\">{\"@context\":\"https:\\\/\\\/schema.org\",\"@graph\":[{\"@type\":\"Article\",\"@id\":\"https:\\\/\\\/www.meteolafleche.com\\\/actualite\\\/2023\\\/05\\\/26\\\/meteo-du-19-au-28-mai-2023-pentecote\\\/#article\",\"isPartOf\":{\"@id\":\"https:\\\/\\\/www.meteolafleche.com\\\/actualite\\\/2023\\\/05\\\/26\\\/meteo-du-19-au-28-mai-2023-pentecote\\\/\"},\"author\":{\"name\":\"M\u00e9t\u00e9olafl\u00e8che\",\"@id\":\"https:\\\/\\\/www.meteolafleche.com\\\/actualite\\\/#\\\/schema\\\/person\\\/a3f335c48c6b0b07b3a7ff55abb5e7a5\"},\"headline\":\"M\u00e9t\u00e9o du 19 au 28 Mai 2023 Pentec\u00f4te\",\"datePublished\":\"2023-05-26T09:02:00+00:00\",\"mainEntityOfPage\":{\"@id\":\"https:\\\/\\\/www.meteolafleche.com\\\/actualite\\\/2023\\\/05\\\/26\\\/meteo-du-19-au-28-mai-2023-pentecote\\\/\"},\"wordCount\":173,\"commentCount\":1,\"image\":{\"@id\":\"https:\\\/\\\/www.meteolafleche.com\\\/actualite\\\/2023\\\/05\\\/26\\\/meteo-du-19-au-28-mai-2023-pentecote\\\/#primaryimage\"},\"thumbnailUrl\":\"https:\\\/\\\/www.meteolafleche.com\\\/actualite\\\/wp-content\\\/uploads\\\/2023\\\/05\\\/230523_meteo_france.png\",\"keywords\":[\"19\",\"2023\",\"28\",\"mai\",\"m\u00e9t\u00e9o\",\"orages\",\"Pentec\u00f4te\",\"Pr\u00e9visions\"],\"articleSection\":[\"Tendance m\u00e9t\u00e9o \u00e0 long terme\"],\"inLanguage\":\"fr-FR\",\"potentialAction\":[{\"@type\":\"CommentAction\",\"name\":\"Comment\",\"target\":[\"https:\\\/\\\/www.meteolafleche.com\\\/actualite\\\/2023\\\/05\\\/26\\\/meteo-du-19-au-28-mai-2023-pentecote\\\/#respond\"]}]},{\"@type\":\"WebPage\",\"@id\":\"https:\\\/\\\/www.meteolafleche.com\\\/actualite\\\/2023\\\/05\\\/26\\\/meteo-du-19-au-28-mai-2023-pentecote\\\/\",\"url\":\"https:\\\/\\\/www.meteolafleche.com\\\/actualite\\\/2023\\\/05\\\/26\\\/meteo-du-19-au-28-mai-2023-pentecote\\\/\",\"name\":\"Toute la m\u00e9t\u00e9o du 19 au 28 Mai 2023 Pentec\u00f4te orageuse\",\"isPartOf\":{\"@id\":\"https:\\\/\\\/www.meteolafleche.com\\\/actualite\\\/#website\"},\"primaryImageOfPage\":{\"@id\":\"https:\\\/\\\/www.meteolafleche.com\\\/actualite\\\/2023\\\/05\\\/26\\\/meteo-du-19-au-28-mai-2023-pentecote\\\/#primaryimage\"},\"image\":{\"@id\":\"https:\\\/\\\/www.meteolafleche.com\\\/actualite\\\/2023\\\/05\\\/26\\\/meteo-du-19-au-28-mai-2023-pentecote\\\/#primaryimage\"},\"thumbnailUrl\":\"https:\\\/\\\/www.meteolafleche.com\\\/actualite\\\/wp-content\\\/uploads\\\/2023\\\/05\\\/230523_meteo_france.png\",\"datePublished\":\"2023-05-26T09:02:00+00:00\",\"author\":{\"@id\":\"https:\\\/\\\/www.meteolafleche.com\\\/actualite\\\/#\\\/schema\\\/person\\\/a3f335c48c6b0b07b3a7ff55abb5e7a5\"},\"description\":\"Les tendances m\u00e9t\u00e9o pour la p\u00e9riode du 19 au 28 Mai 2023 marqu\u00e9e par la Pentec\u00f4te et les orages ? ou vers un temps anticyclonique ?\",\"breadcrumb\":{\"@id\":\"https:\\\/\\\/www.meteolafleche.com\\\/actualite\\\/2023\\\/05\\\/26\\\/meteo-du-19-au-28-mai-2023-pentecote\\\/#breadcrumb\"},\"inLanguage\":\"fr-FR\",\"potentialAction\":[{\"@type\":\"ReadAction\",\"target\":[\"https:\\\/\\\/www.meteolafleche.com\\\/actualite\\\/2023\\\/05\\\/26\\\/meteo-du-19-au-28-mai-2023-pentecote\\\/\"]}]},{\"@type\":\"ImageObject\",\"inLanguage\":\"fr-FR\",\"@id\":\"https:\\\/\\\/www.meteolafleche.com\\\/actualite\\\/2023\\\/05\\\/26\\\/meteo-du-19-au-28-mai-2023-pentecote\\\/#primaryimage\",\"url\":\"https:\\\/\\\/www.meteolafleche.com\\\/actualite\\\/wp-content\\\/uploads\\\/2023\\\/05\\\/230523_meteo_france.png\",\"contentUrl\":\"https:\\\/\\\/www.meteolafleche.com\\\/actualite\\\/wp-content\\\/uploads\\\/2023\\\/05\\\/230523_meteo_france.png\"},{\"@type\":\"BreadcrumbList\",\"@id\":\"https:\\\/\\\/www.meteolafleche.com\\\/actualite\\\/2023\\\/05\\\/26\\\/meteo-du-19-au-28-mai-2023-pentecote\\\/#breadcrumb\",\"itemListElement\":[{\"@type\":\"ListItem\",\"position\":1,\"name\":\"Accueil\",\"item\":\"https:\\\/\\\/www.meteolafleche.com\\\/actualite\\\/\"},{\"@type\":\"ListItem\",\"position\":2,\"name\":\"M\u00e9t\u00e9o du 19 au 28 Mai 2023 Pentec\u00f4te\"}]},{\"@type\":\"WebSite\",\"@id\":\"https:\\\/\\\/www.meteolafleche.com\\\/actualite\\\/#website\",\"url\":\"https:\\\/\\\/www.meteolafleche.com\\\/actualite\\\/\",\"name\":\"M\u00e9t\u00e9olafleche - Blog actualit\u00e9s\",\"description\":\"Actualit\u00e9s m\u00e9t\u00e9o \",\"potentialAction\":[{\"@type\":\"SearchAction\",\"target\":{\"@type\":\"EntryPoint\",\"urlTemplate\":\"https:\\\/\\\/www.meteolafleche.com\\\/actualite\\\/?s={search_term_string}\"},\"query-input\":{\"@type\":\"PropertyValueSpecification\",\"valueRequired\":true,\"valueName\":\"search_term_string\"}}],\"inLanguage\":\"fr-FR\"},{\"@type\":\"Person\",\"@id\":\"https:\\\/\\\/www.meteolafleche.com\\\/actualite\\\/#\\\/schema\\\/person\\\/a3f335c48c6b0b07b3a7ff55abb5e7a5\",\"name\":\"M\u00e9t\u00e9olafl\u00e8che\",\"image\":{\"@type\":\"ImageObject\",\"inLanguage\":\"fr-FR\",\"@id\":\"https:\\\/\\\/secure.gravatar.com\\\/avatar\\\/87018e78a84df868f9910cf7db506cf0e115cd6493382a089a41e0cf87a80762?s=96&d=mm&r=g\",\"url\":\"https:\\\/\\\/secure.gravatar.com\\\/avatar\\\/87018e78a84df868f9910cf7db506cf0e115cd6493382a089a41e0cf87a80762?s=96&d=mm&r=g\",\"contentUrl\":\"https:\\\/\\\/secure.gravatar.com\\\/avatar\\\/87018e78a84df868f9910cf7db506cf0e115cd6493382a089a41e0cf87a80762?s=96&d=mm&r=g\",\"caption\":\"M\u00e9t\u00e9olafl\u00e8che\"},\"sameAs\":[\"http:\\\/\\\/www.meteolafleche.com\\\/actualite\"]}]}<\/script>\n<!-- \/ Yoast SEO plugin. -->","yoast_head_json":{"title":"Toute la m\u00e9t\u00e9o du 19 au 28 Mai 2023 Pentec\u00f4te orageuse","description":"Les tendances m\u00e9t\u00e9o pour la p\u00e9riode du 19 au 28 Mai 2023 marqu\u00e9e par la Pentec\u00f4te et les orages ? ou vers un temps anticyclonique ?","robots":{"index":"index","follow":"follow","max-snippet":"max-snippet:-1","max-image-preview":"max-image-preview:large","max-video-preview":"max-video-preview:-1"},"canonical":"https:\/\/www.meteolafleche.com\/actualite\/2023\/05\/26\/meteo-du-19-au-28-mai-2023-pentecote\/","og_locale":"fr_FR","og_type":"article","og_title":"Toute la m\u00e9t\u00e9o du 19 au 28 Mai 2023 Pentec\u00f4te orageuse","og_description":"Les tendances m\u00e9t\u00e9o pour la p\u00e9riode du 19 au 28 Mai 2023 marqu\u00e9e par la Pentec\u00f4te et les orages ? ou vers un temps anticyclonique ?","og_url":"https:\/\/www.meteolafleche.com\/actualite\/2023\/05\/26\/meteo-du-19-au-28-mai-2023-pentecote\/","og_site_name":"M\u00e9t\u00e9olafleche","article_publisher":"https:\/\/fr-fr.facebook.com\/Meteolafleche\/","article_published_time":"2023-05-26T09:02:00+00:00","og_image":[{"url":"https:\/\/www.meteolafleche.com\/actualite\/wp-content\/uploads\/2023\/05\/230523_meteo_france.png","type":"","width":"","height":""}],"author":"M\u00e9t\u00e9olafl\u00e8che","twitter_card":"summary_large_image","twitter_creator":"@Meteolafleche","twitter_site":"@Meteolafleche","twitter_misc":{"\u00c9crit par":"M\u00e9t\u00e9olafl\u00e8che","Dur\u00e9e de lecture estim\u00e9e":"2 minutes"},"schema":{"@context":"https:\/\/schema.org","@graph":[{"@type":"Article","@id":"https:\/\/www.meteolafleche.com\/actualite\/2023\/05\/26\/meteo-du-19-au-28-mai-2023-pentecote\/#article","isPartOf":{"@id":"https:\/\/www.meteolafleche.com\/actualite\/2023\/05\/26\/meteo-du-19-au-28-mai-2023-pentecote\/"},"author":{"name":"M\u00e9t\u00e9olafl\u00e8che","@id":"https:\/\/www.meteolafleche.com\/actualite\/#\/schema\/person\/a3f335c48c6b0b07b3a7ff55abb5e7a5"},"headline":"M\u00e9t\u00e9o du 19 au 28 Mai 2023 Pentec\u00f4te","datePublished":"2023-05-26T09:02:00+00:00","mainEntityOfPage":{"@id":"https:\/\/www.meteolafleche.com\/actualite\/2023\/05\/26\/meteo-du-19-au-28-mai-2023-pentecote\/"},"wordCount":173,"commentCount":1,"image":{"@id":"https:\/\/www.meteolafleche.com\/actualite\/2023\/05\/26\/meteo-du-19-au-28-mai-2023-pentecote\/#primaryimage"},"thumbnailUrl":"https:\/\/www.meteolafleche.com\/actualite\/wp-content\/uploads\/2023\/05\/230523_meteo_france.png","keywords":["19","2023","28","mai","m\u00e9t\u00e9o","orages","Pentec\u00f4te","Pr\u00e9visions"],"articleSection":["Tendance m\u00e9t\u00e9o \u00e0 long terme"],"inLanguage":"fr-FR","potentialAction":[{"@type":"CommentAction","name":"Comment","target":["https:\/\/www.meteolafleche.com\/actualite\/2023\/05\/26\/meteo-du-19-au-28-mai-2023-pentecote\/#respond"]}]},{"@type":"WebPage","@id":"https:\/\/www.meteolafleche.com\/actualite\/2023\/05\/26\/meteo-du-19-au-28-mai-2023-pentecote\/","url":"https:\/\/www.meteolafleche.com\/actualite\/2023\/05\/26\/meteo-du-19-au-28-mai-2023-pentecote\/","name":"Toute la m\u00e9t\u00e9o du 19 au 28 Mai 2023 Pentec\u00f4te orageuse","isPartOf":{"@id":"https:\/\/www.meteolafleche.com\/actualite\/#website"},"primaryImageOfPage":{"@id":"https:\/\/www.meteolafleche.com\/actualite\/2023\/05\/26\/meteo-du-19-au-28-mai-2023-pentecote\/#primaryimage"},"image":{"@id":"https:\/\/www.meteolafleche.com\/actualite\/2023\/05\/26\/meteo-du-19-au-28-mai-2023-pentecote\/#primaryimage"},"thumbnailUrl":"https:\/\/www.meteolafleche.com\/actualite\/wp-content\/uploads\/2023\/05\/230523_meteo_france.png","datePublished":"2023-05-26T09:02:00+00:00","author":{"@id":"https:\/\/www.meteolafleche.com\/actualite\/#\/schema\/person\/a3f335c48c6b0b07b3a7ff55abb5e7a5"},"description":"Les tendances m\u00e9t\u00e9o pour la p\u00e9riode du 19 au 28 Mai 2023 marqu\u00e9e par la Pentec\u00f4te et les orages ? ou vers un temps anticyclonique ?","breadcrumb":{"@id":"https:\/\/www.meteolafleche.com\/actualite\/2023\/05\/26\/meteo-du-19-au-28-mai-2023-pentecote\/#breadcrumb"},"inLanguage":"fr-FR","potentialAction":[{"@type":"ReadAction","target":["https:\/\/www.meteolafleche.com\/actualite\/2023\/05\/26\/meteo-du-19-au-28-mai-2023-pentecote\/"]}]},{"@type":"ImageObject","inLanguage":"fr-FR","@id":"https:\/\/www.meteolafleche.com\/actualite\/2023\/05\/26\/meteo-du-19-au-28-mai-2023-pentecote\/#primaryimage","url":"https:\/\/www.meteolafleche.com\/actualite\/wp-content\/uploads\/2023\/05\/230523_meteo_france.png","contentUrl":"https:\/\/www.meteolafleche.com\/actualite\/wp-content\/uploads\/2023\/05\/230523_meteo_france.png"},{"@type":"BreadcrumbList","@id":"https:\/\/www.meteolafleche.com\/actualite\/2023\/05\/26\/meteo-du-19-au-28-mai-2023-pentecote\/#breadcrumb","itemListElement":[{"@type":"ListItem","position":1,"name":"Accueil","item":"https:\/\/www.meteolafleche.com\/actualite\/"},{"@type":"ListItem","position":2,"name":"M\u00e9t\u00e9o du 19 au 28 Mai 2023 Pentec\u00f4te"}]},{"@type":"WebSite","@id":"https:\/\/www.meteolafleche.com\/actualite\/#website","url":"https:\/\/www.meteolafleche.com\/actualite\/","name":"M\u00e9t\u00e9olafleche - Blog actualit\u00e9s","description":"Actualit\u00e9s m\u00e9t\u00e9o ","potentialAction":[{"@type":"SearchAction","target":{"@type":"EntryPoint","urlTemplate":"https:\/\/www.meteolafleche.com\/actualite\/?s={search_term_string}"},"query-input":{"@type":"PropertyValueSpecification","valueRequired":true,"valueName":"search_term_string"}}],"inLanguage":"fr-FR"},{"@type":"Person","@id":"https:\/\/www.meteolafleche.com\/actualite\/#\/schema\/person\/a3f335c48c6b0b07b3a7ff55abb5e7a5","name":"M\u00e9t\u00e9olafl\u00e8che","image":{"@type":"ImageObject","inLanguage":"fr-FR","@id":"https:\/\/secure.gravatar.com\/avatar\/87018e78a84df868f9910cf7db506cf0e115cd6493382a089a41e0cf87a80762?s=96&d=mm&r=g","url":"https:\/\/secure.gravatar.com\/avatar\/87018e78a84df868f9910cf7db506cf0e115cd6493382a089a41e0cf87a80762?s=96&d=mm&r=g","contentUrl":"https:\/\/secure.gravatar.com\/avatar\/87018e78a84df868f9910cf7db506cf0e115cd6493382a089a41e0cf87a80762?s=96&d=mm&r=g","caption":"M\u00e9t\u00e9olafl\u00e8che"},"sameAs":["http:\/\/www.meteolafleche.com\/actualite"]}]}},"_links":{"self":[{"href":"https:\/\/www.meteolafleche.com\/actualite\/wp-json\/wp\/v2\/posts\/935","targetHints":{"allow":["GET"]}}],"collection":[{"href":"https:\/\/www.meteolafleche.com\/actualite\/wp-json\/wp\/v2\/posts"}],"about":[{"href":"https:\/\/www.meteolafleche.com\/actualite\/wp-json\/wp\/v2\/types\/post"}],"author":[{"embeddable":true,"href":"https:\/\/www.meteolafleche.com\/actualite\/wp-json\/wp\/v2\/users\/1"}],"replies":[{"embeddable":true,"href":"https:\/\/www.meteolafleche.com\/actualite\/wp-json\/wp\/v2\/comments?post=935"}],"version-history":[{"count":1,"href":"https:\/\/www.meteolafleche.com\/actualite\/wp-json\/wp\/v2\/posts\/935\/revisions"}],"predecessor-version":[{"id":938,"href":"https:\/\/www.meteolafleche.com\/actualite\/wp-json\/wp\/v2\/posts\/935\/revisions\/938"}],"wp:attachment":[{"href":"https:\/\/www.meteolafleche.com\/actualite\/wp-json\/wp\/v2\/media?parent=935"}],"wp:term":[{"taxonomy":"category","embeddable":true,"href":"https:\/\/www.meteolafleche.com\/actualite\/wp-json\/wp\/v2\/categories?post=935"},{"taxonomy":"post_tag","embeddable":true,"href":"https:\/\/www.meteolafleche.com\/actualite\/wp-json\/wp\/v2\/tags?post=935"}],"curies":[{"name":"wp","href":"https:\/\/api.w.org\/{rel}","templated":true}]}}