{"id":930,"date":"2023-05-12T12:05:00","date_gmt":"2023-05-12T10:05:00","guid":{"rendered":"http:\/\/www.meteolafleche.com\/actualite\/?p=930"},"modified":"2023-05-09T13:12:49","modified_gmt":"2023-05-09T11:12:49","slug":"meteo-du-12-au-21-mai-2023-ascension","status":"publish","type":"post","link":"https:\/\/www.meteolafleche.com\/actualite\/2023\/05\/12\/meteo-du-12-au-21-mai-2023-ascension\/","title":{"rendered":"M\u00e9t\u00e9o du 12 au 21 Mai 2023 Ascension"},"content":{"rendered":"<div id=\"meteo-3560620486\" class=\"meteo-avant-contenu meteo-entity-placement\"><script async src=\"\/\/pagead2.googlesyndication.com\/pagead\/js\/adsbygoogle.js?client=ca-pub-0501790310760996\" crossorigin=\"anonymous\"><\/script><ins class=\"adsbygoogle\" style=\"display:block;\" data-ad-client=\"ca-pub-0501790310760996\" \ndata-ad-slot=\"9802369648\" \ndata-ad-format=\"auto\"><\/ins>\n<script> \n(adsbygoogle = window.adsbygoogle || []).push({}); \n<\/script>\n<\/div>\n<p>Le temps serait toujours orient\u00e9 \u00e0 l&rsquo;humidit\u00e9 <a href=\"http:\/\/www.meteolafleche.com\/actualite\/2023\/05\/05\/meteo-du-5-au-14-mai-2023-humidite\/\">http:\/\/www.meteolafleche.com\/actualite\/2023\/05\/05\/meteo-du-5-au-14-mai-2023-humidite\/<\/a><\/p>\n\n\n\n<figure class=\"wp-block-image size-full\"><img loading=\"lazy\" decoding=\"async\" width=\"600\" height=\"502\" src=\"http:\/\/www.meteolafleche.com\/actualite\/wp-content\/uploads\/2023\/05\/230516_meteo_france.png\" alt=\"M\u00e9t\u00e9o 16 Mai 2023 France\" class=\"wp-image-931\" srcset=\"https:\/\/www.meteolafleche.com\/actualite\/wp-content\/uploads\/2023\/05\/230516_meteo_france.png 600w, https:\/\/www.meteolafleche.com\/actualite\/wp-content\/uploads\/2023\/05\/230516_meteo_france-300x251.png 300w\" sizes=\"auto, (max-width: 600px) 100vw, 600px\" \/><\/figure>\n\n\n\n<p>Un courant d&rsquo;Ouest \u00e0 Nord-Ouest se maintiendrait au moins le week-end avec de fr\u00e9quentes averses.<\/p>\n\n\n\n<p>Seules les r\u00e9gions bordant la Mer M\u00e9diterran\u00e9e seraient \u00e9pargn\u00e9es par les intemp\u00e9ries.<\/p>\n\n\n\n<figure class=\"wp-block-image size-full\"><img loading=\"lazy\" decoding=\"async\" width=\"600\" height=\"502\" src=\"http:\/\/www.meteolafleche.com\/actualite\/wp-content\/uploads\/2023\/05\/230521_meteo_france.png\" alt=\"M\u00e9t\u00e9o 21 Mai 2023 Ascension\" class=\"wp-image-932\" srcset=\"https:\/\/www.meteolafleche.com\/actualite\/wp-content\/uploads\/2023\/05\/230521_meteo_france.png 600w, https:\/\/www.meteolafleche.com\/actualite\/wp-content\/uploads\/2023\/05\/230521_meteo_france-300x251.png 300w\" sizes=\"auto, (max-width: 600px) 100vw, 600px\" \/><\/figure>\n\n\n\n<p>Pas de changement \u00e0 attendre : toujours cette composante Ouest drainant un temps pour le moins frais pour la p\u00e9riode.<\/p>\n\n\n\n<p>Le fameux joli mois de Mai dit-on ?<\/p>\n\n\n\n<p>En tout cas, nous aurions des situations potentiellement \u00e0 orages comme l&rsquo;an dernier notamment <a href=\"https:\/\/www.youtube.com\/watch?v=TPFuOMYtWwk\">https:\/\/www.youtube.com\/watch?v=TPFuOMYtWwk<\/a><\/p>\n<div id=\"meteo-1411569261\" class=\"meteo-apres-le-contenu meteo-entity-placement\"><script async src=\"\/\/pagead2.googlesyndication.com\/pagead\/js\/adsbygoogle.js?client=ca-pub-0501790310760996\" crossorigin=\"anonymous\"><\/script><ins class=\"adsbygoogle\" style=\"display:block;\" data-ad-client=\"ca-pub-0501790310760996\" \ndata-ad-slot=\"7540452242\" \ndata-ad-format=\"auto\"><\/ins>\n<script> \n(adsbygoogle = window.adsbygoogle || []).push({}); \n<\/script>\n<\/div>","protected":false},"excerpt":{"rendered":"<p>Le temps serait toujours orient\u00e9 \u00e0 l&rsquo;humidit\u00e9 http:\/\/www.meteolafleche.com\/actualite\/2023\/05\/05\/meteo-du-5-au-14-mai-2023-humidite\/ Un courant d&rsquo;Ouest \u00e0 Nord-Ouest se maintiendrait au moins le week-end avec de fr\u00e9quentes averses. Seules les r\u00e9gions bordant la Mer M\u00e9diterran\u00e9e seraient \u00e9pargn\u00e9es par les intemp\u00e9ries. Pas de changement \u00e0 attendre : toujours cette composante Ouest drainant un temps pour le moins frais pour la p\u00e9riode. [&hellip;]<\/p>\n","protected":false},"author":1,"featured_media":0,"comment_status":"open","ping_status":"open","sticky":false,"template":"","format":"standard","meta":{"footnotes":""},"categories":[1],"tags":[108,137,63,128,87,17,16],"class_list":["post-930","post","type-post","status-publish","format-standard","hentry","category-tendance-meteo-a-long-terme","tag-108","tag-137","tag-63","tag-ascension","tag-mai","tag-meteo","tag-previsions"],"yoast_head":"<!-- This site is optimized with the Yoast SEO plugin v27.5 - https:\/\/yoast.com\/product\/yoast-seo-wordpress\/ -->\n<title>Toute la m\u00e9t\u00e9o du 12 au 21 Mai 2023 week-end Ascension<\/title>\n<meta name=\"description\" content=\"Les tendances m\u00e9t\u00e9o pour la p\u00e9riode du 12 au 21 Mai 2023 consacr\u00e9es au week-end de l&#039;Ascension - vers une p\u00e9riode humide ? s\u00e8che ?\" \/>\n<meta name=\"robots\" content=\"index, follow, max-snippet:-1, max-image-preview:large, max-video-preview:-1\" \/>\n<link rel=\"canonical\" href=\"https:\/\/www.meteolafleche.com\/actualite\/2023\/05\/12\/meteo-du-12-au-21-mai-2023-ascension\/\" \/>\n<meta property=\"og:locale\" content=\"fr_FR\" \/>\n<meta property=\"og:type\" content=\"article\" \/>\n<meta property=\"og:title\" content=\"Toute la m\u00e9t\u00e9o du 12 au 21 Mai 2023 week-end Ascension\" \/>\n<meta property=\"og:description\" content=\"Les tendances m\u00e9t\u00e9o pour la p\u00e9riode du 12 au 21 Mai 2023 consacr\u00e9es au week-end de l&#039;Ascension - vers une p\u00e9riode humide ? s\u00e8che ?\" \/>\n<meta property=\"og:url\" content=\"https:\/\/www.meteolafleche.com\/actualite\/2023\/05\/12\/meteo-du-12-au-21-mai-2023-ascension\/\" \/>\n<meta property=\"og:site_name\" content=\"M\u00e9t\u00e9olafleche\" \/>\n<meta property=\"article:publisher\" content=\"https:\/\/fr-fr.facebook.com\/Meteolafleche\/\" \/>\n<meta property=\"article:published_time\" content=\"2023-05-12T10:05:00+00:00\" \/>\n<meta property=\"og:image\" content=\"http:\/\/www.meteolafleche.com\/actualite\/wp-content\/uploads\/2023\/05\/230516_meteo_france.png\" \/>\n<meta name=\"author\" content=\"M\u00e9t\u00e9olafl\u00e8che\" \/>\n<meta name=\"twitter:card\" content=\"summary_large_image\" \/>\n<meta name=\"twitter:creator\" content=\"@Meteolafleche\" \/>\n<meta name=\"twitter:site\" content=\"@Meteolafleche\" \/>\n<meta name=\"twitter:label1\" content=\"\u00c9crit par\" \/>\n\t<meta name=\"twitter:data1\" content=\"M\u00e9t\u00e9olafl\u00e8che\" \/>\n\t<meta name=\"twitter:label2\" content=\"Dur\u00e9e de lecture estim\u00e9e\" \/>\n\t<meta name=\"twitter:data2\" content=\"1 minute\" \/>\n<script type=\"application\/ld+json\" class=\"yoast-schema-graph\">{\"@context\":\"https:\\\/\\\/schema.org\",\"@graph\":[{\"@type\":\"Article\",\"@id\":\"https:\\\/\\\/www.meteolafleche.com\\\/actualite\\\/2023\\\/05\\\/12\\\/meteo-du-12-au-21-mai-2023-ascension\\\/#article\",\"isPartOf\":{\"@id\":\"https:\\\/\\\/www.meteolafleche.com\\\/actualite\\\/2023\\\/05\\\/12\\\/meteo-du-12-au-21-mai-2023-ascension\\\/\"},\"author\":{\"name\":\"M\u00e9t\u00e9olafl\u00e8che\",\"@id\":\"https:\\\/\\\/www.meteolafleche.com\\\/actualite\\\/#\\\/schema\\\/person\\\/a3f335c48c6b0b07b3a7ff55abb5e7a5\"},\"headline\":\"M\u00e9t\u00e9o du 12 au 21 Mai 2023 Ascension\",\"datePublished\":\"2023-05-12T10:05:00+00:00\",\"mainEntityOfPage\":{\"@id\":\"https:\\\/\\\/www.meteolafleche.com\\\/actualite\\\/2023\\\/05\\\/12\\\/meteo-du-12-au-21-mai-2023-ascension\\\/\"},\"wordCount\":100,\"commentCount\":1,\"image\":{\"@id\":\"https:\\\/\\\/www.meteolafleche.com\\\/actualite\\\/2023\\\/05\\\/12\\\/meteo-du-12-au-21-mai-2023-ascension\\\/#primaryimage\"},\"thumbnailUrl\":\"http:\\\/\\\/www.meteolafleche.com\\\/actualite\\\/wp-content\\\/uploads\\\/2023\\\/05\\\/230516_meteo_france.png\",\"keywords\":[\"12\",\"2023\",\"21\",\"ascension\",\"mai\",\"m\u00e9t\u00e9o\",\"Pr\u00e9visions\"],\"articleSection\":[\"Tendance m\u00e9t\u00e9o \u00e0 long terme\"],\"inLanguage\":\"fr-FR\",\"potentialAction\":[{\"@type\":\"CommentAction\",\"name\":\"Comment\",\"target\":[\"https:\\\/\\\/www.meteolafleche.com\\\/actualite\\\/2023\\\/05\\\/12\\\/meteo-du-12-au-21-mai-2023-ascension\\\/#respond\"]}]},{\"@type\":\"WebPage\",\"@id\":\"https:\\\/\\\/www.meteolafleche.com\\\/actualite\\\/2023\\\/05\\\/12\\\/meteo-du-12-au-21-mai-2023-ascension\\\/\",\"url\":\"https:\\\/\\\/www.meteolafleche.com\\\/actualite\\\/2023\\\/05\\\/12\\\/meteo-du-12-au-21-mai-2023-ascension\\\/\",\"name\":\"Toute la m\u00e9t\u00e9o du 12 au 21 Mai 2023 week-end Ascension\",\"isPartOf\":{\"@id\":\"https:\\\/\\\/www.meteolafleche.com\\\/actualite\\\/#website\"},\"primaryImageOfPage\":{\"@id\":\"https:\\\/\\\/www.meteolafleche.com\\\/actualite\\\/2023\\\/05\\\/12\\\/meteo-du-12-au-21-mai-2023-ascension\\\/#primaryimage\"},\"image\":{\"@id\":\"https:\\\/\\\/www.meteolafleche.com\\\/actualite\\\/2023\\\/05\\\/12\\\/meteo-du-12-au-21-mai-2023-ascension\\\/#primaryimage\"},\"thumbnailUrl\":\"http:\\\/\\\/www.meteolafleche.com\\\/actualite\\\/wp-content\\\/uploads\\\/2023\\\/05\\\/230516_meteo_france.png\",\"datePublished\":\"2023-05-12T10:05:00+00:00\",\"author\":{\"@id\":\"https:\\\/\\\/www.meteolafleche.com\\\/actualite\\\/#\\\/schema\\\/person\\\/a3f335c48c6b0b07b3a7ff55abb5e7a5\"},\"description\":\"Les tendances m\u00e9t\u00e9o pour la p\u00e9riode du 12 au 21 Mai 2023 consacr\u00e9es au week-end de l'Ascension - vers une p\u00e9riode humide ? s\u00e8che ?\",\"breadcrumb\":{\"@id\":\"https:\\\/\\\/www.meteolafleche.com\\\/actualite\\\/2023\\\/05\\\/12\\\/meteo-du-12-au-21-mai-2023-ascension\\\/#breadcrumb\"},\"inLanguage\":\"fr-FR\",\"potentialAction\":[{\"@type\":\"ReadAction\",\"target\":[\"https:\\\/\\\/www.meteolafleche.com\\\/actualite\\\/2023\\\/05\\\/12\\\/meteo-du-12-au-21-mai-2023-ascension\\\/\"]}]},{\"@type\":\"ImageObject\",\"inLanguage\":\"fr-FR\",\"@id\":\"https:\\\/\\\/www.meteolafleche.com\\\/actualite\\\/2023\\\/05\\\/12\\\/meteo-du-12-au-21-mai-2023-ascension\\\/#primaryimage\",\"url\":\"https:\\\/\\\/www.meteolafleche.com\\\/actualite\\\/wp-content\\\/uploads\\\/2023\\\/05\\\/230516_meteo_france.png\",\"contentUrl\":\"https:\\\/\\\/www.meteolafleche.com\\\/actualite\\\/wp-content\\\/uploads\\\/2023\\\/05\\\/230516_meteo_france.png\",\"width\":600,\"height\":502},{\"@type\":\"BreadcrumbList\",\"@id\":\"https:\\\/\\\/www.meteolafleche.com\\\/actualite\\\/2023\\\/05\\\/12\\\/meteo-du-12-au-21-mai-2023-ascension\\\/#breadcrumb\",\"itemListElement\":[{\"@type\":\"ListItem\",\"position\":1,\"name\":\"Accueil\",\"item\":\"https:\\\/\\\/www.meteolafleche.com\\\/actualite\\\/\"},{\"@type\":\"ListItem\",\"position\":2,\"name\":\"M\u00e9t\u00e9o du 12 au 21 Mai 2023 Ascension\"}]},{\"@type\":\"WebSite\",\"@id\":\"https:\\\/\\\/www.meteolafleche.com\\\/actualite\\\/#website\",\"url\":\"https:\\\/\\\/www.meteolafleche.com\\\/actualite\\\/\",\"name\":\"M\u00e9t\u00e9olafleche - Blog actualit\u00e9s\",\"description\":\"Actualit\u00e9s m\u00e9t\u00e9o \",\"potentialAction\":[{\"@type\":\"SearchAction\",\"target\":{\"@type\":\"EntryPoint\",\"urlTemplate\":\"https:\\\/\\\/www.meteolafleche.com\\\/actualite\\\/?s={search_term_string}\"},\"query-input\":{\"@type\":\"PropertyValueSpecification\",\"valueRequired\":true,\"valueName\":\"search_term_string\"}}],\"inLanguage\":\"fr-FR\"},{\"@type\":\"Person\",\"@id\":\"https:\\\/\\\/www.meteolafleche.com\\\/actualite\\\/#\\\/schema\\\/person\\\/a3f335c48c6b0b07b3a7ff55abb5e7a5\",\"name\":\"M\u00e9t\u00e9olafl\u00e8che\",\"image\":{\"@type\":\"ImageObject\",\"inLanguage\":\"fr-FR\",\"@id\":\"https:\\\/\\\/secure.gravatar.com\\\/avatar\\\/87018e78a84df868f9910cf7db506cf0e115cd6493382a089a41e0cf87a80762?s=96&d=mm&r=g\",\"url\":\"https:\\\/\\\/secure.gravatar.com\\\/avatar\\\/87018e78a84df868f9910cf7db506cf0e115cd6493382a089a41e0cf87a80762?s=96&d=mm&r=g\",\"contentUrl\":\"https:\\\/\\\/secure.gravatar.com\\\/avatar\\\/87018e78a84df868f9910cf7db506cf0e115cd6493382a089a41e0cf87a80762?s=96&d=mm&r=g\",\"caption\":\"M\u00e9t\u00e9olafl\u00e8che\"},\"sameAs\":[\"http:\\\/\\\/www.meteolafleche.com\\\/actualite\"]}]}<\/script>\n<!-- \/ Yoast SEO plugin. -->","yoast_head_json":{"title":"Toute la m\u00e9t\u00e9o du 12 au 21 Mai 2023 week-end Ascension","description":"Les tendances m\u00e9t\u00e9o pour la p\u00e9riode du 12 au 21 Mai 2023 consacr\u00e9es au week-end de l'Ascension - vers une p\u00e9riode humide ? s\u00e8che ?","robots":{"index":"index","follow":"follow","max-snippet":"max-snippet:-1","max-image-preview":"max-image-preview:large","max-video-preview":"max-video-preview:-1"},"canonical":"https:\/\/www.meteolafleche.com\/actualite\/2023\/05\/12\/meteo-du-12-au-21-mai-2023-ascension\/","og_locale":"fr_FR","og_type":"article","og_title":"Toute la m\u00e9t\u00e9o du 12 au 21 Mai 2023 week-end Ascension","og_description":"Les tendances m\u00e9t\u00e9o pour la p\u00e9riode du 12 au 21 Mai 2023 consacr\u00e9es au week-end de l'Ascension - vers une p\u00e9riode humide ? s\u00e8che ?","og_url":"https:\/\/www.meteolafleche.com\/actualite\/2023\/05\/12\/meteo-du-12-au-21-mai-2023-ascension\/","og_site_name":"M\u00e9t\u00e9olafleche","article_publisher":"https:\/\/fr-fr.facebook.com\/Meteolafleche\/","article_published_time":"2023-05-12T10:05:00+00:00","og_image":[{"url":"http:\/\/www.meteolafleche.com\/actualite\/wp-content\/uploads\/2023\/05\/230516_meteo_france.png","type":"","width":"","height":""}],"author":"M\u00e9t\u00e9olafl\u00e8che","twitter_card":"summary_large_image","twitter_creator":"@Meteolafleche","twitter_site":"@Meteolafleche","twitter_misc":{"\u00c9crit par":"M\u00e9t\u00e9olafl\u00e8che","Dur\u00e9e de lecture estim\u00e9e":"1 minute"},"schema":{"@context":"https:\/\/schema.org","@graph":[{"@type":"Article","@id":"https:\/\/www.meteolafleche.com\/actualite\/2023\/05\/12\/meteo-du-12-au-21-mai-2023-ascension\/#article","isPartOf":{"@id":"https:\/\/www.meteolafleche.com\/actualite\/2023\/05\/12\/meteo-du-12-au-21-mai-2023-ascension\/"},"author":{"name":"M\u00e9t\u00e9olafl\u00e8che","@id":"https:\/\/www.meteolafleche.com\/actualite\/#\/schema\/person\/a3f335c48c6b0b07b3a7ff55abb5e7a5"},"headline":"M\u00e9t\u00e9o du 12 au 21 Mai 2023 Ascension","datePublished":"2023-05-12T10:05:00+00:00","mainEntityOfPage":{"@id":"https:\/\/www.meteolafleche.com\/actualite\/2023\/05\/12\/meteo-du-12-au-21-mai-2023-ascension\/"},"wordCount":100,"commentCount":1,"image":{"@id":"https:\/\/www.meteolafleche.com\/actualite\/2023\/05\/12\/meteo-du-12-au-21-mai-2023-ascension\/#primaryimage"},"thumbnailUrl":"http:\/\/www.meteolafleche.com\/actualite\/wp-content\/uploads\/2023\/05\/230516_meteo_france.png","keywords":["12","2023","21","ascension","mai","m\u00e9t\u00e9o","Pr\u00e9visions"],"articleSection":["Tendance m\u00e9t\u00e9o \u00e0 long terme"],"inLanguage":"fr-FR","potentialAction":[{"@type":"CommentAction","name":"Comment","target":["https:\/\/www.meteolafleche.com\/actualite\/2023\/05\/12\/meteo-du-12-au-21-mai-2023-ascension\/#respond"]}]},{"@type":"WebPage","@id":"https:\/\/www.meteolafleche.com\/actualite\/2023\/05\/12\/meteo-du-12-au-21-mai-2023-ascension\/","url":"https:\/\/www.meteolafleche.com\/actualite\/2023\/05\/12\/meteo-du-12-au-21-mai-2023-ascension\/","name":"Toute la m\u00e9t\u00e9o du 12 au 21 Mai 2023 week-end Ascension","isPartOf":{"@id":"https:\/\/www.meteolafleche.com\/actualite\/#website"},"primaryImageOfPage":{"@id":"https:\/\/www.meteolafleche.com\/actualite\/2023\/05\/12\/meteo-du-12-au-21-mai-2023-ascension\/#primaryimage"},"image":{"@id":"https:\/\/www.meteolafleche.com\/actualite\/2023\/05\/12\/meteo-du-12-au-21-mai-2023-ascension\/#primaryimage"},"thumbnailUrl":"http:\/\/www.meteolafleche.com\/actualite\/wp-content\/uploads\/2023\/05\/230516_meteo_france.png","datePublished":"2023-05-12T10:05:00+00:00","author":{"@id":"https:\/\/www.meteolafleche.com\/actualite\/#\/schema\/person\/a3f335c48c6b0b07b3a7ff55abb5e7a5"},"description":"Les tendances m\u00e9t\u00e9o pour la p\u00e9riode du 12 au 21 Mai 2023 consacr\u00e9es au week-end de l'Ascension - vers une p\u00e9riode humide ? s\u00e8che ?","breadcrumb":{"@id":"https:\/\/www.meteolafleche.com\/actualite\/2023\/05\/12\/meteo-du-12-au-21-mai-2023-ascension\/#breadcrumb"},"inLanguage":"fr-FR","potentialAction":[{"@type":"ReadAction","target":["https:\/\/www.meteolafleche.com\/actualite\/2023\/05\/12\/meteo-du-12-au-21-mai-2023-ascension\/"]}]},{"@type":"ImageObject","inLanguage":"fr-FR","@id":"https:\/\/www.meteolafleche.com\/actualite\/2023\/05\/12\/meteo-du-12-au-21-mai-2023-ascension\/#primaryimage","url":"https:\/\/www.meteolafleche.com\/actualite\/wp-content\/uploads\/2023\/05\/230516_meteo_france.png","contentUrl":"https:\/\/www.meteolafleche.com\/actualite\/wp-content\/uploads\/2023\/05\/230516_meteo_france.png","width":600,"height":502},{"@type":"BreadcrumbList","@id":"https:\/\/www.meteolafleche.com\/actualite\/2023\/05\/12\/meteo-du-12-au-21-mai-2023-ascension\/#breadcrumb","itemListElement":[{"@type":"ListItem","position":1,"name":"Accueil","item":"https:\/\/www.meteolafleche.com\/actualite\/"},{"@type":"ListItem","position":2,"name":"M\u00e9t\u00e9o du 12 au 21 Mai 2023 Ascension"}]},{"@type":"WebSite","@id":"https:\/\/www.meteolafleche.com\/actualite\/#website","url":"https:\/\/www.meteolafleche.com\/actualite\/","name":"M\u00e9t\u00e9olafleche - Blog actualit\u00e9s","description":"Actualit\u00e9s m\u00e9t\u00e9o ","potentialAction":[{"@type":"SearchAction","target":{"@type":"EntryPoint","urlTemplate":"https:\/\/www.meteolafleche.com\/actualite\/?s={search_term_string}"},"query-input":{"@type":"PropertyValueSpecification","valueRequired":true,"valueName":"search_term_string"}}],"inLanguage":"fr-FR"},{"@type":"Person","@id":"https:\/\/www.meteolafleche.com\/actualite\/#\/schema\/person\/a3f335c48c6b0b07b3a7ff55abb5e7a5","name":"M\u00e9t\u00e9olafl\u00e8che","image":{"@type":"ImageObject","inLanguage":"fr-FR","@id":"https:\/\/secure.gravatar.com\/avatar\/87018e78a84df868f9910cf7db506cf0e115cd6493382a089a41e0cf87a80762?s=96&d=mm&r=g","url":"https:\/\/secure.gravatar.com\/avatar\/87018e78a84df868f9910cf7db506cf0e115cd6493382a089a41e0cf87a80762?s=96&d=mm&r=g","contentUrl":"https:\/\/secure.gravatar.com\/avatar\/87018e78a84df868f9910cf7db506cf0e115cd6493382a089a41e0cf87a80762?s=96&d=mm&r=g","caption":"M\u00e9t\u00e9olafl\u00e8che"},"sameAs":["http:\/\/www.meteolafleche.com\/actualite"]}]}},"_links":{"self":[{"href":"https:\/\/www.meteolafleche.com\/actualite\/wp-json\/wp\/v2\/posts\/930","targetHints":{"allow":["GET"]}}],"collection":[{"href":"https:\/\/www.meteolafleche.com\/actualite\/wp-json\/wp\/v2\/posts"}],"about":[{"href":"https:\/\/www.meteolafleche.com\/actualite\/wp-json\/wp\/v2\/types\/post"}],"author":[{"embeddable":true,"href":"https:\/\/www.meteolafleche.com\/actualite\/wp-json\/wp\/v2\/users\/1"}],"replies":[{"embeddable":true,"href":"https:\/\/www.meteolafleche.com\/actualite\/wp-json\/wp\/v2\/comments?post=930"}],"version-history":[{"count":1,"href":"https:\/\/www.meteolafleche.com\/actualite\/wp-json\/wp\/v2\/posts\/930\/revisions"}],"predecessor-version":[{"id":933,"href":"https:\/\/www.meteolafleche.com\/actualite\/wp-json\/wp\/v2\/posts\/930\/revisions\/933"}],"wp:attachment":[{"href":"https:\/\/www.meteolafleche.com\/actualite\/wp-json\/wp\/v2\/media?parent=930"}],"wp:term":[{"taxonomy":"category","embeddable":true,"href":"https:\/\/www.meteolafleche.com\/actualite\/wp-json\/wp\/v2\/categories?post=930"},{"taxonomy":"post_tag","embeddable":true,"href":"https:\/\/www.meteolafleche.com\/actualite\/wp-json\/wp\/v2\/tags?post=930"}],"curies":[{"name":"wp","href":"https:\/\/api.w.org\/{rel}","templated":true}]}}