{"id":755,"date":"2022-07-29T12:00:00","date_gmt":"2022-07-29T10:00:00","guid":{"rendered":"http:\/\/www.meteolafleche.com\/actualite\/?p=755"},"modified":"2022-07-27T14:09:31","modified_gmt":"2022-07-27T12:09:31","slug":"meteo-du-29-juillet-au-7-aout-2022-chaud","status":"publish","type":"post","link":"https:\/\/www.meteolafleche.com\/actualite\/2022\/07\/29\/meteo-du-29-juillet-au-7-aout-2022-chaud\/","title":{"rendered":"M\u00e9t\u00e9o du 29 Juillet au 7 Aout 2022 chaud"},"content":{"rendered":"<div id=\"meteo-1999753671\" class=\"meteo-avant-contenu meteo-entity-placement\"><script async src=\"\/\/pagead2.googlesyndication.com\/pagead\/js\/adsbygoogle.js?client=ca-pub-0501790310760996\" crossorigin=\"anonymous\"><\/script><ins class=\"adsbygoogle\" style=\"display:block;\" data-ad-client=\"ca-pub-0501790310760996\" \ndata-ad-slot=\"9802369648\" \ndata-ad-format=\"auto\"><\/ins>\n<script> \n(adsbygoogle = window.adsbygoogle || []).push({}); \n<\/script>\n<\/div>\n<p>Vers une pr\u00e9sence moins dominante des hautes pressions par rapport \u00e0 ce que nous avons connu derni\u00e8rement <a href=\"http:\/\/www.meteolafleche.com\/actualite\/2022\/07\/22\/meteo-du-15-au-24-juillet-2022_chaud\/\">http:\/\/www.meteolafleche.com\/actualite\/2022\/07\/22\/meteo-du-15-au-24-juillet-2022_chaud\/<\/a><\/p>\n\n\n\n<figure class=\"wp-block-image size-full\"><img loading=\"lazy\" decoding=\"async\" width=\"600\" height=\"502\" src=\"http:\/\/www.meteolafleche.com\/actualite\/wp-content\/uploads\/2022\/07\/220729_meteo_france.png\" alt=\"M\u00e9t\u00e9o 29 Juillet 2022 France\" class=\"wp-image-756\" srcset=\"https:\/\/www.meteolafleche.com\/actualite\/wp-content\/uploads\/2022\/07\/220729_meteo_france.png 600w, https:\/\/www.meteolafleche.com\/actualite\/wp-content\/uploads\/2022\/07\/220729_meteo_france-300x251.png 300w\" sizes=\"auto, (max-width: 600px) 100vw, 600px\" \/><\/figure>\n\n\n\n<p>Un semblant de courant d&rsquo;Ouest pourrait se faire au moment du plus grand chass\u00e9 crois\u00e9 de l&rsquo;ann\u00e9e sur les routes ; les Juilletistes reviendraient surchauff\u00e9es, les Aoutiens auraient a priori bien plus de mal \u00e0 faire aussi bien, on ne sait jamais&#8230;<\/p>\n\n\n\n<figure class=\"wp-block-image size-full\"><img loading=\"lazy\" decoding=\"async\" width=\"600\" height=\"502\" src=\"http:\/\/www.meteolafleche.com\/actualite\/wp-content\/uploads\/2022\/07\/220807_meteo_france.png\" alt=\"M\u00e9t\u00e9o 3 Aout 2022 France\" class=\"wp-image-757\" srcset=\"https:\/\/www.meteolafleche.com\/actualite\/wp-content\/uploads\/2022\/07\/220807_meteo_france.png 600w, https:\/\/www.meteolafleche.com\/actualite\/wp-content\/uploads\/2022\/07\/220807_meteo_france-300x251.png 300w\" sizes=\"auto, (max-width: 600px) 100vw, 600px\" \/><\/figure>\n\n\n\n<p>La mod\u00e9lisation dite ensembliste h\u00e9siterait entre un flux d&rsquo;Ouest anticyclonique et un courant d\u00e9pressionnaire ; la mod\u00e9lisation saisonni\u00e8re serait plus favorable \u00e0 un temps automnal.<\/p>\n\n\n\n<p>Il se pourrait qu&rsquo;il y ait un peu des deux pour les Aoutiens durant cette premi\u00e8re d\u00e9cade : alternance entre averses et \u00e9claircies surtout au Nord de la Loire.<\/p>\n<div id=\"meteo-2816303143\" class=\"meteo-apres-le-contenu meteo-entity-placement\"><script async src=\"\/\/pagead2.googlesyndication.com\/pagead\/js\/adsbygoogle.js?client=ca-pub-0501790310760996\" crossorigin=\"anonymous\"><\/script><ins class=\"adsbygoogle\" style=\"display:block;\" data-ad-client=\"ca-pub-0501790310760996\" \ndata-ad-slot=\"7540452242\" \ndata-ad-format=\"auto\"><\/ins>\n<script> \n(adsbygoogle = window.adsbygoogle || []).push({}); \n<\/script>\n<\/div>","protected":false},"excerpt":{"rendered":"<p>Vers une pr\u00e9sence moins dominante des hautes pressions par rapport \u00e0 ce que nous avons connu derni\u00e8rement http:\/\/www.meteolafleche.com\/actualite\/2022\/07\/22\/meteo-du-15-au-24-juillet-2022_chaud\/ Un semblant de courant d&rsquo;Ouest pourrait se faire au moment du plus grand chass\u00e9 crois\u00e9 de l&rsquo;ann\u00e9e sur les routes ; les Juilletistes reviendraient surchauff\u00e9es, les Aoutiens auraient a priori bien plus de mal \u00e0 faire aussi [&hellip;]<\/p>\n","protected":false},"author":1,"featured_media":0,"comment_status":"open","ping_status":"open","sticky":false,"template":"","format":"standard","meta":{"footnotes":""},"categories":[1],"tags":[122,53,54,106,93,100,17,16],"class_list":["post-755","post","type-post","status-publish","format-standard","hentry","category-tendance-meteo-a-long-terme","tag-122","tag-53","tag-54","tag-aout","tag-chaud","tag-juillet","tag-meteo","tag-previsions"],"yoast_head":"<!-- This site is optimized with the Yoast SEO plugin v27.4 - https:\/\/yoast.com\/product\/yoast-seo-wordpress\/ -->\n<title>Toute la m\u00e9t\u00e9o du 29 Juillet au 7 Aout 2022 moins chaude ?<\/title>\n<meta name=\"description\" content=\"Les tendances m\u00e9t\u00e9o iraient vers un chass\u00e9 crois\u00e9 dans une chaleur relative entre Juilletistes et Aoutiens ; plus humide ?\" \/>\n<meta name=\"robots\" content=\"index, follow, max-snippet:-1, max-image-preview:large, max-video-preview:-1\" \/>\n<link rel=\"canonical\" href=\"http:\/\/www.meteolafleche.com\/actualite\/2022\/07\/29\/meteo-du-29-juillet-au-7-aout-2022-chaud\/\" \/>\n<meta property=\"og:locale\" content=\"fr_FR\" \/>\n<meta property=\"og:type\" content=\"article\" \/>\n<meta property=\"og:title\" content=\"Toute la m\u00e9t\u00e9o du 29 Juillet au 7 Aout 2022 moins chaude ?\" \/>\n<meta property=\"og:description\" content=\"Les tendances m\u00e9t\u00e9o iraient vers un chass\u00e9 crois\u00e9 dans une chaleur relative entre Juilletistes et Aoutiens ; plus humide ?\" \/>\n<meta property=\"og:url\" content=\"http:\/\/www.meteolafleche.com\/actualite\/2022\/07\/29\/meteo-du-29-juillet-au-7-aout-2022-chaud\/\" \/>\n<meta property=\"og:site_name\" content=\"M\u00e9t\u00e9olafleche\" \/>\n<meta property=\"article:publisher\" content=\"https:\/\/fr-fr.facebook.com\/Meteolafleche\/\" \/>\n<meta property=\"article:published_time\" content=\"2022-07-29T10:00:00+00:00\" \/>\n<meta property=\"og:image\" content=\"http:\/\/www.meteolafleche.com\/actualite\/wp-content\/uploads\/2022\/07\/220729_meteo_france.png\" \/>\n<meta name=\"author\" content=\"M\u00e9t\u00e9olafl\u00e8che\" \/>\n<meta name=\"twitter:card\" content=\"summary_large_image\" \/>\n<meta name=\"twitter:creator\" content=\"@Meteolafleche\" \/>\n<meta name=\"twitter:site\" content=\"@Meteolafleche\" \/>\n<meta name=\"twitter:label1\" content=\"\u00c9crit par\" \/>\n\t<meta name=\"twitter:data1\" content=\"M\u00e9t\u00e9olafl\u00e8che\" \/>\n\t<meta name=\"twitter:label2\" content=\"Dur\u00e9e de lecture estim\u00e9e\" \/>\n\t<meta name=\"twitter:data2\" content=\"1 minute\" \/>\n<script type=\"application\/ld+json\" class=\"yoast-schema-graph\">{\"@context\":\"https:\\\/\\\/schema.org\",\"@graph\":[{\"@type\":\"Article\",\"@id\":\"http:\\\/\\\/www.meteolafleche.com\\\/actualite\\\/2022\\\/07\\\/29\\\/meteo-du-29-juillet-au-7-aout-2022-chaud\\\/#article\",\"isPartOf\":{\"@id\":\"http:\\\/\\\/www.meteolafleche.com\\\/actualite\\\/2022\\\/07\\\/29\\\/meteo-du-29-juillet-au-7-aout-2022-chaud\\\/\"},\"author\":{\"name\":\"M\u00e9t\u00e9olafl\u00e8che\",\"@id\":\"https:\\\/\\\/www.meteolafleche.com\\\/actualite\\\/#\\\/schema\\\/person\\\/a3f335c48c6b0b07b3a7ff55abb5e7a5\"},\"headline\":\"M\u00e9t\u00e9o du 29 Juillet au 7 Aout 2022 chaud\",\"datePublished\":\"2022-07-29T10:00:00+00:00\",\"mainEntityOfPage\":{\"@id\":\"http:\\\/\\\/www.meteolafleche.com\\\/actualite\\\/2022\\\/07\\\/29\\\/meteo-du-29-juillet-au-7-aout-2022-chaud\\\/\"},\"wordCount\":135,\"commentCount\":1,\"image\":{\"@id\":\"http:\\\/\\\/www.meteolafleche.com\\\/actualite\\\/2022\\\/07\\\/29\\\/meteo-du-29-juillet-au-7-aout-2022-chaud\\\/#primaryimage\"},\"thumbnailUrl\":\"http:\\\/\\\/www.meteolafleche.com\\\/actualite\\\/wp-content\\\/uploads\\\/2022\\\/07\\\/220729_meteo_france.png\",\"keywords\":[\"2022\",\"29\",\"7\",\"aout\",\"chaud\",\"juillet\",\"m\u00e9t\u00e9o\",\"Pr\u00e9visions\"],\"articleSection\":[\"Tendance m\u00e9t\u00e9o \u00e0 long terme\"],\"inLanguage\":\"fr-FR\",\"potentialAction\":[{\"@type\":\"CommentAction\",\"name\":\"Comment\",\"target\":[\"http:\\\/\\\/www.meteolafleche.com\\\/actualite\\\/2022\\\/07\\\/29\\\/meteo-du-29-juillet-au-7-aout-2022-chaud\\\/#respond\"]}]},{\"@type\":\"WebPage\",\"@id\":\"http:\\\/\\\/www.meteolafleche.com\\\/actualite\\\/2022\\\/07\\\/29\\\/meteo-du-29-juillet-au-7-aout-2022-chaud\\\/\",\"url\":\"http:\\\/\\\/www.meteolafleche.com\\\/actualite\\\/2022\\\/07\\\/29\\\/meteo-du-29-juillet-au-7-aout-2022-chaud\\\/\",\"name\":\"Toute la m\u00e9t\u00e9o du 29 Juillet au 7 Aout 2022 moins chaude ?\",\"isPartOf\":{\"@id\":\"https:\\\/\\\/www.meteolafleche.com\\\/actualite\\\/#website\"},\"primaryImageOfPage\":{\"@id\":\"http:\\\/\\\/www.meteolafleche.com\\\/actualite\\\/2022\\\/07\\\/29\\\/meteo-du-29-juillet-au-7-aout-2022-chaud\\\/#primaryimage\"},\"image\":{\"@id\":\"http:\\\/\\\/www.meteolafleche.com\\\/actualite\\\/2022\\\/07\\\/29\\\/meteo-du-29-juillet-au-7-aout-2022-chaud\\\/#primaryimage\"},\"thumbnailUrl\":\"http:\\\/\\\/www.meteolafleche.com\\\/actualite\\\/wp-content\\\/uploads\\\/2022\\\/07\\\/220729_meteo_france.png\",\"datePublished\":\"2022-07-29T10:00:00+00:00\",\"author\":{\"@id\":\"https:\\\/\\\/www.meteolafleche.com\\\/actualite\\\/#\\\/schema\\\/person\\\/a3f335c48c6b0b07b3a7ff55abb5e7a5\"},\"description\":\"Les tendances m\u00e9t\u00e9o iraient vers un chass\u00e9 crois\u00e9 dans une chaleur relative entre Juilletistes et Aoutiens ; plus humide ?\",\"breadcrumb\":{\"@id\":\"http:\\\/\\\/www.meteolafleche.com\\\/actualite\\\/2022\\\/07\\\/29\\\/meteo-du-29-juillet-au-7-aout-2022-chaud\\\/#breadcrumb\"},\"inLanguage\":\"fr-FR\",\"potentialAction\":[{\"@type\":\"ReadAction\",\"target\":[\"http:\\\/\\\/www.meteolafleche.com\\\/actualite\\\/2022\\\/07\\\/29\\\/meteo-du-29-juillet-au-7-aout-2022-chaud\\\/\"]}]},{\"@type\":\"ImageObject\",\"inLanguage\":\"fr-FR\",\"@id\":\"http:\\\/\\\/www.meteolafleche.com\\\/actualite\\\/2022\\\/07\\\/29\\\/meteo-du-29-juillet-au-7-aout-2022-chaud\\\/#primaryimage\",\"url\":\"https:\\\/\\\/www.meteolafleche.com\\\/actualite\\\/wp-content\\\/uploads\\\/2022\\\/07\\\/220729_meteo_france.png\",\"contentUrl\":\"https:\\\/\\\/www.meteolafleche.com\\\/actualite\\\/wp-content\\\/uploads\\\/2022\\\/07\\\/220729_meteo_france.png\",\"width\":600,\"height\":502},{\"@type\":\"BreadcrumbList\",\"@id\":\"http:\\\/\\\/www.meteolafleche.com\\\/actualite\\\/2022\\\/07\\\/29\\\/meteo-du-29-juillet-au-7-aout-2022-chaud\\\/#breadcrumb\",\"itemListElement\":[{\"@type\":\"ListItem\",\"position\":1,\"name\":\"Accueil\",\"item\":\"https:\\\/\\\/www.meteolafleche.com\\\/actualite\\\/\"},{\"@type\":\"ListItem\",\"position\":2,\"name\":\"M\u00e9t\u00e9o du 29 Juillet au 7 Aout 2022 chaud\"}]},{\"@type\":\"WebSite\",\"@id\":\"https:\\\/\\\/www.meteolafleche.com\\\/actualite\\\/#website\",\"url\":\"https:\\\/\\\/www.meteolafleche.com\\\/actualite\\\/\",\"name\":\"M\u00e9t\u00e9olafleche - Blog actualit\u00e9s\",\"description\":\"Actualit\u00e9s m\u00e9t\u00e9o \",\"potentialAction\":[{\"@type\":\"SearchAction\",\"target\":{\"@type\":\"EntryPoint\",\"urlTemplate\":\"https:\\\/\\\/www.meteolafleche.com\\\/actualite\\\/?s={search_term_string}\"},\"query-input\":{\"@type\":\"PropertyValueSpecification\",\"valueRequired\":true,\"valueName\":\"search_term_string\"}}],\"inLanguage\":\"fr-FR\"},{\"@type\":\"Person\",\"@id\":\"https:\\\/\\\/www.meteolafleche.com\\\/actualite\\\/#\\\/schema\\\/person\\\/a3f335c48c6b0b07b3a7ff55abb5e7a5\",\"name\":\"M\u00e9t\u00e9olafl\u00e8che\",\"image\":{\"@type\":\"ImageObject\",\"inLanguage\":\"fr-FR\",\"@id\":\"https:\\\/\\\/secure.gravatar.com\\\/avatar\\\/87018e78a84df868f9910cf7db506cf0e115cd6493382a089a41e0cf87a80762?s=96&d=mm&r=g\",\"url\":\"https:\\\/\\\/secure.gravatar.com\\\/avatar\\\/87018e78a84df868f9910cf7db506cf0e115cd6493382a089a41e0cf87a80762?s=96&d=mm&r=g\",\"contentUrl\":\"https:\\\/\\\/secure.gravatar.com\\\/avatar\\\/87018e78a84df868f9910cf7db506cf0e115cd6493382a089a41e0cf87a80762?s=96&d=mm&r=g\",\"caption\":\"M\u00e9t\u00e9olafl\u00e8che\"},\"sameAs\":[\"http:\\\/\\\/www.meteolafleche.com\\\/actualite\"]}]}<\/script>\n<!-- \/ Yoast SEO plugin. -->","yoast_head_json":{"title":"Toute la m\u00e9t\u00e9o du 29 Juillet au 7 Aout 2022 moins chaude ?","description":"Les tendances m\u00e9t\u00e9o iraient vers un chass\u00e9 crois\u00e9 dans une chaleur relative entre Juilletistes et Aoutiens ; plus humide ?","robots":{"index":"index","follow":"follow","max-snippet":"max-snippet:-1","max-image-preview":"max-image-preview:large","max-video-preview":"max-video-preview:-1"},"canonical":"http:\/\/www.meteolafleche.com\/actualite\/2022\/07\/29\/meteo-du-29-juillet-au-7-aout-2022-chaud\/","og_locale":"fr_FR","og_type":"article","og_title":"Toute la m\u00e9t\u00e9o du 29 Juillet au 7 Aout 2022 moins chaude ?","og_description":"Les tendances m\u00e9t\u00e9o iraient vers un chass\u00e9 crois\u00e9 dans une chaleur relative entre Juilletistes et Aoutiens ; plus humide ?","og_url":"http:\/\/www.meteolafleche.com\/actualite\/2022\/07\/29\/meteo-du-29-juillet-au-7-aout-2022-chaud\/","og_site_name":"M\u00e9t\u00e9olafleche","article_publisher":"https:\/\/fr-fr.facebook.com\/Meteolafleche\/","article_published_time":"2022-07-29T10:00:00+00:00","og_image":[{"url":"http:\/\/www.meteolafleche.com\/actualite\/wp-content\/uploads\/2022\/07\/220729_meteo_france.png","type":"","width":"","height":""}],"author":"M\u00e9t\u00e9olafl\u00e8che","twitter_card":"summary_large_image","twitter_creator":"@Meteolafleche","twitter_site":"@Meteolafleche","twitter_misc":{"\u00c9crit par":"M\u00e9t\u00e9olafl\u00e8che","Dur\u00e9e de lecture estim\u00e9e":"1 minute"},"schema":{"@context":"https:\/\/schema.org","@graph":[{"@type":"Article","@id":"http:\/\/www.meteolafleche.com\/actualite\/2022\/07\/29\/meteo-du-29-juillet-au-7-aout-2022-chaud\/#article","isPartOf":{"@id":"http:\/\/www.meteolafleche.com\/actualite\/2022\/07\/29\/meteo-du-29-juillet-au-7-aout-2022-chaud\/"},"author":{"name":"M\u00e9t\u00e9olafl\u00e8che","@id":"https:\/\/www.meteolafleche.com\/actualite\/#\/schema\/person\/a3f335c48c6b0b07b3a7ff55abb5e7a5"},"headline":"M\u00e9t\u00e9o du 29 Juillet au 7 Aout 2022 chaud","datePublished":"2022-07-29T10:00:00+00:00","mainEntityOfPage":{"@id":"http:\/\/www.meteolafleche.com\/actualite\/2022\/07\/29\/meteo-du-29-juillet-au-7-aout-2022-chaud\/"},"wordCount":135,"commentCount":1,"image":{"@id":"http:\/\/www.meteolafleche.com\/actualite\/2022\/07\/29\/meteo-du-29-juillet-au-7-aout-2022-chaud\/#primaryimage"},"thumbnailUrl":"http:\/\/www.meteolafleche.com\/actualite\/wp-content\/uploads\/2022\/07\/220729_meteo_france.png","keywords":["2022","29","7","aout","chaud","juillet","m\u00e9t\u00e9o","Pr\u00e9visions"],"articleSection":["Tendance m\u00e9t\u00e9o \u00e0 long terme"],"inLanguage":"fr-FR","potentialAction":[{"@type":"CommentAction","name":"Comment","target":["http:\/\/www.meteolafleche.com\/actualite\/2022\/07\/29\/meteo-du-29-juillet-au-7-aout-2022-chaud\/#respond"]}]},{"@type":"WebPage","@id":"http:\/\/www.meteolafleche.com\/actualite\/2022\/07\/29\/meteo-du-29-juillet-au-7-aout-2022-chaud\/","url":"http:\/\/www.meteolafleche.com\/actualite\/2022\/07\/29\/meteo-du-29-juillet-au-7-aout-2022-chaud\/","name":"Toute la m\u00e9t\u00e9o du 29 Juillet au 7 Aout 2022 moins chaude ?","isPartOf":{"@id":"https:\/\/www.meteolafleche.com\/actualite\/#website"},"primaryImageOfPage":{"@id":"http:\/\/www.meteolafleche.com\/actualite\/2022\/07\/29\/meteo-du-29-juillet-au-7-aout-2022-chaud\/#primaryimage"},"image":{"@id":"http:\/\/www.meteolafleche.com\/actualite\/2022\/07\/29\/meteo-du-29-juillet-au-7-aout-2022-chaud\/#primaryimage"},"thumbnailUrl":"http:\/\/www.meteolafleche.com\/actualite\/wp-content\/uploads\/2022\/07\/220729_meteo_france.png","datePublished":"2022-07-29T10:00:00+00:00","author":{"@id":"https:\/\/www.meteolafleche.com\/actualite\/#\/schema\/person\/a3f335c48c6b0b07b3a7ff55abb5e7a5"},"description":"Les tendances m\u00e9t\u00e9o iraient vers un chass\u00e9 crois\u00e9 dans une chaleur relative entre Juilletistes et Aoutiens ; plus humide ?","breadcrumb":{"@id":"http:\/\/www.meteolafleche.com\/actualite\/2022\/07\/29\/meteo-du-29-juillet-au-7-aout-2022-chaud\/#breadcrumb"},"inLanguage":"fr-FR","potentialAction":[{"@type":"ReadAction","target":["http:\/\/www.meteolafleche.com\/actualite\/2022\/07\/29\/meteo-du-29-juillet-au-7-aout-2022-chaud\/"]}]},{"@type":"ImageObject","inLanguage":"fr-FR","@id":"http:\/\/www.meteolafleche.com\/actualite\/2022\/07\/29\/meteo-du-29-juillet-au-7-aout-2022-chaud\/#primaryimage","url":"https:\/\/www.meteolafleche.com\/actualite\/wp-content\/uploads\/2022\/07\/220729_meteo_france.png","contentUrl":"https:\/\/www.meteolafleche.com\/actualite\/wp-content\/uploads\/2022\/07\/220729_meteo_france.png","width":600,"height":502},{"@type":"BreadcrumbList","@id":"http:\/\/www.meteolafleche.com\/actualite\/2022\/07\/29\/meteo-du-29-juillet-au-7-aout-2022-chaud\/#breadcrumb","itemListElement":[{"@type":"ListItem","position":1,"name":"Accueil","item":"https:\/\/www.meteolafleche.com\/actualite\/"},{"@type":"ListItem","position":2,"name":"M\u00e9t\u00e9o du 29 Juillet au 7 Aout 2022 chaud"}]},{"@type":"WebSite","@id":"https:\/\/www.meteolafleche.com\/actualite\/#website","url":"https:\/\/www.meteolafleche.com\/actualite\/","name":"M\u00e9t\u00e9olafleche - Blog actualit\u00e9s","description":"Actualit\u00e9s m\u00e9t\u00e9o ","potentialAction":[{"@type":"SearchAction","target":{"@type":"EntryPoint","urlTemplate":"https:\/\/www.meteolafleche.com\/actualite\/?s={search_term_string}"},"query-input":{"@type":"PropertyValueSpecification","valueRequired":true,"valueName":"search_term_string"}}],"inLanguage":"fr-FR"},{"@type":"Person","@id":"https:\/\/www.meteolafleche.com\/actualite\/#\/schema\/person\/a3f335c48c6b0b07b3a7ff55abb5e7a5","name":"M\u00e9t\u00e9olafl\u00e8che","image":{"@type":"ImageObject","inLanguage":"fr-FR","@id":"https:\/\/secure.gravatar.com\/avatar\/87018e78a84df868f9910cf7db506cf0e115cd6493382a089a41e0cf87a80762?s=96&d=mm&r=g","url":"https:\/\/secure.gravatar.com\/avatar\/87018e78a84df868f9910cf7db506cf0e115cd6493382a089a41e0cf87a80762?s=96&d=mm&r=g","contentUrl":"https:\/\/secure.gravatar.com\/avatar\/87018e78a84df868f9910cf7db506cf0e115cd6493382a089a41e0cf87a80762?s=96&d=mm&r=g","caption":"M\u00e9t\u00e9olafl\u00e8che"},"sameAs":["http:\/\/www.meteolafleche.com\/actualite"]}]}},"_links":{"self":[{"href":"https:\/\/www.meteolafleche.com\/actualite\/wp-json\/wp\/v2\/posts\/755","targetHints":{"allow":["GET"]}}],"collection":[{"href":"https:\/\/www.meteolafleche.com\/actualite\/wp-json\/wp\/v2\/posts"}],"about":[{"href":"https:\/\/www.meteolafleche.com\/actualite\/wp-json\/wp\/v2\/types\/post"}],"author":[{"embeddable":true,"href":"https:\/\/www.meteolafleche.com\/actualite\/wp-json\/wp\/v2\/users\/1"}],"replies":[{"embeddable":true,"href":"https:\/\/www.meteolafleche.com\/actualite\/wp-json\/wp\/v2\/comments?post=755"}],"version-history":[{"count":1,"href":"https:\/\/www.meteolafleche.com\/actualite\/wp-json\/wp\/v2\/posts\/755\/revisions"}],"predecessor-version":[{"id":758,"href":"https:\/\/www.meteolafleche.com\/actualite\/wp-json\/wp\/v2\/posts\/755\/revisions\/758"}],"wp:attachment":[{"href":"https:\/\/www.meteolafleche.com\/actualite\/wp-json\/wp\/v2\/media?parent=755"}],"wp:term":[{"taxonomy":"category","embeddable":true,"href":"https:\/\/www.meteolafleche.com\/actualite\/wp-json\/wp\/v2\/categories?post=755"},{"taxonomy":"post_tag","embeddable":true,"href":"https:\/\/www.meteolafleche.com\/actualite\/wp-json\/wp\/v2\/tags?post=755"}],"curies":[{"name":"wp","href":"https:\/\/api.w.org\/{rel}","templated":true}]}}