{"id":751,"date":"2022-07-22T11:21:00","date_gmt":"2022-07-22T09:21:00","guid":{"rendered":"http:\/\/www.meteolafleche.com\/actualite\/?p=751"},"modified":"2022-07-20T11:29:09","modified_gmt":"2022-07-20T09:29:09","slug":"meteo-du-15-au-24-juillet-2022_chaud","status":"publish","type":"post","link":"https:\/\/www.meteolafleche.com\/actualite\/2022\/07\/22\/meteo-du-15-au-24-juillet-2022_chaud\/","title":{"rendered":"M\u00e9t\u00e9o du 15 au 24 Juillet 2022 chaud"},"content":{"rendered":"<div id=\"meteo-2970222664\" class=\"meteo-avant-contenu meteo-entity-placement\"><script async src=\"\/\/pagead2.googlesyndication.com\/pagead\/js\/adsbygoogle.js?client=ca-pub-0501790310760996\" crossorigin=\"anonymous\"><\/script><ins class=\"adsbygoogle\" style=\"display:block;\" data-ad-client=\"ca-pub-0501790310760996\" \ndata-ad-slot=\"9802369648\" \ndata-ad-format=\"auto\"><\/ins>\n<script> \n(adsbygoogle = window.adsbygoogle || []).push({}); \n<\/script>\n<\/div>\n<p>Vers un fort contraste avec la m\u00e9t\u00e9o du d\u00e9but du mois <a href=\"http:\/\/www.meteolafleche.com\/actualite\/2022\/07\/08\/meteo-du-8-au-17-juillet-2022-viaduc-fete-nationale\/\">http:\/\/www.meteolafleche.com\/actualite\/2022\/07\/08\/meteo-du-8-au-17-juillet-2022-viaduc-fete-nationale\/<\/a><\/p>\n\n\n\n<figure class=\"wp-block-image size-full\"><img loading=\"lazy\" decoding=\"async\" width=\"600\" height=\"502\" src=\"http:\/\/www.meteolafleche.com\/actualite\/wp-content\/uploads\/2022\/07\/220719_meteo_france.png\" alt=\"M\u00e9t\u00e9o 19 Juillet 2022 France\" class=\"wp-image-752\" srcset=\"https:\/\/www.meteolafleche.com\/actualite\/wp-content\/uploads\/2022\/07\/220719_meteo_france.png 600w, https:\/\/www.meteolafleche.com\/actualite\/wp-content\/uploads\/2022\/07\/220719_meteo_france-300x251.png 300w\" sizes=\"auto, (max-width: 600px) 100vw, 600px\" \/><\/figure>\n\n\n\n<p>Le pic de la canicule pourrait \u00eatre atteint le Vendredi sur l&rsquo;Ouest, le Samedi ou le Dimanche sur l&rsquo;Est avec des pointes pouvant atteindre voire d\u00e9passer les 40\u00b0C.<\/p>\n\n\n\n<p>Ce nouveau coup de chalumeau interviendrait \u00e0 l&rsquo;avant d&rsquo;une d\u00e9gradation orageuse moins organis\u00e9e et potentiellement moins intense que celle de Juin dernier.<\/p>\n\n\n\n<p>A confirmer vu l&rsquo;\u00e9ch\u00e9ance lointaine pour ce type de pr\u00e9visions.<\/p>\n\n\n\n<p>Quoi qu&rsquo;il en soit, la s\u00e9cheresse pourrait encore s&rsquo;accentuer, le risque d&rsquo;incendies de foret avec.<\/p>\n\n\n\n<figure class=\"wp-block-image size-full\"><img loading=\"lazy\" decoding=\"async\" width=\"600\" height=\"502\" src=\"http:\/\/www.meteolafleche.com\/actualite\/wp-content\/uploads\/2022\/07\/220724_meteo_france.png\" alt=\"M\u00e9t\u00e9o 24 Juillet 2022 France\" class=\"wp-image-753\" srcset=\"https:\/\/www.meteolafleche.com\/actualite\/wp-content\/uploads\/2022\/07\/220724_meteo_france.png 600w, https:\/\/www.meteolafleche.com\/actualite\/wp-content\/uploads\/2022\/07\/220724_meteo_france-300x251.png 300w\" sizes=\"auto, (max-width: 600px) 100vw, 600px\" \/><\/figure>\n\n\n\n<p>Vers un flux d&rsquo;Ouest anticyclonique ? le blocage perdurerait mais avec une orientation plus maritime ; la cons\u00e9quence serait un air plus \u00ab\u00a0frais\u00a0\u00bb mais les temp\u00e9ratures pourraient rester chaudes ; une aridification en cours de notre pays ?<\/p>\n<div id=\"meteo-1409617606\" class=\"meteo-apres-le-contenu meteo-entity-placement\"><script async src=\"\/\/pagead2.googlesyndication.com\/pagead\/js\/adsbygoogle.js?client=ca-pub-0501790310760996\" crossorigin=\"anonymous\"><\/script><ins class=\"adsbygoogle\" style=\"display:block;\" data-ad-client=\"ca-pub-0501790310760996\" \ndata-ad-slot=\"7540452242\" \ndata-ad-format=\"auto\"><\/ins>\n<script> \n(adsbygoogle = window.adsbygoogle || []).push({}); \n<\/script>\n<\/div>","protected":false},"excerpt":{"rendered":"<p>Vers un fort contraste avec la m\u00e9t\u00e9o du d\u00e9but du mois http:\/\/www.meteolafleche.com\/actualite\/2022\/07\/08\/meteo-du-8-au-17-juillet-2022-viaduc-fete-nationale\/ Le pic de la canicule pourrait \u00eatre atteint le Vendredi sur l&rsquo;Ouest, le Samedi ou le Dimanche sur l&rsquo;Est avec des pointes pouvant atteindre voire d\u00e9passer les 40\u00b0C. Ce nouveau coup de chalumeau interviendrait \u00e0 l&rsquo;avant d&rsquo;une d\u00e9gradation orageuse moins organis\u00e9e et potentiellement [&hellip;]<\/p>\n","protected":false},"author":1,"featured_media":0,"comment_status":"open","ping_status":"open","sticky":false,"template":"","format":"standard","meta":{"footnotes":""},"categories":[1],"tags":[13,122,25,93,100,17,16],"class_list":["post-751","post","type-post","status-publish","format-standard","hentry","category-tendance-meteo-a-long-terme","tag-13","tag-122","tag-25","tag-chaud","tag-juillet","tag-meteo","tag-previsions"],"yoast_head":"<!-- This site is optimized with the Yoast SEO plugin v27.5 - https:\/\/yoast.com\/product\/yoast-seo-wordpress\/ -->\n<title>Toute la m\u00e9t\u00e9o du 15 au 24 Juillet 2022 sous de fortes chaleurs ?<\/title>\n<meta name=\"description\" content=\"Les tendances m\u00e9t\u00e9o pour la fin du viaduc de la f\u00eate nationale 2022 sous de tr\u00e8s fortes chaleurs ? suivi d&#039;un rafraichissement ?\" \/>\n<meta name=\"robots\" content=\"index, follow, max-snippet:-1, max-image-preview:large, max-video-preview:-1\" \/>\n<link rel=\"canonical\" href=\"https:\/\/www.meteolafleche.com\/actualite\/2022\/07\/22\/meteo-du-15-au-24-juillet-2022_chaud\/\" \/>\n<meta property=\"og:locale\" content=\"fr_FR\" \/>\n<meta property=\"og:type\" content=\"article\" \/>\n<meta property=\"og:title\" content=\"Toute la m\u00e9t\u00e9o du 15 au 24 Juillet 2022 sous de fortes chaleurs ?\" \/>\n<meta property=\"og:description\" content=\"Les tendances m\u00e9t\u00e9o pour la fin du viaduc de la f\u00eate nationale 2022 sous de tr\u00e8s fortes chaleurs ? suivi d&#039;un rafraichissement ?\" \/>\n<meta property=\"og:url\" content=\"https:\/\/www.meteolafleche.com\/actualite\/2022\/07\/22\/meteo-du-15-au-24-juillet-2022_chaud\/\" \/>\n<meta property=\"og:site_name\" content=\"M\u00e9t\u00e9olafleche\" \/>\n<meta property=\"article:publisher\" content=\"https:\/\/fr-fr.facebook.com\/Meteolafleche\/\" \/>\n<meta property=\"article:published_time\" content=\"2022-07-22T09:21:00+00:00\" \/>\n<meta property=\"og:image\" content=\"http:\/\/www.meteolafleche.com\/actualite\/wp-content\/uploads\/2022\/07\/220719_meteo_france.png\" \/>\n<meta name=\"author\" content=\"M\u00e9t\u00e9olafl\u00e8che\" \/>\n<meta name=\"twitter:card\" content=\"summary_large_image\" \/>\n<meta name=\"twitter:creator\" content=\"@Meteolafleche\" \/>\n<meta name=\"twitter:site\" content=\"@Meteolafleche\" \/>\n<meta name=\"twitter:label1\" content=\"\u00c9crit par\" \/>\n\t<meta name=\"twitter:data1\" content=\"M\u00e9t\u00e9olafl\u00e8che\" \/>\n\t<meta name=\"twitter:label2\" content=\"Dur\u00e9e de lecture estim\u00e9e\" \/>\n\t<meta name=\"twitter:data2\" content=\"2 minutes\" \/>\n<script type=\"application\/ld+json\" class=\"yoast-schema-graph\">{\"@context\":\"https:\\\/\\\/schema.org\",\"@graph\":[{\"@type\":\"Article\",\"@id\":\"https:\\\/\\\/www.meteolafleche.com\\\/actualite\\\/2022\\\/07\\\/22\\\/meteo-du-15-au-24-juillet-2022_chaud\\\/#article\",\"isPartOf\":{\"@id\":\"https:\\\/\\\/www.meteolafleche.com\\\/actualite\\\/2022\\\/07\\\/22\\\/meteo-du-15-au-24-juillet-2022_chaud\\\/\"},\"author\":{\"name\":\"M\u00e9t\u00e9olafl\u00e8che\",\"@id\":\"http:\\\/\\\/www.meteolafleche.com\\\/actualite\\\/#\\\/schema\\\/person\\\/a3f335c48c6b0b07b3a7ff55abb5e7a5\"},\"headline\":\"M\u00e9t\u00e9o du 15 au 24 Juillet 2022 chaud\",\"datePublished\":\"2022-07-22T09:21:00+00:00\",\"mainEntityOfPage\":{\"@id\":\"https:\\\/\\\/www.meteolafleche.com\\\/actualite\\\/2022\\\/07\\\/22\\\/meteo-du-15-au-24-juillet-2022_chaud\\\/\"},\"wordCount\":147,\"commentCount\":1,\"image\":{\"@id\":\"https:\\\/\\\/www.meteolafleche.com\\\/actualite\\\/2022\\\/07\\\/22\\\/meteo-du-15-au-24-juillet-2022_chaud\\\/#primaryimage\"},\"thumbnailUrl\":\"http:\\\/\\\/www.meteolafleche.com\\\/actualite\\\/wp-content\\\/uploads\\\/2022\\\/07\\\/220719_meteo_france.png\",\"keywords\":[\"15\",\"2022\",\"24\",\"chaud\",\"juillet\",\"m\u00e9t\u00e9o\",\"Pr\u00e9visions\"],\"articleSection\":[\"Tendance m\u00e9t\u00e9o \u00e0 long terme\"],\"inLanguage\":\"fr-FR\",\"potentialAction\":[{\"@type\":\"CommentAction\",\"name\":\"Comment\",\"target\":[\"https:\\\/\\\/www.meteolafleche.com\\\/actualite\\\/2022\\\/07\\\/22\\\/meteo-du-15-au-24-juillet-2022_chaud\\\/#respond\"]}]},{\"@type\":\"WebPage\",\"@id\":\"https:\\\/\\\/www.meteolafleche.com\\\/actualite\\\/2022\\\/07\\\/22\\\/meteo-du-15-au-24-juillet-2022_chaud\\\/\",\"url\":\"https:\\\/\\\/www.meteolafleche.com\\\/actualite\\\/2022\\\/07\\\/22\\\/meteo-du-15-au-24-juillet-2022_chaud\\\/\",\"name\":\"Toute la m\u00e9t\u00e9o du 15 au 24 Juillet 2022 sous de fortes chaleurs ?\",\"isPartOf\":{\"@id\":\"http:\\\/\\\/www.meteolafleche.com\\\/actualite\\\/#website\"},\"primaryImageOfPage\":{\"@id\":\"https:\\\/\\\/www.meteolafleche.com\\\/actualite\\\/2022\\\/07\\\/22\\\/meteo-du-15-au-24-juillet-2022_chaud\\\/#primaryimage\"},\"image\":{\"@id\":\"https:\\\/\\\/www.meteolafleche.com\\\/actualite\\\/2022\\\/07\\\/22\\\/meteo-du-15-au-24-juillet-2022_chaud\\\/#primaryimage\"},\"thumbnailUrl\":\"http:\\\/\\\/www.meteolafleche.com\\\/actualite\\\/wp-content\\\/uploads\\\/2022\\\/07\\\/220719_meteo_france.png\",\"datePublished\":\"2022-07-22T09:21:00+00:00\",\"author\":{\"@id\":\"http:\\\/\\\/www.meteolafleche.com\\\/actualite\\\/#\\\/schema\\\/person\\\/a3f335c48c6b0b07b3a7ff55abb5e7a5\"},\"description\":\"Les tendances m\u00e9t\u00e9o pour la fin du viaduc de la f\u00eate nationale 2022 sous de tr\u00e8s fortes chaleurs ? suivi d'un rafraichissement ?\",\"breadcrumb\":{\"@id\":\"https:\\\/\\\/www.meteolafleche.com\\\/actualite\\\/2022\\\/07\\\/22\\\/meteo-du-15-au-24-juillet-2022_chaud\\\/#breadcrumb\"},\"inLanguage\":\"fr-FR\",\"potentialAction\":[{\"@type\":\"ReadAction\",\"target\":[\"https:\\\/\\\/www.meteolafleche.com\\\/actualite\\\/2022\\\/07\\\/22\\\/meteo-du-15-au-24-juillet-2022_chaud\\\/\"]}]},{\"@type\":\"ImageObject\",\"inLanguage\":\"fr-FR\",\"@id\":\"https:\\\/\\\/www.meteolafleche.com\\\/actualite\\\/2022\\\/07\\\/22\\\/meteo-du-15-au-24-juillet-2022_chaud\\\/#primaryimage\",\"url\":\"http:\\\/\\\/www.meteolafleche.com\\\/actualite\\\/wp-content\\\/uploads\\\/2022\\\/07\\\/220719_meteo_france.png\",\"contentUrl\":\"http:\\\/\\\/www.meteolafleche.com\\\/actualite\\\/wp-content\\\/uploads\\\/2022\\\/07\\\/220719_meteo_france.png\"},{\"@type\":\"BreadcrumbList\",\"@id\":\"https:\\\/\\\/www.meteolafleche.com\\\/actualite\\\/2022\\\/07\\\/22\\\/meteo-du-15-au-24-juillet-2022_chaud\\\/#breadcrumb\",\"itemListElement\":[{\"@type\":\"ListItem\",\"position\":1,\"name\":\"Accueil\",\"item\":\"http:\\\/\\\/www.meteolafleche.com\\\/actualite\\\/\"},{\"@type\":\"ListItem\",\"position\":2,\"name\":\"M\u00e9t\u00e9o du 15 au 24 Juillet 2022 chaud\"}]},{\"@type\":\"WebSite\",\"@id\":\"http:\\\/\\\/www.meteolafleche.com\\\/actualite\\\/#website\",\"url\":\"http:\\\/\\\/www.meteolafleche.com\\\/actualite\\\/\",\"name\":\"M\u00e9t\u00e9olafleche - Blog actualit\u00e9s\",\"description\":\"Actualit\u00e9s m\u00e9t\u00e9o \",\"potentialAction\":[{\"@type\":\"SearchAction\",\"target\":{\"@type\":\"EntryPoint\",\"urlTemplate\":\"http:\\\/\\\/www.meteolafleche.com\\\/actualite\\\/?s={search_term_string}\"},\"query-input\":{\"@type\":\"PropertyValueSpecification\",\"valueRequired\":true,\"valueName\":\"search_term_string\"}}],\"inLanguage\":\"fr-FR\"},{\"@type\":\"Person\",\"@id\":\"http:\\\/\\\/www.meteolafleche.com\\\/actualite\\\/#\\\/schema\\\/person\\\/a3f335c48c6b0b07b3a7ff55abb5e7a5\",\"name\":\"M\u00e9t\u00e9olafl\u00e8che\",\"image\":{\"@type\":\"ImageObject\",\"inLanguage\":\"fr-FR\",\"@id\":\"https:\\\/\\\/secure.gravatar.com\\\/avatar\\\/87018e78a84df868f9910cf7db506cf0e115cd6493382a089a41e0cf87a80762?s=96&d=mm&r=g\",\"url\":\"https:\\\/\\\/secure.gravatar.com\\\/avatar\\\/87018e78a84df868f9910cf7db506cf0e115cd6493382a089a41e0cf87a80762?s=96&d=mm&r=g\",\"contentUrl\":\"https:\\\/\\\/secure.gravatar.com\\\/avatar\\\/87018e78a84df868f9910cf7db506cf0e115cd6493382a089a41e0cf87a80762?s=96&d=mm&r=g\",\"caption\":\"M\u00e9t\u00e9olafl\u00e8che\"},\"sameAs\":[\"http:\\\/\\\/www.meteolafleche.com\\\/actualite\"]}]}<\/script>\n<!-- \/ Yoast SEO plugin. -->","yoast_head_json":{"title":"Toute la m\u00e9t\u00e9o du 15 au 24 Juillet 2022 sous de fortes chaleurs ?","description":"Les tendances m\u00e9t\u00e9o pour la fin du viaduc de la f\u00eate nationale 2022 sous de tr\u00e8s fortes chaleurs ? suivi d'un rafraichissement ?","robots":{"index":"index","follow":"follow","max-snippet":"max-snippet:-1","max-image-preview":"max-image-preview:large","max-video-preview":"max-video-preview:-1"},"canonical":"https:\/\/www.meteolafleche.com\/actualite\/2022\/07\/22\/meteo-du-15-au-24-juillet-2022_chaud\/","og_locale":"fr_FR","og_type":"article","og_title":"Toute la m\u00e9t\u00e9o du 15 au 24 Juillet 2022 sous de fortes chaleurs ?","og_description":"Les tendances m\u00e9t\u00e9o pour la fin du viaduc de la f\u00eate nationale 2022 sous de tr\u00e8s fortes chaleurs ? suivi d'un rafraichissement ?","og_url":"https:\/\/www.meteolafleche.com\/actualite\/2022\/07\/22\/meteo-du-15-au-24-juillet-2022_chaud\/","og_site_name":"M\u00e9t\u00e9olafleche","article_publisher":"https:\/\/fr-fr.facebook.com\/Meteolafleche\/","article_published_time":"2022-07-22T09:21:00+00:00","og_image":[{"url":"http:\/\/www.meteolafleche.com\/actualite\/wp-content\/uploads\/2022\/07\/220719_meteo_france.png","type":"","width":"","height":""}],"author":"M\u00e9t\u00e9olafl\u00e8che","twitter_card":"summary_large_image","twitter_creator":"@Meteolafleche","twitter_site":"@Meteolafleche","twitter_misc":{"\u00c9crit par":"M\u00e9t\u00e9olafl\u00e8che","Dur\u00e9e de lecture estim\u00e9e":"2 minutes"},"schema":{"@context":"https:\/\/schema.org","@graph":[{"@type":"Article","@id":"https:\/\/www.meteolafleche.com\/actualite\/2022\/07\/22\/meteo-du-15-au-24-juillet-2022_chaud\/#article","isPartOf":{"@id":"https:\/\/www.meteolafleche.com\/actualite\/2022\/07\/22\/meteo-du-15-au-24-juillet-2022_chaud\/"},"author":{"name":"M\u00e9t\u00e9olafl\u00e8che","@id":"http:\/\/www.meteolafleche.com\/actualite\/#\/schema\/person\/a3f335c48c6b0b07b3a7ff55abb5e7a5"},"headline":"M\u00e9t\u00e9o du 15 au 24 Juillet 2022 chaud","datePublished":"2022-07-22T09:21:00+00:00","mainEntityOfPage":{"@id":"https:\/\/www.meteolafleche.com\/actualite\/2022\/07\/22\/meteo-du-15-au-24-juillet-2022_chaud\/"},"wordCount":147,"commentCount":1,"image":{"@id":"https:\/\/www.meteolafleche.com\/actualite\/2022\/07\/22\/meteo-du-15-au-24-juillet-2022_chaud\/#primaryimage"},"thumbnailUrl":"http:\/\/www.meteolafleche.com\/actualite\/wp-content\/uploads\/2022\/07\/220719_meteo_france.png","keywords":["15","2022","24","chaud","juillet","m\u00e9t\u00e9o","Pr\u00e9visions"],"articleSection":["Tendance m\u00e9t\u00e9o \u00e0 long terme"],"inLanguage":"fr-FR","potentialAction":[{"@type":"CommentAction","name":"Comment","target":["https:\/\/www.meteolafleche.com\/actualite\/2022\/07\/22\/meteo-du-15-au-24-juillet-2022_chaud\/#respond"]}]},{"@type":"WebPage","@id":"https:\/\/www.meteolafleche.com\/actualite\/2022\/07\/22\/meteo-du-15-au-24-juillet-2022_chaud\/","url":"https:\/\/www.meteolafleche.com\/actualite\/2022\/07\/22\/meteo-du-15-au-24-juillet-2022_chaud\/","name":"Toute la m\u00e9t\u00e9o du 15 au 24 Juillet 2022 sous de fortes chaleurs ?","isPartOf":{"@id":"http:\/\/www.meteolafleche.com\/actualite\/#website"},"primaryImageOfPage":{"@id":"https:\/\/www.meteolafleche.com\/actualite\/2022\/07\/22\/meteo-du-15-au-24-juillet-2022_chaud\/#primaryimage"},"image":{"@id":"https:\/\/www.meteolafleche.com\/actualite\/2022\/07\/22\/meteo-du-15-au-24-juillet-2022_chaud\/#primaryimage"},"thumbnailUrl":"http:\/\/www.meteolafleche.com\/actualite\/wp-content\/uploads\/2022\/07\/220719_meteo_france.png","datePublished":"2022-07-22T09:21:00+00:00","author":{"@id":"http:\/\/www.meteolafleche.com\/actualite\/#\/schema\/person\/a3f335c48c6b0b07b3a7ff55abb5e7a5"},"description":"Les tendances m\u00e9t\u00e9o pour la fin du viaduc de la f\u00eate nationale 2022 sous de tr\u00e8s fortes chaleurs ? suivi d'un rafraichissement ?","breadcrumb":{"@id":"https:\/\/www.meteolafleche.com\/actualite\/2022\/07\/22\/meteo-du-15-au-24-juillet-2022_chaud\/#breadcrumb"},"inLanguage":"fr-FR","potentialAction":[{"@type":"ReadAction","target":["https:\/\/www.meteolafleche.com\/actualite\/2022\/07\/22\/meteo-du-15-au-24-juillet-2022_chaud\/"]}]},{"@type":"ImageObject","inLanguage":"fr-FR","@id":"https:\/\/www.meteolafleche.com\/actualite\/2022\/07\/22\/meteo-du-15-au-24-juillet-2022_chaud\/#primaryimage","url":"http:\/\/www.meteolafleche.com\/actualite\/wp-content\/uploads\/2022\/07\/220719_meteo_france.png","contentUrl":"http:\/\/www.meteolafleche.com\/actualite\/wp-content\/uploads\/2022\/07\/220719_meteo_france.png"},{"@type":"BreadcrumbList","@id":"https:\/\/www.meteolafleche.com\/actualite\/2022\/07\/22\/meteo-du-15-au-24-juillet-2022_chaud\/#breadcrumb","itemListElement":[{"@type":"ListItem","position":1,"name":"Accueil","item":"http:\/\/www.meteolafleche.com\/actualite\/"},{"@type":"ListItem","position":2,"name":"M\u00e9t\u00e9o du 15 au 24 Juillet 2022 chaud"}]},{"@type":"WebSite","@id":"http:\/\/www.meteolafleche.com\/actualite\/#website","url":"http:\/\/www.meteolafleche.com\/actualite\/","name":"M\u00e9t\u00e9olafleche - Blog actualit\u00e9s","description":"Actualit\u00e9s m\u00e9t\u00e9o ","potentialAction":[{"@type":"SearchAction","target":{"@type":"EntryPoint","urlTemplate":"http:\/\/www.meteolafleche.com\/actualite\/?s={search_term_string}"},"query-input":{"@type":"PropertyValueSpecification","valueRequired":true,"valueName":"search_term_string"}}],"inLanguage":"fr-FR"},{"@type":"Person","@id":"http:\/\/www.meteolafleche.com\/actualite\/#\/schema\/person\/a3f335c48c6b0b07b3a7ff55abb5e7a5","name":"M\u00e9t\u00e9olafl\u00e8che","image":{"@type":"ImageObject","inLanguage":"fr-FR","@id":"https:\/\/secure.gravatar.com\/avatar\/87018e78a84df868f9910cf7db506cf0e115cd6493382a089a41e0cf87a80762?s=96&d=mm&r=g","url":"https:\/\/secure.gravatar.com\/avatar\/87018e78a84df868f9910cf7db506cf0e115cd6493382a089a41e0cf87a80762?s=96&d=mm&r=g","contentUrl":"https:\/\/secure.gravatar.com\/avatar\/87018e78a84df868f9910cf7db506cf0e115cd6493382a089a41e0cf87a80762?s=96&d=mm&r=g","caption":"M\u00e9t\u00e9olafl\u00e8che"},"sameAs":["http:\/\/www.meteolafleche.com\/actualite"]}]}},"_links":{"self":[{"href":"https:\/\/www.meteolafleche.com\/actualite\/wp-json\/wp\/v2\/posts\/751","targetHints":{"allow":["GET"]}}],"collection":[{"href":"https:\/\/www.meteolafleche.com\/actualite\/wp-json\/wp\/v2\/posts"}],"about":[{"href":"https:\/\/www.meteolafleche.com\/actualite\/wp-json\/wp\/v2\/types\/post"}],"author":[{"embeddable":true,"href":"https:\/\/www.meteolafleche.com\/actualite\/wp-json\/wp\/v2\/users\/1"}],"replies":[{"embeddable":true,"href":"https:\/\/www.meteolafleche.com\/actualite\/wp-json\/wp\/v2\/comments?post=751"}],"version-history":[{"count":1,"href":"https:\/\/www.meteolafleche.com\/actualite\/wp-json\/wp\/v2\/posts\/751\/revisions"}],"predecessor-version":[{"id":754,"href":"https:\/\/www.meteolafleche.com\/actualite\/wp-json\/wp\/v2\/posts\/751\/revisions\/754"}],"wp:attachment":[{"href":"https:\/\/www.meteolafleche.com\/actualite\/wp-json\/wp\/v2\/media?parent=751"}],"wp:term":[{"taxonomy":"category","embeddable":true,"href":"https:\/\/www.meteolafleche.com\/actualite\/wp-json\/wp\/v2\/categories?post=751"},{"taxonomy":"post_tag","embeddable":true,"href":"https:\/\/www.meteolafleche.com\/actualite\/wp-json\/wp\/v2\/tags?post=751"}],"curies":[{"name":"wp","href":"https:\/\/api.w.org\/{rel}","templated":true}]}}