{"id":694,"date":"2022-04-08T12:13:00","date_gmt":"2022-04-08T10:13:00","guid":{"rendered":"http:\/\/www.meteolafleche.com\/actualite\/?p=694"},"modified":"2022-04-06T10:27:44","modified_gmt":"2022-04-06T08:27:44","slug":"meteo-du-8-au-17-avril-2022-paques","status":"publish","type":"post","link":"https:\/\/www.meteolafleche.com\/actualite\/2022\/04\/08\/meteo-du-8-au-17-avril-2022-paques\/","title":{"rendered":"M\u00e9t\u00e9o du 8 au 17 Avril 2022 P\u00e2ques"},"content":{"rendered":"<div id=\"meteo-3846813064\" class=\"meteo-avant-contenu meteo-entity-placement\"><script async src=\"\/\/pagead2.googlesyndication.com\/pagead\/js\/adsbygoogle.js?client=ca-pub-0501790310760996\" crossorigin=\"anonymous\"><\/script><ins class=\"adsbygoogle\" style=\"display:block;\" data-ad-client=\"ca-pub-0501790310760996\" \ndata-ad-slot=\"9802369648\" \ndata-ad-format=\"auto\"><\/ins>\n<script> \n(adsbygoogle = window.adsbygoogle || []).push({}); \n<\/script>\n<\/div>\n<p>Les vacances de P\u00e2ques devraient bien d\u00e9buter dans l&rsquo;humidit\u00e9 comme nous l&rsquo;indiquions d\u00e9j\u00e0 sur <a href=\"http:\/\/www.meteolafleche.com\/actualite\/2022\/04\/01\/meteo-du-1er-au-10-avril-2022-debut-des-vacances-de-paques\/\">http:\/\/www.meteolafleche.com\/actualite\/2022\/04\/01\/meteo-du-1er-au-10-avril-2022-debut-des-vacances-de-paques\/<\/a><\/p>\n\n\n\n<figure class=\"wp-block-image size-full\"><img loading=\"lazy\" decoding=\"async\" width=\"600\" height=\"502\" src=\"http:\/\/www.meteolafleche.com\/actualite\/wp-content\/uploads\/2022\/04\/220412_meteo_france.png\" alt=\"M\u00e9t\u00e9o 12 Avril 2022\" class=\"wp-image-695\" srcset=\"https:\/\/www.meteolafleche.com\/actualite\/wp-content\/uploads\/2022\/04\/220412_meteo_france.png 600w, https:\/\/www.meteolafleche.com\/actualite\/wp-content\/uploads\/2022\/04\/220412_meteo_france-300x251.png 300w\" sizes=\"auto, (max-width: 600px) 100vw, 600px\" \/><\/figure>\n\n\n\n<p>Une d\u00e9gradation plus g\u00e9n\u00e9ralis\u00e9e pourrait se produire durant cette p\u00e9riode ; les basses pressions concerneraient \u00e9galement les r\u00e9gions bordant la Mer M\u00e9diterran\u00e9e laissant penser \u00e0 une offensive orageuse.<\/p>\n\n\n\n<p>\u00c9videmment, vu l&rsquo;\u00e9ch\u00e9ance, il faudra confirmer (ou infirmer) la pr\u00e9vision la veille voire le jour m\u00eame.<\/p>\n\n\n\n<p>Mais retenons la douceur printani\u00e8re.<\/p>\n\n\n\n<figure class=\"wp-block-image size-full\"><img loading=\"lazy\" decoding=\"async\" width=\"600\" height=\"502\" src=\"http:\/\/www.meteolafleche.com\/actualite\/wp-content\/uploads\/2022\/04\/220417_meteo_france.png\" alt=\"M\u00e9t\u00e9o 17 Avril 2022 P\u00e2ques\" class=\"wp-image-696\" srcset=\"https:\/\/www.meteolafleche.com\/actualite\/wp-content\/uploads\/2022\/04\/220417_meteo_france.png 600w, https:\/\/www.meteolafleche.com\/actualite\/wp-content\/uploads\/2022\/04\/220417_meteo_france-300x251.png 300w\" sizes=\"auto, (max-width: 600px) 100vw, 600px\" \/><\/figure>\n\n\n\n<p>Les hautes pressions pourraient revenir par le Sud r\u00e9duisant le risque d&rsquo;averses un peu partout ; le ressenti serait alors davantage printanier sur le pays !<\/p>\n\n\n\n<p>Ce serait aussi la p\u00e9riode des grandes mar\u00e9es ; comme souvent la houle tombe \u00e0 cette p\u00e9riode de l&rsquo;ann\u00e9e comme l&rsquo;an dernier <a href=\"https:\/\/www.youtube.com\/watch?v=5wSi9A5YZ_4\">https:\/\/www.youtube.com\/watch?v=5wSi9A5YZ_4<\/a><\/p>\n\n\n\n<p>Une exception en cette ann\u00e9e 2022 ?<\/p>\n<div id=\"meteo-3552087265\" class=\"meteo-apres-le-contenu meteo-entity-placement\"><script async src=\"\/\/pagead2.googlesyndication.com\/pagead\/js\/adsbygoogle.js?client=ca-pub-0501790310760996\" crossorigin=\"anonymous\"><\/script><ins class=\"adsbygoogle\" style=\"display:block;\" data-ad-client=\"ca-pub-0501790310760996\" \ndata-ad-slot=\"7540452242\" \ndata-ad-format=\"auto\"><\/ins>\n<script> \n(adsbygoogle = window.adsbygoogle || []).push({}); \n<\/script>\n<\/div>","protected":false},"excerpt":{"rendered":"<p>Les vacances de P\u00e2ques devraient bien d\u00e9buter dans l&rsquo;humidit\u00e9 comme nous l&rsquo;indiquions d\u00e9j\u00e0 sur http:\/\/www.meteolafleche.com\/actualite\/2022\/04\/01\/meteo-du-1er-au-10-avril-2022-debut-des-vacances-de-paques\/ Une d\u00e9gradation plus g\u00e9n\u00e9ralis\u00e9e pourrait se produire durant cette p\u00e9riode ; les basses pressions concerneraient \u00e9galement les r\u00e9gions bordant la Mer M\u00e9diterran\u00e9e laissant penser \u00e0 une offensive orageuse. \u00c9videmment, vu l&rsquo;\u00e9ch\u00e9ance, il faudra confirmer (ou infirmer) la pr\u00e9vision la veille [&hellip;]<\/p>\n","protected":false},"author":1,"featured_media":0,"comment_status":"open","ping_status":"open","sticky":false,"template":"","format":"standard","meta":{"footnotes":""},"categories":[1],"tags":[117,122,105,83,62,17,84,16],"class_list":["post-694","post","type-post","status-publish","format-standard","hentry","category-tendance-meteo-a-long-terme","tag-117","tag-122","tag-105","tag-avril","tag-grandes-marees","tag-meteo","tag-paques","tag-previsions"],"yoast_head":"<!-- This site is optimized with the Yoast SEO plugin v27.4 - https:\/\/yoast.com\/product\/yoast-seo-wordpress\/ -->\n<title>Toute la m\u00e9t\u00e9o du 8 au 17 Avril 2022 P\u00e2ques et grandes mar\u00e9es<\/title>\n<meta name=\"description\" content=\"Les tendances m\u00e9t\u00e9o pour la p\u00e9riode du 8 au 17 Avril 2022 consacr\u00e9es \u00e0 P\u00e2ques et aux grandes mar\u00e9es ; temps agit\u00e9 ? calme ? houle pr\u00e9sente ?\" \/>\n<meta name=\"robots\" content=\"index, follow, max-snippet:-1, max-image-preview:large, max-video-preview:-1\" \/>\n<link rel=\"canonical\" href=\"https:\/\/www.meteolafleche.com\/actualite\/2022\/04\/08\/meteo-du-8-au-17-avril-2022-paques\/\" \/>\n<meta property=\"og:locale\" content=\"fr_FR\" \/>\n<meta property=\"og:type\" content=\"article\" \/>\n<meta property=\"og:title\" content=\"Toute la m\u00e9t\u00e9o du 8 au 17 Avril 2022 P\u00e2ques et grandes mar\u00e9es\" \/>\n<meta property=\"og:description\" content=\"Les tendances m\u00e9t\u00e9o pour la p\u00e9riode du 8 au 17 Avril 2022 consacr\u00e9es \u00e0 P\u00e2ques et aux grandes mar\u00e9es ; temps agit\u00e9 ? calme ? houle pr\u00e9sente ?\" \/>\n<meta property=\"og:url\" content=\"https:\/\/www.meteolafleche.com\/actualite\/2022\/04\/08\/meteo-du-8-au-17-avril-2022-paques\/\" \/>\n<meta property=\"og:site_name\" content=\"M\u00e9t\u00e9olafleche\" \/>\n<meta property=\"article:publisher\" content=\"https:\/\/fr-fr.facebook.com\/Meteolafleche\/\" \/>\n<meta property=\"article:published_time\" content=\"2022-04-08T10:13:00+00:00\" \/>\n<meta property=\"og:image\" content=\"http:\/\/www.meteolafleche.com\/actualite\/wp-content\/uploads\/2022\/04\/220412_meteo_france.png\" \/>\n<meta name=\"author\" content=\"M\u00e9t\u00e9olafl\u00e8che\" \/>\n<meta name=\"twitter:card\" content=\"summary_large_image\" \/>\n<meta name=\"twitter:creator\" content=\"@Meteolafleche\" \/>\n<meta name=\"twitter:site\" content=\"@Meteolafleche\" \/>\n<meta name=\"twitter:label1\" content=\"\u00c9crit par\" \/>\n\t<meta name=\"twitter:data1\" content=\"M\u00e9t\u00e9olafl\u00e8che\" \/>\n\t<meta name=\"twitter:label2\" content=\"Dur\u00e9e de lecture estim\u00e9e\" \/>\n\t<meta name=\"twitter:data2\" content=\"1 minute\" \/>\n<script type=\"application\/ld+json\" class=\"yoast-schema-graph\">{\"@context\":\"https:\\\/\\\/schema.org\",\"@graph\":[{\"@type\":\"Article\",\"@id\":\"https:\\\/\\\/www.meteolafleche.com\\\/actualite\\\/2022\\\/04\\\/08\\\/meteo-du-8-au-17-avril-2022-paques\\\/#article\",\"isPartOf\":{\"@id\":\"https:\\\/\\\/www.meteolafleche.com\\\/actualite\\\/2022\\\/04\\\/08\\\/meteo-du-8-au-17-avril-2022-paques\\\/\"},\"author\":{\"name\":\"M\u00e9t\u00e9olafl\u00e8che\",\"@id\":\"https:\\\/\\\/www.meteolafleche.com\\\/actualite\\\/#\\\/schema\\\/person\\\/a3f335c48c6b0b07b3a7ff55abb5e7a5\"},\"headline\":\"M\u00e9t\u00e9o du 8 au 17 Avril 2022 P\u00e2ques\",\"datePublished\":\"2022-04-08T10:13:00+00:00\",\"mainEntityOfPage\":{\"@id\":\"https:\\\/\\\/www.meteolafleche.com\\\/actualite\\\/2022\\\/04\\\/08\\\/meteo-du-8-au-17-avril-2022-paques\\\/\"},\"wordCount\":158,\"commentCount\":1,\"image\":{\"@id\":\"https:\\\/\\\/www.meteolafleche.com\\\/actualite\\\/2022\\\/04\\\/08\\\/meteo-du-8-au-17-avril-2022-paques\\\/#primaryimage\"},\"thumbnailUrl\":\"http:\\\/\\\/www.meteolafleche.com\\\/actualite\\\/wp-content\\\/uploads\\\/2022\\\/04\\\/220412_meteo_france.png\",\"keywords\":[\"17\",\"2022\",\"8\",\"avril\",\"grandes mar\u00e9es\",\"m\u00e9t\u00e9o\",\"paques\",\"Pr\u00e9visions\"],\"articleSection\":[\"Tendance m\u00e9t\u00e9o \u00e0 long terme\"],\"inLanguage\":\"fr-FR\",\"potentialAction\":[{\"@type\":\"CommentAction\",\"name\":\"Comment\",\"target\":[\"https:\\\/\\\/www.meteolafleche.com\\\/actualite\\\/2022\\\/04\\\/08\\\/meteo-du-8-au-17-avril-2022-paques\\\/#respond\"]}]},{\"@type\":\"WebPage\",\"@id\":\"https:\\\/\\\/www.meteolafleche.com\\\/actualite\\\/2022\\\/04\\\/08\\\/meteo-du-8-au-17-avril-2022-paques\\\/\",\"url\":\"https:\\\/\\\/www.meteolafleche.com\\\/actualite\\\/2022\\\/04\\\/08\\\/meteo-du-8-au-17-avril-2022-paques\\\/\",\"name\":\"Toute la m\u00e9t\u00e9o du 8 au 17 Avril 2022 P\u00e2ques et grandes mar\u00e9es\",\"isPartOf\":{\"@id\":\"https:\\\/\\\/www.meteolafleche.com\\\/actualite\\\/#website\"},\"primaryImageOfPage\":{\"@id\":\"https:\\\/\\\/www.meteolafleche.com\\\/actualite\\\/2022\\\/04\\\/08\\\/meteo-du-8-au-17-avril-2022-paques\\\/#primaryimage\"},\"image\":{\"@id\":\"https:\\\/\\\/www.meteolafleche.com\\\/actualite\\\/2022\\\/04\\\/08\\\/meteo-du-8-au-17-avril-2022-paques\\\/#primaryimage\"},\"thumbnailUrl\":\"http:\\\/\\\/www.meteolafleche.com\\\/actualite\\\/wp-content\\\/uploads\\\/2022\\\/04\\\/220412_meteo_france.png\",\"datePublished\":\"2022-04-08T10:13:00+00:00\",\"author\":{\"@id\":\"https:\\\/\\\/www.meteolafleche.com\\\/actualite\\\/#\\\/schema\\\/person\\\/a3f335c48c6b0b07b3a7ff55abb5e7a5\"},\"description\":\"Les tendances m\u00e9t\u00e9o pour la p\u00e9riode du 8 au 17 Avril 2022 consacr\u00e9es \u00e0 P\u00e2ques et aux grandes mar\u00e9es ; temps agit\u00e9 ? calme ? houle pr\u00e9sente ?\",\"breadcrumb\":{\"@id\":\"https:\\\/\\\/www.meteolafleche.com\\\/actualite\\\/2022\\\/04\\\/08\\\/meteo-du-8-au-17-avril-2022-paques\\\/#breadcrumb\"},\"inLanguage\":\"fr-FR\",\"potentialAction\":[{\"@type\":\"ReadAction\",\"target\":[\"https:\\\/\\\/www.meteolafleche.com\\\/actualite\\\/2022\\\/04\\\/08\\\/meteo-du-8-au-17-avril-2022-paques\\\/\"]}]},{\"@type\":\"ImageObject\",\"inLanguage\":\"fr-FR\",\"@id\":\"https:\\\/\\\/www.meteolafleche.com\\\/actualite\\\/2022\\\/04\\\/08\\\/meteo-du-8-au-17-avril-2022-paques\\\/#primaryimage\",\"url\":\"https:\\\/\\\/www.meteolafleche.com\\\/actualite\\\/wp-content\\\/uploads\\\/2022\\\/04\\\/220412_meteo_france.png\",\"contentUrl\":\"https:\\\/\\\/www.meteolafleche.com\\\/actualite\\\/wp-content\\\/uploads\\\/2022\\\/04\\\/220412_meteo_france.png\",\"width\":600,\"height\":502},{\"@type\":\"BreadcrumbList\",\"@id\":\"https:\\\/\\\/www.meteolafleche.com\\\/actualite\\\/2022\\\/04\\\/08\\\/meteo-du-8-au-17-avril-2022-paques\\\/#breadcrumb\",\"itemListElement\":[{\"@type\":\"ListItem\",\"position\":1,\"name\":\"Accueil\",\"item\":\"https:\\\/\\\/www.meteolafleche.com\\\/actualite\\\/\"},{\"@type\":\"ListItem\",\"position\":2,\"name\":\"M\u00e9t\u00e9o du 8 au 17 Avril 2022 P\u00e2ques\"}]},{\"@type\":\"WebSite\",\"@id\":\"https:\\\/\\\/www.meteolafleche.com\\\/actualite\\\/#website\",\"url\":\"https:\\\/\\\/www.meteolafleche.com\\\/actualite\\\/\",\"name\":\"M\u00e9t\u00e9olafleche - Blog actualit\u00e9s\",\"description\":\"Actualit\u00e9s m\u00e9t\u00e9o \",\"potentialAction\":[{\"@type\":\"SearchAction\",\"target\":{\"@type\":\"EntryPoint\",\"urlTemplate\":\"https:\\\/\\\/www.meteolafleche.com\\\/actualite\\\/?s={search_term_string}\"},\"query-input\":{\"@type\":\"PropertyValueSpecification\",\"valueRequired\":true,\"valueName\":\"search_term_string\"}}],\"inLanguage\":\"fr-FR\"},{\"@type\":\"Person\",\"@id\":\"https:\\\/\\\/www.meteolafleche.com\\\/actualite\\\/#\\\/schema\\\/person\\\/a3f335c48c6b0b07b3a7ff55abb5e7a5\",\"name\":\"M\u00e9t\u00e9olafl\u00e8che\",\"image\":{\"@type\":\"ImageObject\",\"inLanguage\":\"fr-FR\",\"@id\":\"https:\\\/\\\/secure.gravatar.com\\\/avatar\\\/87018e78a84df868f9910cf7db506cf0e115cd6493382a089a41e0cf87a80762?s=96&d=mm&r=g\",\"url\":\"https:\\\/\\\/secure.gravatar.com\\\/avatar\\\/87018e78a84df868f9910cf7db506cf0e115cd6493382a089a41e0cf87a80762?s=96&d=mm&r=g\",\"contentUrl\":\"https:\\\/\\\/secure.gravatar.com\\\/avatar\\\/87018e78a84df868f9910cf7db506cf0e115cd6493382a089a41e0cf87a80762?s=96&d=mm&r=g\",\"caption\":\"M\u00e9t\u00e9olafl\u00e8che\"},\"sameAs\":[\"http:\\\/\\\/www.meteolafleche.com\\\/actualite\"]}]}<\/script>\n<!-- \/ Yoast SEO plugin. -->","yoast_head_json":{"title":"Toute la m\u00e9t\u00e9o du 8 au 17 Avril 2022 P\u00e2ques et grandes mar\u00e9es","description":"Les tendances m\u00e9t\u00e9o pour la p\u00e9riode du 8 au 17 Avril 2022 consacr\u00e9es \u00e0 P\u00e2ques et aux grandes mar\u00e9es ; temps agit\u00e9 ? calme ? houle pr\u00e9sente ?","robots":{"index":"index","follow":"follow","max-snippet":"max-snippet:-1","max-image-preview":"max-image-preview:large","max-video-preview":"max-video-preview:-1"},"canonical":"https:\/\/www.meteolafleche.com\/actualite\/2022\/04\/08\/meteo-du-8-au-17-avril-2022-paques\/","og_locale":"fr_FR","og_type":"article","og_title":"Toute la m\u00e9t\u00e9o du 8 au 17 Avril 2022 P\u00e2ques et grandes mar\u00e9es","og_description":"Les tendances m\u00e9t\u00e9o pour la p\u00e9riode du 8 au 17 Avril 2022 consacr\u00e9es \u00e0 P\u00e2ques et aux grandes mar\u00e9es ; temps agit\u00e9 ? calme ? houle pr\u00e9sente ?","og_url":"https:\/\/www.meteolafleche.com\/actualite\/2022\/04\/08\/meteo-du-8-au-17-avril-2022-paques\/","og_site_name":"M\u00e9t\u00e9olafleche","article_publisher":"https:\/\/fr-fr.facebook.com\/Meteolafleche\/","article_published_time":"2022-04-08T10:13:00+00:00","og_image":[{"url":"http:\/\/www.meteolafleche.com\/actualite\/wp-content\/uploads\/2022\/04\/220412_meteo_france.png","type":"","width":"","height":""}],"author":"M\u00e9t\u00e9olafl\u00e8che","twitter_card":"summary_large_image","twitter_creator":"@Meteolafleche","twitter_site":"@Meteolafleche","twitter_misc":{"\u00c9crit par":"M\u00e9t\u00e9olafl\u00e8che","Dur\u00e9e de lecture estim\u00e9e":"1 minute"},"schema":{"@context":"https:\/\/schema.org","@graph":[{"@type":"Article","@id":"https:\/\/www.meteolafleche.com\/actualite\/2022\/04\/08\/meteo-du-8-au-17-avril-2022-paques\/#article","isPartOf":{"@id":"https:\/\/www.meteolafleche.com\/actualite\/2022\/04\/08\/meteo-du-8-au-17-avril-2022-paques\/"},"author":{"name":"M\u00e9t\u00e9olafl\u00e8che","@id":"https:\/\/www.meteolafleche.com\/actualite\/#\/schema\/person\/a3f335c48c6b0b07b3a7ff55abb5e7a5"},"headline":"M\u00e9t\u00e9o du 8 au 17 Avril 2022 P\u00e2ques","datePublished":"2022-04-08T10:13:00+00:00","mainEntityOfPage":{"@id":"https:\/\/www.meteolafleche.com\/actualite\/2022\/04\/08\/meteo-du-8-au-17-avril-2022-paques\/"},"wordCount":158,"commentCount":1,"image":{"@id":"https:\/\/www.meteolafleche.com\/actualite\/2022\/04\/08\/meteo-du-8-au-17-avril-2022-paques\/#primaryimage"},"thumbnailUrl":"http:\/\/www.meteolafleche.com\/actualite\/wp-content\/uploads\/2022\/04\/220412_meteo_france.png","keywords":["17","2022","8","avril","grandes mar\u00e9es","m\u00e9t\u00e9o","paques","Pr\u00e9visions"],"articleSection":["Tendance m\u00e9t\u00e9o \u00e0 long terme"],"inLanguage":"fr-FR","potentialAction":[{"@type":"CommentAction","name":"Comment","target":["https:\/\/www.meteolafleche.com\/actualite\/2022\/04\/08\/meteo-du-8-au-17-avril-2022-paques\/#respond"]}]},{"@type":"WebPage","@id":"https:\/\/www.meteolafleche.com\/actualite\/2022\/04\/08\/meteo-du-8-au-17-avril-2022-paques\/","url":"https:\/\/www.meteolafleche.com\/actualite\/2022\/04\/08\/meteo-du-8-au-17-avril-2022-paques\/","name":"Toute la m\u00e9t\u00e9o du 8 au 17 Avril 2022 P\u00e2ques et grandes mar\u00e9es","isPartOf":{"@id":"https:\/\/www.meteolafleche.com\/actualite\/#website"},"primaryImageOfPage":{"@id":"https:\/\/www.meteolafleche.com\/actualite\/2022\/04\/08\/meteo-du-8-au-17-avril-2022-paques\/#primaryimage"},"image":{"@id":"https:\/\/www.meteolafleche.com\/actualite\/2022\/04\/08\/meteo-du-8-au-17-avril-2022-paques\/#primaryimage"},"thumbnailUrl":"http:\/\/www.meteolafleche.com\/actualite\/wp-content\/uploads\/2022\/04\/220412_meteo_france.png","datePublished":"2022-04-08T10:13:00+00:00","author":{"@id":"https:\/\/www.meteolafleche.com\/actualite\/#\/schema\/person\/a3f335c48c6b0b07b3a7ff55abb5e7a5"},"description":"Les tendances m\u00e9t\u00e9o pour la p\u00e9riode du 8 au 17 Avril 2022 consacr\u00e9es \u00e0 P\u00e2ques et aux grandes mar\u00e9es ; temps agit\u00e9 ? calme ? houle pr\u00e9sente ?","breadcrumb":{"@id":"https:\/\/www.meteolafleche.com\/actualite\/2022\/04\/08\/meteo-du-8-au-17-avril-2022-paques\/#breadcrumb"},"inLanguage":"fr-FR","potentialAction":[{"@type":"ReadAction","target":["https:\/\/www.meteolafleche.com\/actualite\/2022\/04\/08\/meteo-du-8-au-17-avril-2022-paques\/"]}]},{"@type":"ImageObject","inLanguage":"fr-FR","@id":"https:\/\/www.meteolafleche.com\/actualite\/2022\/04\/08\/meteo-du-8-au-17-avril-2022-paques\/#primaryimage","url":"https:\/\/www.meteolafleche.com\/actualite\/wp-content\/uploads\/2022\/04\/220412_meteo_france.png","contentUrl":"https:\/\/www.meteolafleche.com\/actualite\/wp-content\/uploads\/2022\/04\/220412_meteo_france.png","width":600,"height":502},{"@type":"BreadcrumbList","@id":"https:\/\/www.meteolafleche.com\/actualite\/2022\/04\/08\/meteo-du-8-au-17-avril-2022-paques\/#breadcrumb","itemListElement":[{"@type":"ListItem","position":1,"name":"Accueil","item":"https:\/\/www.meteolafleche.com\/actualite\/"},{"@type":"ListItem","position":2,"name":"M\u00e9t\u00e9o du 8 au 17 Avril 2022 P\u00e2ques"}]},{"@type":"WebSite","@id":"https:\/\/www.meteolafleche.com\/actualite\/#website","url":"https:\/\/www.meteolafleche.com\/actualite\/","name":"M\u00e9t\u00e9olafleche - Blog actualit\u00e9s","description":"Actualit\u00e9s m\u00e9t\u00e9o ","potentialAction":[{"@type":"SearchAction","target":{"@type":"EntryPoint","urlTemplate":"https:\/\/www.meteolafleche.com\/actualite\/?s={search_term_string}"},"query-input":{"@type":"PropertyValueSpecification","valueRequired":true,"valueName":"search_term_string"}}],"inLanguage":"fr-FR"},{"@type":"Person","@id":"https:\/\/www.meteolafleche.com\/actualite\/#\/schema\/person\/a3f335c48c6b0b07b3a7ff55abb5e7a5","name":"M\u00e9t\u00e9olafl\u00e8che","image":{"@type":"ImageObject","inLanguage":"fr-FR","@id":"https:\/\/secure.gravatar.com\/avatar\/87018e78a84df868f9910cf7db506cf0e115cd6493382a089a41e0cf87a80762?s=96&d=mm&r=g","url":"https:\/\/secure.gravatar.com\/avatar\/87018e78a84df868f9910cf7db506cf0e115cd6493382a089a41e0cf87a80762?s=96&d=mm&r=g","contentUrl":"https:\/\/secure.gravatar.com\/avatar\/87018e78a84df868f9910cf7db506cf0e115cd6493382a089a41e0cf87a80762?s=96&d=mm&r=g","caption":"M\u00e9t\u00e9olafl\u00e8che"},"sameAs":["http:\/\/www.meteolafleche.com\/actualite"]}]}},"_links":{"self":[{"href":"https:\/\/www.meteolafleche.com\/actualite\/wp-json\/wp\/v2\/posts\/694","targetHints":{"allow":["GET"]}}],"collection":[{"href":"https:\/\/www.meteolafleche.com\/actualite\/wp-json\/wp\/v2\/posts"}],"about":[{"href":"https:\/\/www.meteolafleche.com\/actualite\/wp-json\/wp\/v2\/types\/post"}],"author":[{"embeddable":true,"href":"https:\/\/www.meteolafleche.com\/actualite\/wp-json\/wp\/v2\/users\/1"}],"replies":[{"embeddable":true,"href":"https:\/\/www.meteolafleche.com\/actualite\/wp-json\/wp\/v2\/comments?post=694"}],"version-history":[{"count":1,"href":"https:\/\/www.meteolafleche.com\/actualite\/wp-json\/wp\/v2\/posts\/694\/revisions"}],"predecessor-version":[{"id":697,"href":"https:\/\/www.meteolafleche.com\/actualite\/wp-json\/wp\/v2\/posts\/694\/revisions\/697"}],"wp:attachment":[{"href":"https:\/\/www.meteolafleche.com\/actualite\/wp-json\/wp\/v2\/media?parent=694"}],"wp:term":[{"taxonomy":"category","embeddable":true,"href":"https:\/\/www.meteolafleche.com\/actualite\/wp-json\/wp\/v2\/categories?post=694"},{"taxonomy":"post_tag","embeddable":true,"href":"https:\/\/www.meteolafleche.com\/actualite\/wp-json\/wp\/v2\/tags?post=694"}],"curies":[{"name":"wp","href":"https:\/\/api.w.org\/{rel}","templated":true}]}}