{"id":679,"date":"2022-03-18T11:23:00","date_gmt":"2022-03-18T10:23:00","guid":{"rendered":"http:\/\/www.meteolafleche.com\/actualite\/?p=679"},"modified":"2022-03-16T11:28:49","modified_gmt":"2022-03-16T10:28:49","slug":"meteo-du-18-au-27-mars-2022-humide","status":"publish","type":"post","link":"https:\/\/www.meteolafleche.com\/actualite\/2022\/03\/18\/meteo-du-18-au-27-mars-2022-humide\/","title":{"rendered":"M\u00e9t\u00e9o du 18 au 27 Mars 2022 grandes mar\u00e9es"},"content":{"rendered":"<div id=\"meteo-3418188031\" class=\"meteo-avant-contenu meteo-entity-placement\"><script async src=\"\/\/pagead2.googlesyndication.com\/pagead\/js\/adsbygoogle.js?client=ca-pub-0501790310760996\" crossorigin=\"anonymous\"><\/script><ins class=\"adsbygoogle\" style=\"display:block;\" data-ad-client=\"ca-pub-0501790310760996\" \ndata-ad-slot=\"9802369648\" \ndata-ad-format=\"auto\"><\/ins>\n<script> \n(adsbygoogle = window.adsbygoogle || []).push({}); \n<\/script>\n<\/div>\n<p>Vers un temps toujours aussi doux par rapport \u00e0 la p\u00e9riode pr\u00e9c\u00e9dente <a href=\"http:\/\/www.meteolafleche.com\/actualite\/2022\/03\/11\/meteo-du-4-au-13-mars-2022-humide\/\">http:\/\/www.meteolafleche.com\/actualite\/2022\/03\/11\/meteo-du-4-au-13-mars-2022-humide\/<\/a><\/p>\n\n\n\n<p><\/p>\n\n\n\n<figure class=\"wp-block-image size-full\"><img loading=\"lazy\" decoding=\"async\" width=\"600\" height=\"502\" src=\"http:\/\/www.meteolafleche.com\/actualite\/wp-content\/uploads\/2022\/03\/220322_meteo_france_grandes_marees.png\" alt=\"M\u00e9t\u00e9o 22 Mars 2022 Grandes mar\u00e9es\" class=\"wp-image-680\" srcset=\"https:\/\/www.meteolafleche.com\/actualite\/wp-content\/uploads\/2022\/03\/220322_meteo_france_grandes_marees.png 600w, https:\/\/www.meteolafleche.com\/actualite\/wp-content\/uploads\/2022\/03\/220322_meteo_france_grandes_marees-300x251.png 300w\" sizes=\"auto, (max-width: 600px) 100vw, 600px\" \/><\/figure>\n\n\n\n<p>Le mois de Mars est plutot g\u00e9n\u00e9r\u00e9 en grandes mar\u00e9es puisque ce sera la seconde fois en 15 jours que les coefficients atteindraient les 100.<\/p>\n\n\n\n<p>En l&rsquo;occurrence, la houle serait relativement pr\u00e9sente de part la pr\u00e9sence d&rsquo;un syst\u00e8me d\u00e9pressionnaire assez lointain (Islande) et une goutte froide au large de la Bretagne.<\/p>\n\n\n\n<p>C\u00f4t\u00e9 temps, l&rsquo;air chaud et instable serait au programme prenant la forme de nombreux grains sur le Sud et l&rsquo;Ouest.<\/p>\n\n\n\n<figure class=\"wp-block-image size-full\"><img loading=\"lazy\" decoding=\"async\" width=\"600\" height=\"502\" src=\"http:\/\/www.meteolafleche.com\/actualite\/wp-content\/uploads\/2022\/03\/220327_meteo_france.png\" alt=\"M\u00e9t\u00e9o 27 Mars 2022\" class=\"wp-image-681\" srcset=\"https:\/\/www.meteolafleche.com\/actualite\/wp-content\/uploads\/2022\/03\/220327_meteo_france.png 600w, https:\/\/www.meteolafleche.com\/actualite\/wp-content\/uploads\/2022\/03\/220327_meteo_france-300x251.png 300w\" sizes=\"auto, (max-width: 600px) 100vw, 600px\" \/><\/figure>\n\n\n\n<p>A priori, l&rsquo;anticyclone Scandinave d\u00e9ploierait sa dorsale sur l&rsquo;ensemble des \u00eeles britanniques faisant basculer le flux au Nord-Est sur la France.<\/p>\n\n\n\n<p>La masse d&rsquo;air se rafraichirait voire se refroidirait avec un peu moins de pr\u00e9cipitations except\u00e9 sur le Sud de l&rsquo;hexagone.<\/p>\n<div id=\"meteo-3297070774\" class=\"meteo-apres-le-contenu meteo-entity-placement\"><script async src=\"\/\/pagead2.googlesyndication.com\/pagead\/js\/adsbygoogle.js?client=ca-pub-0501790310760996\" crossorigin=\"anonymous\"><\/script><ins class=\"adsbygoogle\" style=\"display:block;\" data-ad-client=\"ca-pub-0501790310760996\" \ndata-ad-slot=\"7540452242\" \ndata-ad-format=\"auto\"><\/ins>\n<script> \n(adsbygoogle = window.adsbygoogle || []).push({}); \n<\/script>\n<\/div>","protected":false},"excerpt":{"rendered":"<p>Vers un temps toujours aussi doux par rapport \u00e0 la p\u00e9riode pr\u00e9c\u00e9dente http:\/\/www.meteolafleche.com\/actualite\/2022\/03\/11\/meteo-du-4-au-13-mars-2022-humide\/ Le mois de Mars est plutot g\u00e9n\u00e9r\u00e9 en grandes mar\u00e9es puisque ce sera la seconde fois en 15 jours que les coefficients atteindraient les 100. En l&rsquo;occurrence, la houle serait relativement pr\u00e9sente de part la pr\u00e9sence d&rsquo;un syst\u00e8me d\u00e9pressionnaire assez lointain (Islande) [&hellip;]<\/p>\n","protected":false},"author":1,"featured_media":0,"comment_status":"open","ping_status":"open","sticky":false,"template":"","format":"standard","meta":{"footnotes":""},"categories":[1],"tags":[99,122,21,62,81,17,16],"class_list":["post-679","post","type-post","status-publish","format-standard","hentry","category-tendance-meteo-a-long-terme","tag-99","tag-122","tag-21","tag-grandes-marees","tag-mars","tag-meteo","tag-previsions"],"yoast_head":"<!-- This site is optimized with the Yoast SEO plugin v27.5 - https:\/\/yoast.com\/product\/yoast-seo-wordpress\/ -->\n<title>Toute la m\u00e9t\u00e9o du 18 au 27 Mars 2022 humide et douce donc pritani\u00e8re ?<\/title>\n<meta name=\"description\" content=\"Les tendances m\u00e9t\u00e9o pour la p\u00e9riode du 18 au 27 Mars 2022 marqu\u00e9es par la douceur et l&#039;humidit\u00e9 ? ou vers un flux continental ?\" \/>\n<meta name=\"robots\" content=\"index, follow, max-snippet:-1, max-image-preview:large, max-video-preview:-1\" \/>\n<link rel=\"canonical\" href=\"http:\/\/www.meteolafleche.com\/actualite\/2022\/03\/18\/meteo-du-18-au-27-mars-2022-humide\/\" \/>\n<meta property=\"og:locale\" content=\"fr_FR\" \/>\n<meta property=\"og:type\" content=\"article\" \/>\n<meta property=\"og:title\" content=\"Toute la m\u00e9t\u00e9o du 18 au 27 Mars 2022 humide et douce donc pritani\u00e8re ?\" \/>\n<meta property=\"og:description\" content=\"Les tendances m\u00e9t\u00e9o pour la p\u00e9riode du 18 au 27 Mars 2022 marqu\u00e9es par la douceur et l&#039;humidit\u00e9 ? ou vers un flux continental ?\" \/>\n<meta property=\"og:url\" content=\"http:\/\/www.meteolafleche.com\/actualite\/2022\/03\/18\/meteo-du-18-au-27-mars-2022-humide\/\" \/>\n<meta property=\"og:site_name\" content=\"M\u00e9t\u00e9olafleche\" \/>\n<meta property=\"article:publisher\" content=\"https:\/\/fr-fr.facebook.com\/Meteolafleche\/\" \/>\n<meta property=\"article:published_time\" content=\"2022-03-18T10:23:00+00:00\" \/>\n<meta property=\"og:image\" content=\"http:\/\/www.meteolafleche.com\/actualite\/wp-content\/uploads\/2022\/03\/220322_meteo_france_grandes_marees.png\" \/>\n<meta name=\"author\" content=\"M\u00e9t\u00e9olafl\u00e8che\" \/>\n<meta name=\"twitter:card\" content=\"summary_large_image\" \/>\n<meta name=\"twitter:creator\" content=\"@Meteolafleche\" \/>\n<meta name=\"twitter:site\" content=\"@Meteolafleche\" \/>\n<meta name=\"twitter:label1\" content=\"\u00c9crit par\" \/>\n\t<meta name=\"twitter:data1\" content=\"M\u00e9t\u00e9olafl\u00e8che\" \/>\n\t<meta name=\"twitter:label2\" content=\"Dur\u00e9e de lecture estim\u00e9e\" \/>\n\t<meta name=\"twitter:data2\" content=\"2 minutes\" \/>\n<script type=\"application\/ld+json\" class=\"yoast-schema-graph\">{\"@context\":\"https:\\\/\\\/schema.org\",\"@graph\":[{\"@type\":\"Article\",\"@id\":\"http:\\\/\\\/www.meteolafleche.com\\\/actualite\\\/2022\\\/03\\\/18\\\/meteo-du-18-au-27-mars-2022-humide\\\/#article\",\"isPartOf\":{\"@id\":\"http:\\\/\\\/www.meteolafleche.com\\\/actualite\\\/2022\\\/03\\\/18\\\/meteo-du-18-au-27-mars-2022-humide\\\/\"},\"author\":{\"name\":\"M\u00e9t\u00e9olafl\u00e8che\",\"@id\":\"https:\\\/\\\/www.meteolafleche.com\\\/actualite\\\/#\\\/schema\\\/person\\\/a3f335c48c6b0b07b3a7ff55abb5e7a5\"},\"headline\":\"M\u00e9t\u00e9o du 18 au 27 Mars 2022 grandes mar\u00e9es\",\"datePublished\":\"2022-03-18T10:23:00+00:00\",\"mainEntityOfPage\":{\"@id\":\"http:\\\/\\\/www.meteolafleche.com\\\/actualite\\\/2022\\\/03\\\/18\\\/meteo-du-18-au-27-mars-2022-humide\\\/\"},\"wordCount\":152,\"commentCount\":1,\"image\":{\"@id\":\"http:\\\/\\\/www.meteolafleche.com\\\/actualite\\\/2022\\\/03\\\/18\\\/meteo-du-18-au-27-mars-2022-humide\\\/#primaryimage\"},\"thumbnailUrl\":\"http:\\\/\\\/www.meteolafleche.com\\\/actualite\\\/wp-content\\\/uploads\\\/2022\\\/03\\\/220322_meteo_france_grandes_marees.png\",\"keywords\":[\"18\",\"2022\",\"27\",\"grandes mar\u00e9es\",\"mars\",\"m\u00e9t\u00e9o\",\"Pr\u00e9visions\"],\"articleSection\":[\"Tendance m\u00e9t\u00e9o \u00e0 long terme\"],\"inLanguage\":\"fr-FR\",\"potentialAction\":[{\"@type\":\"CommentAction\",\"name\":\"Comment\",\"target\":[\"http:\\\/\\\/www.meteolafleche.com\\\/actualite\\\/2022\\\/03\\\/18\\\/meteo-du-18-au-27-mars-2022-humide\\\/#respond\"]}]},{\"@type\":\"WebPage\",\"@id\":\"http:\\\/\\\/www.meteolafleche.com\\\/actualite\\\/2022\\\/03\\\/18\\\/meteo-du-18-au-27-mars-2022-humide\\\/\",\"url\":\"http:\\\/\\\/www.meteolafleche.com\\\/actualite\\\/2022\\\/03\\\/18\\\/meteo-du-18-au-27-mars-2022-humide\\\/\",\"name\":\"Toute la m\u00e9t\u00e9o du 18 au 27 Mars 2022 humide et douce donc pritani\u00e8re ?\",\"isPartOf\":{\"@id\":\"https:\\\/\\\/www.meteolafleche.com\\\/actualite\\\/#website\"},\"primaryImageOfPage\":{\"@id\":\"http:\\\/\\\/www.meteolafleche.com\\\/actualite\\\/2022\\\/03\\\/18\\\/meteo-du-18-au-27-mars-2022-humide\\\/#primaryimage\"},\"image\":{\"@id\":\"http:\\\/\\\/www.meteolafleche.com\\\/actualite\\\/2022\\\/03\\\/18\\\/meteo-du-18-au-27-mars-2022-humide\\\/#primaryimage\"},\"thumbnailUrl\":\"http:\\\/\\\/www.meteolafleche.com\\\/actualite\\\/wp-content\\\/uploads\\\/2022\\\/03\\\/220322_meteo_france_grandes_marees.png\",\"datePublished\":\"2022-03-18T10:23:00+00:00\",\"author\":{\"@id\":\"https:\\\/\\\/www.meteolafleche.com\\\/actualite\\\/#\\\/schema\\\/person\\\/a3f335c48c6b0b07b3a7ff55abb5e7a5\"},\"description\":\"Les tendances m\u00e9t\u00e9o pour la p\u00e9riode du 18 au 27 Mars 2022 marqu\u00e9es par la douceur et l'humidit\u00e9 ? ou vers un flux continental ?\",\"breadcrumb\":{\"@id\":\"http:\\\/\\\/www.meteolafleche.com\\\/actualite\\\/2022\\\/03\\\/18\\\/meteo-du-18-au-27-mars-2022-humide\\\/#breadcrumb\"},\"inLanguage\":\"fr-FR\",\"potentialAction\":[{\"@type\":\"ReadAction\",\"target\":[\"http:\\\/\\\/www.meteolafleche.com\\\/actualite\\\/2022\\\/03\\\/18\\\/meteo-du-18-au-27-mars-2022-humide\\\/\"]}]},{\"@type\":\"ImageObject\",\"inLanguage\":\"fr-FR\",\"@id\":\"http:\\\/\\\/www.meteolafleche.com\\\/actualite\\\/2022\\\/03\\\/18\\\/meteo-du-18-au-27-mars-2022-humide\\\/#primaryimage\",\"url\":\"https:\\\/\\\/www.meteolafleche.com\\\/actualite\\\/wp-content\\\/uploads\\\/2022\\\/03\\\/220322_meteo_france_grandes_marees.png\",\"contentUrl\":\"https:\\\/\\\/www.meteolafleche.com\\\/actualite\\\/wp-content\\\/uploads\\\/2022\\\/03\\\/220322_meteo_france_grandes_marees.png\",\"width\":600,\"height\":502},{\"@type\":\"BreadcrumbList\",\"@id\":\"http:\\\/\\\/www.meteolafleche.com\\\/actualite\\\/2022\\\/03\\\/18\\\/meteo-du-18-au-27-mars-2022-humide\\\/#breadcrumb\",\"itemListElement\":[{\"@type\":\"ListItem\",\"position\":1,\"name\":\"Accueil\",\"item\":\"https:\\\/\\\/www.meteolafleche.com\\\/actualite\\\/\"},{\"@type\":\"ListItem\",\"position\":2,\"name\":\"M\u00e9t\u00e9o du 18 au 27 Mars 2022 grandes mar\u00e9es\"}]},{\"@type\":\"WebSite\",\"@id\":\"https:\\\/\\\/www.meteolafleche.com\\\/actualite\\\/#website\",\"url\":\"https:\\\/\\\/www.meteolafleche.com\\\/actualite\\\/\",\"name\":\"M\u00e9t\u00e9olafleche - Blog actualit\u00e9s\",\"description\":\"Actualit\u00e9s m\u00e9t\u00e9o \",\"potentialAction\":[{\"@type\":\"SearchAction\",\"target\":{\"@type\":\"EntryPoint\",\"urlTemplate\":\"https:\\\/\\\/www.meteolafleche.com\\\/actualite\\\/?s={search_term_string}\"},\"query-input\":{\"@type\":\"PropertyValueSpecification\",\"valueRequired\":true,\"valueName\":\"search_term_string\"}}],\"inLanguage\":\"fr-FR\"},{\"@type\":\"Person\",\"@id\":\"https:\\\/\\\/www.meteolafleche.com\\\/actualite\\\/#\\\/schema\\\/person\\\/a3f335c48c6b0b07b3a7ff55abb5e7a5\",\"name\":\"M\u00e9t\u00e9olafl\u00e8che\",\"image\":{\"@type\":\"ImageObject\",\"inLanguage\":\"fr-FR\",\"@id\":\"https:\\\/\\\/secure.gravatar.com\\\/avatar\\\/87018e78a84df868f9910cf7db506cf0e115cd6493382a089a41e0cf87a80762?s=96&d=mm&r=g\",\"url\":\"https:\\\/\\\/secure.gravatar.com\\\/avatar\\\/87018e78a84df868f9910cf7db506cf0e115cd6493382a089a41e0cf87a80762?s=96&d=mm&r=g\",\"contentUrl\":\"https:\\\/\\\/secure.gravatar.com\\\/avatar\\\/87018e78a84df868f9910cf7db506cf0e115cd6493382a089a41e0cf87a80762?s=96&d=mm&r=g\",\"caption\":\"M\u00e9t\u00e9olafl\u00e8che\"},\"sameAs\":[\"http:\\\/\\\/www.meteolafleche.com\\\/actualite\"]}]}<\/script>\n<!-- \/ Yoast SEO plugin. -->","yoast_head_json":{"title":"Toute la m\u00e9t\u00e9o du 18 au 27 Mars 2022 humide et douce donc pritani\u00e8re ?","description":"Les tendances m\u00e9t\u00e9o pour la p\u00e9riode du 18 au 27 Mars 2022 marqu\u00e9es par la douceur et l'humidit\u00e9 ? ou vers un flux continental ?","robots":{"index":"index","follow":"follow","max-snippet":"max-snippet:-1","max-image-preview":"max-image-preview:large","max-video-preview":"max-video-preview:-1"},"canonical":"http:\/\/www.meteolafleche.com\/actualite\/2022\/03\/18\/meteo-du-18-au-27-mars-2022-humide\/","og_locale":"fr_FR","og_type":"article","og_title":"Toute la m\u00e9t\u00e9o du 18 au 27 Mars 2022 humide et douce donc pritani\u00e8re ?","og_description":"Les tendances m\u00e9t\u00e9o pour la p\u00e9riode du 18 au 27 Mars 2022 marqu\u00e9es par la douceur et l'humidit\u00e9 ? ou vers un flux continental ?","og_url":"http:\/\/www.meteolafleche.com\/actualite\/2022\/03\/18\/meteo-du-18-au-27-mars-2022-humide\/","og_site_name":"M\u00e9t\u00e9olafleche","article_publisher":"https:\/\/fr-fr.facebook.com\/Meteolafleche\/","article_published_time":"2022-03-18T10:23:00+00:00","og_image":[{"url":"http:\/\/www.meteolafleche.com\/actualite\/wp-content\/uploads\/2022\/03\/220322_meteo_france_grandes_marees.png","type":"","width":"","height":""}],"author":"M\u00e9t\u00e9olafl\u00e8che","twitter_card":"summary_large_image","twitter_creator":"@Meteolafleche","twitter_site":"@Meteolafleche","twitter_misc":{"\u00c9crit par":"M\u00e9t\u00e9olafl\u00e8che","Dur\u00e9e de lecture estim\u00e9e":"2 minutes"},"schema":{"@context":"https:\/\/schema.org","@graph":[{"@type":"Article","@id":"http:\/\/www.meteolafleche.com\/actualite\/2022\/03\/18\/meteo-du-18-au-27-mars-2022-humide\/#article","isPartOf":{"@id":"http:\/\/www.meteolafleche.com\/actualite\/2022\/03\/18\/meteo-du-18-au-27-mars-2022-humide\/"},"author":{"name":"M\u00e9t\u00e9olafl\u00e8che","@id":"https:\/\/www.meteolafleche.com\/actualite\/#\/schema\/person\/a3f335c48c6b0b07b3a7ff55abb5e7a5"},"headline":"M\u00e9t\u00e9o du 18 au 27 Mars 2022 grandes mar\u00e9es","datePublished":"2022-03-18T10:23:00+00:00","mainEntityOfPage":{"@id":"http:\/\/www.meteolafleche.com\/actualite\/2022\/03\/18\/meteo-du-18-au-27-mars-2022-humide\/"},"wordCount":152,"commentCount":1,"image":{"@id":"http:\/\/www.meteolafleche.com\/actualite\/2022\/03\/18\/meteo-du-18-au-27-mars-2022-humide\/#primaryimage"},"thumbnailUrl":"http:\/\/www.meteolafleche.com\/actualite\/wp-content\/uploads\/2022\/03\/220322_meteo_france_grandes_marees.png","keywords":["18","2022","27","grandes mar\u00e9es","mars","m\u00e9t\u00e9o","Pr\u00e9visions"],"articleSection":["Tendance m\u00e9t\u00e9o \u00e0 long terme"],"inLanguage":"fr-FR","potentialAction":[{"@type":"CommentAction","name":"Comment","target":["http:\/\/www.meteolafleche.com\/actualite\/2022\/03\/18\/meteo-du-18-au-27-mars-2022-humide\/#respond"]}]},{"@type":"WebPage","@id":"http:\/\/www.meteolafleche.com\/actualite\/2022\/03\/18\/meteo-du-18-au-27-mars-2022-humide\/","url":"http:\/\/www.meteolafleche.com\/actualite\/2022\/03\/18\/meteo-du-18-au-27-mars-2022-humide\/","name":"Toute la m\u00e9t\u00e9o du 18 au 27 Mars 2022 humide et douce donc pritani\u00e8re ?","isPartOf":{"@id":"https:\/\/www.meteolafleche.com\/actualite\/#website"},"primaryImageOfPage":{"@id":"http:\/\/www.meteolafleche.com\/actualite\/2022\/03\/18\/meteo-du-18-au-27-mars-2022-humide\/#primaryimage"},"image":{"@id":"http:\/\/www.meteolafleche.com\/actualite\/2022\/03\/18\/meteo-du-18-au-27-mars-2022-humide\/#primaryimage"},"thumbnailUrl":"http:\/\/www.meteolafleche.com\/actualite\/wp-content\/uploads\/2022\/03\/220322_meteo_france_grandes_marees.png","datePublished":"2022-03-18T10:23:00+00:00","author":{"@id":"https:\/\/www.meteolafleche.com\/actualite\/#\/schema\/person\/a3f335c48c6b0b07b3a7ff55abb5e7a5"},"description":"Les tendances m\u00e9t\u00e9o pour la p\u00e9riode du 18 au 27 Mars 2022 marqu\u00e9es par la douceur et l'humidit\u00e9 ? ou vers un flux continental ?","breadcrumb":{"@id":"http:\/\/www.meteolafleche.com\/actualite\/2022\/03\/18\/meteo-du-18-au-27-mars-2022-humide\/#breadcrumb"},"inLanguage":"fr-FR","potentialAction":[{"@type":"ReadAction","target":["http:\/\/www.meteolafleche.com\/actualite\/2022\/03\/18\/meteo-du-18-au-27-mars-2022-humide\/"]}]},{"@type":"ImageObject","inLanguage":"fr-FR","@id":"http:\/\/www.meteolafleche.com\/actualite\/2022\/03\/18\/meteo-du-18-au-27-mars-2022-humide\/#primaryimage","url":"https:\/\/www.meteolafleche.com\/actualite\/wp-content\/uploads\/2022\/03\/220322_meteo_france_grandes_marees.png","contentUrl":"https:\/\/www.meteolafleche.com\/actualite\/wp-content\/uploads\/2022\/03\/220322_meteo_france_grandes_marees.png","width":600,"height":502},{"@type":"BreadcrumbList","@id":"http:\/\/www.meteolafleche.com\/actualite\/2022\/03\/18\/meteo-du-18-au-27-mars-2022-humide\/#breadcrumb","itemListElement":[{"@type":"ListItem","position":1,"name":"Accueil","item":"https:\/\/www.meteolafleche.com\/actualite\/"},{"@type":"ListItem","position":2,"name":"M\u00e9t\u00e9o du 18 au 27 Mars 2022 grandes mar\u00e9es"}]},{"@type":"WebSite","@id":"https:\/\/www.meteolafleche.com\/actualite\/#website","url":"https:\/\/www.meteolafleche.com\/actualite\/","name":"M\u00e9t\u00e9olafleche - Blog actualit\u00e9s","description":"Actualit\u00e9s m\u00e9t\u00e9o ","potentialAction":[{"@type":"SearchAction","target":{"@type":"EntryPoint","urlTemplate":"https:\/\/www.meteolafleche.com\/actualite\/?s={search_term_string}"},"query-input":{"@type":"PropertyValueSpecification","valueRequired":true,"valueName":"search_term_string"}}],"inLanguage":"fr-FR"},{"@type":"Person","@id":"https:\/\/www.meteolafleche.com\/actualite\/#\/schema\/person\/a3f335c48c6b0b07b3a7ff55abb5e7a5","name":"M\u00e9t\u00e9olafl\u00e8che","image":{"@type":"ImageObject","inLanguage":"fr-FR","@id":"https:\/\/secure.gravatar.com\/avatar\/87018e78a84df868f9910cf7db506cf0e115cd6493382a089a41e0cf87a80762?s=96&d=mm&r=g","url":"https:\/\/secure.gravatar.com\/avatar\/87018e78a84df868f9910cf7db506cf0e115cd6493382a089a41e0cf87a80762?s=96&d=mm&r=g","contentUrl":"https:\/\/secure.gravatar.com\/avatar\/87018e78a84df868f9910cf7db506cf0e115cd6493382a089a41e0cf87a80762?s=96&d=mm&r=g","caption":"M\u00e9t\u00e9olafl\u00e8che"},"sameAs":["http:\/\/www.meteolafleche.com\/actualite"]}]}},"_links":{"self":[{"href":"https:\/\/www.meteolafleche.com\/actualite\/wp-json\/wp\/v2\/posts\/679","targetHints":{"allow":["GET"]}}],"collection":[{"href":"https:\/\/www.meteolafleche.com\/actualite\/wp-json\/wp\/v2\/posts"}],"about":[{"href":"https:\/\/www.meteolafleche.com\/actualite\/wp-json\/wp\/v2\/types\/post"}],"author":[{"embeddable":true,"href":"https:\/\/www.meteolafleche.com\/actualite\/wp-json\/wp\/v2\/users\/1"}],"replies":[{"embeddable":true,"href":"https:\/\/www.meteolafleche.com\/actualite\/wp-json\/wp\/v2\/comments?post=679"}],"version-history":[{"count":1,"href":"https:\/\/www.meteolafleche.com\/actualite\/wp-json\/wp\/v2\/posts\/679\/revisions"}],"predecessor-version":[{"id":682,"href":"https:\/\/www.meteolafleche.com\/actualite\/wp-json\/wp\/v2\/posts\/679\/revisions\/682"}],"wp:attachment":[{"href":"https:\/\/www.meteolafleche.com\/actualite\/wp-json\/wp\/v2\/media?parent=679"}],"wp:term":[{"taxonomy":"category","embeddable":true,"href":"https:\/\/www.meteolafleche.com\/actualite\/wp-json\/wp\/v2\/categories?post=679"},{"taxonomy":"post_tag","embeddable":true,"href":"https:\/\/www.meteolafleche.com\/actualite\/wp-json\/wp\/v2\/tags?post=679"}],"curies":[{"name":"wp","href":"https:\/\/api.w.org\/{rel}","templated":true}]}}