{"id":472,"date":"2021-09-08T22:49:41","date_gmt":"2021-09-08T20:49:41","guid":{"rendered":"https:\/\/www.meteolafleche.com\/actualite\/?p=472"},"modified":"2021-09-08T23:46:13","modified_gmt":"2021-09-08T21:46:13","slug":"orage-saint-malo-8-septembre-2021","status":"publish","type":"post","link":"https:\/\/www.meteolafleche.com\/actualite\/2021\/09\/08\/orage-saint-malo-8-septembre-2021\/","title":{"rendered":"Orage du Mercredi 8 Septembre 2021 \u00e0 Saint-Malo"},"content":{"rendered":"<div id=\"meteo-2195271402\" class=\"meteo-avant-contenu meteo-entity-placement\"><script async src=\"\/\/pagead2.googlesyndication.com\/pagead\/js\/adsbygoogle.js?client=ca-pub-0501790310760996\" crossorigin=\"anonymous\"><\/script><ins class=\"adsbygoogle\" style=\"display:block;\" data-ad-client=\"ca-pub-0501790310760996\" \ndata-ad-slot=\"9802369648\" \ndata-ad-format=\"auto\"><\/ins>\n<script> \n(adsbygoogle = window.adsbygoogle || []).push({}); \n<\/script>\n<\/div>\n<p>La temp\u00e9rature la veille (Mardi 7) avait atteint les 30,4\u00b0C \u00e0 la station de Dinard Saint Malo.<\/p>\n\n\n\n<p>Cependant, le record absolu de 33,1\u00b0C relev\u00e9s le 1er Septembre 1961 n&rsquo;a jamais \u00e9t\u00e9 mis en danger.<\/p>\n\n\n\n<figure class=\"wp-block-gallery columns-3 is-cropped wp-block-gallery-1 is-layout-flex wp-block-gallery-is-layout-flex\"><ul class=\"blocks-gallery-grid\"><li class=\"blocks-gallery-item\"><figure><img loading=\"lazy\" decoding=\"async\" width=\"1024\" height=\"238\" src=\"http:\/\/www.meteolafleche.com\/actualite\/wp-content\/uploads\/2021\/09\/20210908_082424-1024x238.jpg\" alt=\"\" data-id=\"475\" data-full-url=\"http:\/\/www.meteolafleche.com\/actualite\/wp-content\/uploads\/2021\/09\/20210908_082424-scaled.jpg\" data-link=\"http:\/\/www.meteolafleche.com\/actualite\/?attachment_id=475\" class=\"wp-image-475\" srcset=\"https:\/\/www.meteolafleche.com\/actualite\/wp-content\/uploads\/2021\/09\/20210908_082424-1024x238.jpg 1024w, https:\/\/www.meteolafleche.com\/actualite\/wp-content\/uploads\/2021\/09\/20210908_082424-300x70.jpg 300w, https:\/\/www.meteolafleche.com\/actualite\/wp-content\/uploads\/2021\/09\/20210908_082424-768x179.jpg 768w, https:\/\/www.meteolafleche.com\/actualite\/wp-content\/uploads\/2021\/09\/20210908_082424-1536x357.jpg 1536w, https:\/\/www.meteolafleche.com\/actualite\/wp-content\/uploads\/2021\/09\/20210908_082424-2048x476.jpg 2048w, https:\/\/www.meteolafleche.com\/actualite\/wp-content\/uploads\/2021\/09\/20210908_082424-624x145.jpg 624w\" sizes=\"auto, (max-width: 1024px) 100vw, 1024px\" \/><\/figure><\/li><li class=\"blocks-gallery-item\"><figure><img loading=\"lazy\" decoding=\"async\" width=\"1024\" height=\"768\" src=\"http:\/\/www.meteolafleche.com\/actualite\/wp-content\/uploads\/2021\/09\/20210908_072643-1024x768.jpg\" alt=\"\" data-id=\"476\" data-full-url=\"http:\/\/www.meteolafleche.com\/actualite\/wp-content\/uploads\/2021\/09\/20210908_072643-scaled.jpg\" data-link=\"http:\/\/www.meteolafleche.com\/actualite\/?attachment_id=476\" class=\"wp-image-476\" srcset=\"https:\/\/www.meteolafleche.com\/actualite\/wp-content\/uploads\/2021\/09\/20210908_072643-1024x768.jpg 1024w, https:\/\/www.meteolafleche.com\/actualite\/wp-content\/uploads\/2021\/09\/20210908_072643-300x225.jpg 300w, https:\/\/www.meteolafleche.com\/actualite\/wp-content\/uploads\/2021\/09\/20210908_072643-768x576.jpg 768w, https:\/\/www.meteolafleche.com\/actualite\/wp-content\/uploads\/2021\/09\/20210908_072643-1536x1152.jpg 1536w, https:\/\/www.meteolafleche.com\/actualite\/wp-content\/uploads\/2021\/09\/20210908_072643-2048x1536.jpg 2048w, https:\/\/www.meteolafleche.com\/actualite\/wp-content\/uploads\/2021\/09\/20210908_072643-624x468.jpg 624w\" sizes=\"auto, (max-width: 1024px) 100vw, 1024px\" \/><\/figure><\/li><li class=\"blocks-gallery-item\"><figure><img loading=\"lazy\" decoding=\"async\" width=\"1024\" height=\"768\" src=\"http:\/\/www.meteolafleche.com\/actualite\/wp-content\/uploads\/2021\/09\/20210908_080701-1024x768.jpg\" alt=\"\" data-id=\"477\" data-full-url=\"http:\/\/www.meteolafleche.com\/actualite\/wp-content\/uploads\/2021\/09\/20210908_080701-scaled.jpg\" data-link=\"http:\/\/www.meteolafleche.com\/actualite\/?attachment_id=477\" class=\"wp-image-477\" srcset=\"https:\/\/www.meteolafleche.com\/actualite\/wp-content\/uploads\/2021\/09\/20210908_080701-1024x768.jpg 1024w, https:\/\/www.meteolafleche.com\/actualite\/wp-content\/uploads\/2021\/09\/20210908_080701-300x225.jpg 300w, https:\/\/www.meteolafleche.com\/actualite\/wp-content\/uploads\/2021\/09\/20210908_080701-768x576.jpg 768w, https:\/\/www.meteolafleche.com\/actualite\/wp-content\/uploads\/2021\/09\/20210908_080701-1536x1152.jpg 1536w, https:\/\/www.meteolafleche.com\/actualite\/wp-content\/uploads\/2021\/09\/20210908_080701-2048x1536.jpg 2048w, https:\/\/www.meteolafleche.com\/actualite\/wp-content\/uploads\/2021\/09\/20210908_080701-624x468.jpg 624w\" sizes=\"auto, (max-width: 1024px) 100vw, 1024px\" \/><\/figure><\/li><li class=\"blocks-gallery-item\"><figure><img loading=\"lazy\" decoding=\"async\" width=\"1024\" height=\"576\" src=\"http:\/\/www.meteolafleche.com\/actualite\/wp-content\/uploads\/2021\/09\/20210908_080004-1024x576.jpg\" alt=\"\" data-id=\"478\" data-full-url=\"http:\/\/www.meteolafleche.com\/actualite\/wp-content\/uploads\/2021\/09\/20210908_080004-scaled.jpg\" data-link=\"http:\/\/www.meteolafleche.com\/actualite\/?attachment_id=478\" class=\"wp-image-478\" srcset=\"https:\/\/www.meteolafleche.com\/actualite\/wp-content\/uploads\/2021\/09\/20210908_080004-1024x576.jpg 1024w, https:\/\/www.meteolafleche.com\/actualite\/wp-content\/uploads\/2021\/09\/20210908_080004-300x169.jpg 300w, https:\/\/www.meteolafleche.com\/actualite\/wp-content\/uploads\/2021\/09\/20210908_080004-768x432.jpg 768w, https:\/\/www.meteolafleche.com\/actualite\/wp-content\/uploads\/2021\/09\/20210908_080004-1536x864.jpg 1536w, https:\/\/www.meteolafleche.com\/actualite\/wp-content\/uploads\/2021\/09\/20210908_080004-2048x1152.jpg 2048w, https:\/\/www.meteolafleche.com\/actualite\/wp-content\/uploads\/2021\/09\/20210908_080004-624x351.jpg 624w\" sizes=\"auto, (max-width: 1024px) 100vw, 1024px\" \/><\/figure><\/li><li class=\"blocks-gallery-item\"><figure><img loading=\"lazy\" decoding=\"async\" width=\"1024\" height=\"768\" src=\"http:\/\/www.meteolafleche.com\/actualite\/wp-content\/uploads\/2021\/09\/20210908_075435-1024x768.jpg\" alt=\"\" data-id=\"479\" data-full-url=\"http:\/\/www.meteolafleche.com\/actualite\/wp-content\/uploads\/2021\/09\/20210908_075435-scaled.jpg\" data-link=\"http:\/\/www.meteolafleche.com\/actualite\/?attachment_id=479\" class=\"wp-image-479\" srcset=\"https:\/\/www.meteolafleche.com\/actualite\/wp-content\/uploads\/2021\/09\/20210908_075435-1024x768.jpg 1024w, https:\/\/www.meteolafleche.com\/actualite\/wp-content\/uploads\/2021\/09\/20210908_075435-300x225.jpg 300w, https:\/\/www.meteolafleche.com\/actualite\/wp-content\/uploads\/2021\/09\/20210908_075435-768x576.jpg 768w, https:\/\/www.meteolafleche.com\/actualite\/wp-content\/uploads\/2021\/09\/20210908_075435-1536x1152.jpg 1536w, https:\/\/www.meteolafleche.com\/actualite\/wp-content\/uploads\/2021\/09\/20210908_075435-2048x1536.jpg 2048w, https:\/\/www.meteolafleche.com\/actualite\/wp-content\/uploads\/2021\/09\/20210908_075435-624x468.jpg 624w\" sizes=\"auto, (max-width: 1024px) 100vw, 1024px\" \/><\/figure><\/li><li class=\"blocks-gallery-item\"><figure><img loading=\"lazy\" decoding=\"async\" width=\"1024\" height=\"205\" src=\"http:\/\/www.meteolafleche.com\/actualite\/wp-content\/uploads\/2021\/09\/20210908_075417-1024x205.jpg\" alt=\"\" data-id=\"480\" data-full-url=\"http:\/\/www.meteolafleche.com\/actualite\/wp-content\/uploads\/2021\/09\/20210908_075417-scaled.jpg\" data-link=\"http:\/\/www.meteolafleche.com\/actualite\/?attachment_id=480\" class=\"wp-image-480\" srcset=\"https:\/\/www.meteolafleche.com\/actualite\/wp-content\/uploads\/2021\/09\/20210908_075417-1024x205.jpg 1024w, https:\/\/www.meteolafleche.com\/actualite\/wp-content\/uploads\/2021\/09\/20210908_075417-300x60.jpg 300w, https:\/\/www.meteolafleche.com\/actualite\/wp-content\/uploads\/2021\/09\/20210908_075417-768x154.jpg 768w, https:\/\/www.meteolafleche.com\/actualite\/wp-content\/uploads\/2021\/09\/20210908_075417-1536x308.jpg 1536w, https:\/\/www.meteolafleche.com\/actualite\/wp-content\/uploads\/2021\/09\/20210908_075417-2048x411.jpg 2048w, https:\/\/www.meteolafleche.com\/actualite\/wp-content\/uploads\/2021\/09\/20210908_075417-624x125.jpg 624w\" sizes=\"auto, (max-width: 1024px) 100vw, 1024px\" \/><\/figure><\/li><li class=\"blocks-gallery-item\"><figure><img loading=\"lazy\" decoding=\"async\" width=\"1024\" height=\"224\" src=\"http:\/\/www.meteolafleche.com\/actualite\/wp-content\/uploads\/2021\/09\/20210908_073514-1024x224.jpg\" alt=\"\" data-id=\"481\" data-full-url=\"http:\/\/www.meteolafleche.com\/actualite\/wp-content\/uploads\/2021\/09\/20210908_073514-scaled.jpg\" data-link=\"http:\/\/www.meteolafleche.com\/actualite\/?attachment_id=481\" class=\"wp-image-481\" srcset=\"https:\/\/www.meteolafleche.com\/actualite\/wp-content\/uploads\/2021\/09\/20210908_073514-1024x224.jpg 1024w, https:\/\/www.meteolafleche.com\/actualite\/wp-content\/uploads\/2021\/09\/20210908_073514-300x66.jpg 300w, https:\/\/www.meteolafleche.com\/actualite\/wp-content\/uploads\/2021\/09\/20210908_073514-768x168.jpg 768w, https:\/\/www.meteolafleche.com\/actualite\/wp-content\/uploads\/2021\/09\/20210908_073514-1536x336.jpg 1536w, https:\/\/www.meteolafleche.com\/actualite\/wp-content\/uploads\/2021\/09\/20210908_073514-2048x447.jpg 2048w, https:\/\/www.meteolafleche.com\/actualite\/wp-content\/uploads\/2021\/09\/20210908_073514-624x136.jpg 624w\" sizes=\"auto, (max-width: 1024px) 100vw, 1024px\" \/><\/figure><\/li><li class=\"blocks-gallery-item\"><figure><img loading=\"lazy\" decoding=\"async\" width=\"1024\" height=\"768\" src=\"http:\/\/www.meteolafleche.com\/actualite\/wp-content\/uploads\/2021\/09\/20210908_073504-1024x768.jpg\" alt=\"\" data-id=\"482\" data-full-url=\"http:\/\/www.meteolafleche.com\/actualite\/wp-content\/uploads\/2021\/09\/20210908_073504-scaled.jpg\" data-link=\"http:\/\/www.meteolafleche.com\/actualite\/?attachment_id=482\" class=\"wp-image-482\" srcset=\"https:\/\/www.meteolafleche.com\/actualite\/wp-content\/uploads\/2021\/09\/20210908_073504-1024x768.jpg 1024w, https:\/\/www.meteolafleche.com\/actualite\/wp-content\/uploads\/2021\/09\/20210908_073504-300x225.jpg 300w, https:\/\/www.meteolafleche.com\/actualite\/wp-content\/uploads\/2021\/09\/20210908_073504-768x576.jpg 768w, https:\/\/www.meteolafleche.com\/actualite\/wp-content\/uploads\/2021\/09\/20210908_073504-1536x1152.jpg 1536w, https:\/\/www.meteolafleche.com\/actualite\/wp-content\/uploads\/2021\/09\/20210908_073504-2048x1536.jpg 2048w, https:\/\/www.meteolafleche.com\/actualite\/wp-content\/uploads\/2021\/09\/20210908_073504-624x468.jpg 624w\" sizes=\"auto, (max-width: 1024px) 100vw, 1024px\" \/><\/figure><\/li><\/ul><\/figure>\n\n\n\n<p>En cours d&rsquo;apr\u00e8s-midi et jusqu&rsquo;en soir\u00e9e, le vent de terre a favoris\u00e9 une forte chaleur qui s&rsquo;est maintenu durant la nuit. <\/p>\n\n\n\n<p>Dans ces conditions, avec la remont\u00e9e d&rsquo;une goutte froide \u00e9voluant en d\u00e9pression, le conflit de masses d&rsquo;air entre le sol et en altitude devenaient trop important.<\/p>\n\n\n\n<p>Nous en parlions derni\u00e8rement du risque orageux sur <a href=\"https:\/\/www.meteolafleche.com\/actualite\/2021\/09\/03\/meteo-du-3-au-12-septembre-2021-grandes-marees\/\">https:\/\/www.meteolafleche.com\/actualite\/2021\/09\/03\/meteo-du-3-au-12-septembre-2021-grandes-marees\/<\/a><\/p>\n\n\n\n<p>Ainsi, une ligne de grains est remont\u00e9e en crabe en fin de nuit pour exploser en arrivant vers Saint-Malo.<\/p>\n\n\n\n<p>L&rsquo;orage a alors s\u00e9vi de fa\u00e7on intense pendant pr\u00e8s de 30 minutes surtout sur la partie Sillon et Rochebonne.<\/p>\n\n\n\n<p>Ce m\u00eame orage a ensuite continu\u00e9 de se renforcer vers Cancale et le Mont Saint Michel avant de perdre en intensit\u00e9 dans les terres Normandes.<\/p>\n\n\n\n<p>Nos vid\u00e9os de l&rsquo;orage.<br>Une premi\u00e8re vid\u00e9o globale sur <a href=\"https:\/\/www.youtube.com\/watch?v=Ajly6hdvkQs\">https:\/\/www.youtube.com\/watch?v=Ajly6hdvkQs<\/a><\/p>\n\n\n\n<p>Cette seconde vid\u00e9o montrant clairement la chasse aux orages entre le port Vauban et la cale de Rochebonne <a href=\"https:\/\/www.youtube.com\/watch?v=enKeuakWihU\">https:\/\/www.youtube.com\/watch?v=enKeuakWihU<\/a><\/p>\n\n\n\n<p>Cette troisi\u00e8me vid\u00e9o r\u00e9alis\u00e9e en live sur un autre r\u00e9seau social <a href=\"https:\/\/www.youtube.com\/watch?v=v0h8korEE-U\">https:\/\/www.youtube.com\/watch?v=v0h8korEE-U<\/a><\/p>\n<div id=\"meteo-346453307\" class=\"meteo-apres-le-contenu meteo-entity-placement\"><script async src=\"\/\/pagead2.googlesyndication.com\/pagead\/js\/adsbygoogle.js?client=ca-pub-0501790310760996\" crossorigin=\"anonymous\"><\/script><ins class=\"adsbygoogle\" style=\"display:block;\" data-ad-client=\"ca-pub-0501790310760996\" \ndata-ad-slot=\"7540452242\" \ndata-ad-format=\"auto\"><\/ins>\n<script> \n(adsbygoogle = window.adsbygoogle || []).push({}); \n<\/script>\n<\/div>","protected":false},"excerpt":{"rendered":"<p>La temp\u00e9rature la veille (Mardi 7) avait atteint les 30,4\u00b0C \u00e0 la station de Dinard Saint Malo. Cependant, le record absolu de 33,1\u00b0C relev\u00e9s le 1er Septembre 1961 n&rsquo;a jamais \u00e9t\u00e9 mis en danger. En cours d&rsquo;apr\u00e8s-midi et jusqu&rsquo;en soir\u00e9e, le vent de terre a favoris\u00e9 une forte chaleur qui s&rsquo;est maintenu durant la nuit. [&hellip;]<\/p>\n","protected":false},"author":1,"featured_media":0,"comment_status":"open","ping_status":"open","sticky":false,"template":"","format":"standard","meta":{"footnotes":""},"categories":[7],"tags":[37,105,110,109,85,107],"class_list":["post-472","post","type-post","status-publish","format-standard","hentry","category-photos","tag-37","tag-105","tag-mercredi","tag-orage","tag-saint-malo","tag-septembre"],"yoast_head":"<!-- This site is optimized with the Yoast SEO plugin v27.5 - https:\/\/yoast.com\/product\/yoast-seo-wordpress\/ -->\n<title>Orage du Mercredi 8 Septembre 2021 \u00e0 Saint-Malo - M\u00e9t\u00e9olafleche<\/title>\n<meta name=\"description\" content=\"L&#039;orage de Saint-Malo du Mercredi 8 Septembre 2021 immortalis\u00e9 par les photos et vid\u00e9os - avec en prime un tr\u00e8s beau soleil levant\" \/>\n<meta name=\"robots\" content=\"index, follow, max-snippet:-1, max-image-preview:large, max-video-preview:-1\" \/>\n<link rel=\"canonical\" href=\"https:\/\/www.meteolafleche.com\/actualite\/2021\/09\/08\/orage-saint-malo-8-septembre-2021\/\" \/>\n<meta property=\"og:locale\" content=\"fr_FR\" \/>\n<meta property=\"og:type\" content=\"article\" \/>\n<meta property=\"og:title\" content=\"Orage du Mercredi 8 Septembre 2021 \u00e0 Saint-Malo - M\u00e9t\u00e9olafleche\" \/>\n<meta property=\"og:description\" content=\"L&#039;orage de Saint-Malo du Mercredi 8 Septembre 2021 immortalis\u00e9 par les photos et vid\u00e9os - avec en prime un tr\u00e8s beau soleil levant\" \/>\n<meta property=\"og:url\" content=\"https:\/\/www.meteolafleche.com\/actualite\/2021\/09\/08\/orage-saint-malo-8-septembre-2021\/\" \/>\n<meta property=\"og:site_name\" content=\"M\u00e9t\u00e9olafleche\" \/>\n<meta property=\"article:publisher\" content=\"https:\/\/fr-fr.facebook.com\/Meteolafleche\/\" \/>\n<meta property=\"article:published_time\" content=\"2021-09-08T20:49:41+00:00\" \/>\n<meta property=\"article:modified_time\" content=\"2021-09-08T21:46:13+00:00\" \/>\n<meta property=\"og:image\" content=\"http:\/\/www.meteolafleche.com\/actualite\/wp-content\/uploads\/2021\/09\/20210908_082424-1024x238.jpg\" \/>\n<meta name=\"author\" content=\"M\u00e9t\u00e9olafl\u00e8che\" \/>\n<meta name=\"twitter:card\" content=\"summary_large_image\" \/>\n<meta name=\"twitter:creator\" content=\"@Meteolafleche\" \/>\n<meta name=\"twitter:site\" content=\"@Meteolafleche\" \/>\n<meta name=\"twitter:label1\" content=\"\u00c9crit par\" \/>\n\t<meta name=\"twitter:data1\" content=\"M\u00e9t\u00e9olafl\u00e8che\" \/>\n\t<meta name=\"twitter:label2\" content=\"Dur\u00e9e de lecture estim\u00e9e\" \/>\n\t<meta name=\"twitter:data2\" content=\"3 minutes\" \/>\n<script type=\"application\/ld+json\" class=\"yoast-schema-graph\">{\"@context\":\"https:\\\/\\\/schema.org\",\"@graph\":[{\"@type\":\"Article\",\"@id\":\"https:\\\/\\\/www.meteolafleche.com\\\/actualite\\\/2021\\\/09\\\/08\\\/orage-saint-malo-8-septembre-2021\\\/#article\",\"isPartOf\":{\"@id\":\"https:\\\/\\\/www.meteolafleche.com\\\/actualite\\\/2021\\\/09\\\/08\\\/orage-saint-malo-8-septembre-2021\\\/\"},\"author\":{\"name\":\"M\u00e9t\u00e9olafl\u00e8che\",\"@id\":\"https:\\\/\\\/www.meteolafleche.com\\\/actualite\\\/#\\\/schema\\\/person\\\/a3f335c48c6b0b07b3a7ff55abb5e7a5\"},\"headline\":\"Orage du Mercredi 8 Septembre 2021 \u00e0 Saint-Malo\",\"datePublished\":\"2021-09-08T20:49:41+00:00\",\"dateModified\":\"2021-09-08T21:46:13+00:00\",\"mainEntityOfPage\":{\"@id\":\"https:\\\/\\\/www.meteolafleche.com\\\/actualite\\\/2021\\\/09\\\/08\\\/orage-saint-malo-8-septembre-2021\\\/\"},\"wordCount\":245,\"commentCount\":1,\"image\":{\"@id\":\"https:\\\/\\\/www.meteolafleche.com\\\/actualite\\\/2021\\\/09\\\/08\\\/orage-saint-malo-8-septembre-2021\\\/#primaryimage\"},\"thumbnailUrl\":\"http:\\\/\\\/www.meteolafleche.com\\\/actualite\\\/wp-content\\\/uploads\\\/2021\\\/09\\\/20210908_082424-1024x238.jpg\",\"keywords\":[\"2021\",\"8\",\"Mercredi\",\"Orage\",\"Saint-Malo\",\"septembre\"],\"articleSection\":[\"Photos\"],\"inLanguage\":\"fr-FR\",\"potentialAction\":[{\"@type\":\"CommentAction\",\"name\":\"Comment\",\"target\":[\"https:\\\/\\\/www.meteolafleche.com\\\/actualite\\\/2021\\\/09\\\/08\\\/orage-saint-malo-8-septembre-2021\\\/#respond\"]}]},{\"@type\":\"WebPage\",\"@id\":\"https:\\\/\\\/www.meteolafleche.com\\\/actualite\\\/2021\\\/09\\\/08\\\/orage-saint-malo-8-septembre-2021\\\/\",\"url\":\"https:\\\/\\\/www.meteolafleche.com\\\/actualite\\\/2021\\\/09\\\/08\\\/orage-saint-malo-8-septembre-2021\\\/\",\"name\":\"Orage du Mercredi 8 Septembre 2021 \u00e0 Saint-Malo - M\u00e9t\u00e9olafleche\",\"isPartOf\":{\"@id\":\"https:\\\/\\\/www.meteolafleche.com\\\/actualite\\\/#website\"},\"primaryImageOfPage\":{\"@id\":\"https:\\\/\\\/www.meteolafleche.com\\\/actualite\\\/2021\\\/09\\\/08\\\/orage-saint-malo-8-septembre-2021\\\/#primaryimage\"},\"image\":{\"@id\":\"https:\\\/\\\/www.meteolafleche.com\\\/actualite\\\/2021\\\/09\\\/08\\\/orage-saint-malo-8-septembre-2021\\\/#primaryimage\"},\"thumbnailUrl\":\"http:\\\/\\\/www.meteolafleche.com\\\/actualite\\\/wp-content\\\/uploads\\\/2021\\\/09\\\/20210908_082424-1024x238.jpg\",\"datePublished\":\"2021-09-08T20:49:41+00:00\",\"dateModified\":\"2021-09-08T21:46:13+00:00\",\"author\":{\"@id\":\"https:\\\/\\\/www.meteolafleche.com\\\/actualite\\\/#\\\/schema\\\/person\\\/a3f335c48c6b0b07b3a7ff55abb5e7a5\"},\"description\":\"L'orage de Saint-Malo du Mercredi 8 Septembre 2021 immortalis\u00e9 par les photos et vid\u00e9os - avec en prime un tr\u00e8s beau soleil levant\",\"breadcrumb\":{\"@id\":\"https:\\\/\\\/www.meteolafleche.com\\\/actualite\\\/2021\\\/09\\\/08\\\/orage-saint-malo-8-septembre-2021\\\/#breadcrumb\"},\"inLanguage\":\"fr-FR\",\"potentialAction\":[{\"@type\":\"ReadAction\",\"target\":[\"https:\\\/\\\/www.meteolafleche.com\\\/actualite\\\/2021\\\/09\\\/08\\\/orage-saint-malo-8-septembre-2021\\\/\"]}]},{\"@type\":\"ImageObject\",\"inLanguage\":\"fr-FR\",\"@id\":\"https:\\\/\\\/www.meteolafleche.com\\\/actualite\\\/2021\\\/09\\\/08\\\/orage-saint-malo-8-septembre-2021\\\/#primaryimage\",\"url\":\"http:\\\/\\\/www.meteolafleche.com\\\/actualite\\\/wp-content\\\/uploads\\\/2021\\\/09\\\/20210908_082424-1024x238.jpg\",\"contentUrl\":\"http:\\\/\\\/www.meteolafleche.com\\\/actualite\\\/wp-content\\\/uploads\\\/2021\\\/09\\\/20210908_082424-1024x238.jpg\"},{\"@type\":\"BreadcrumbList\",\"@id\":\"https:\\\/\\\/www.meteolafleche.com\\\/actualite\\\/2021\\\/09\\\/08\\\/orage-saint-malo-8-septembre-2021\\\/#breadcrumb\",\"itemListElement\":[{\"@type\":\"ListItem\",\"position\":1,\"name\":\"Accueil\",\"item\":\"https:\\\/\\\/www.meteolafleche.com\\\/actualite\\\/\"},{\"@type\":\"ListItem\",\"position\":2,\"name\":\"Orage du Mercredi 8 Septembre 2021 \u00e0 Saint-Malo\"}]},{\"@type\":\"WebSite\",\"@id\":\"https:\\\/\\\/www.meteolafleche.com\\\/actualite\\\/#website\",\"url\":\"https:\\\/\\\/www.meteolafleche.com\\\/actualite\\\/\",\"name\":\"M\u00e9t\u00e9olafleche - Blog actualit\u00e9s\",\"description\":\"Actualit\u00e9s m\u00e9t\u00e9o \",\"potentialAction\":[{\"@type\":\"SearchAction\",\"target\":{\"@type\":\"EntryPoint\",\"urlTemplate\":\"https:\\\/\\\/www.meteolafleche.com\\\/actualite\\\/?s={search_term_string}\"},\"query-input\":{\"@type\":\"PropertyValueSpecification\",\"valueRequired\":true,\"valueName\":\"search_term_string\"}}],\"inLanguage\":\"fr-FR\"},{\"@type\":\"Person\",\"@id\":\"https:\\\/\\\/www.meteolafleche.com\\\/actualite\\\/#\\\/schema\\\/person\\\/a3f335c48c6b0b07b3a7ff55abb5e7a5\",\"name\":\"M\u00e9t\u00e9olafl\u00e8che\",\"image\":{\"@type\":\"ImageObject\",\"inLanguage\":\"fr-FR\",\"@id\":\"https:\\\/\\\/secure.gravatar.com\\\/avatar\\\/87018e78a84df868f9910cf7db506cf0e115cd6493382a089a41e0cf87a80762?s=96&d=mm&r=g\",\"url\":\"https:\\\/\\\/secure.gravatar.com\\\/avatar\\\/87018e78a84df868f9910cf7db506cf0e115cd6493382a089a41e0cf87a80762?s=96&d=mm&r=g\",\"contentUrl\":\"https:\\\/\\\/secure.gravatar.com\\\/avatar\\\/87018e78a84df868f9910cf7db506cf0e115cd6493382a089a41e0cf87a80762?s=96&d=mm&r=g\",\"caption\":\"M\u00e9t\u00e9olafl\u00e8che\"},\"sameAs\":[\"http:\\\/\\\/www.meteolafleche.com\\\/actualite\"]}]}<\/script>\n<!-- \/ Yoast SEO plugin. -->","yoast_head_json":{"title":"Orage du Mercredi 8 Septembre 2021 \u00e0 Saint-Malo - M\u00e9t\u00e9olafleche","description":"L'orage de Saint-Malo du Mercredi 8 Septembre 2021 immortalis\u00e9 par les photos et vid\u00e9os - avec en prime un tr\u00e8s beau soleil levant","robots":{"index":"index","follow":"follow","max-snippet":"max-snippet:-1","max-image-preview":"max-image-preview:large","max-video-preview":"max-video-preview:-1"},"canonical":"https:\/\/www.meteolafleche.com\/actualite\/2021\/09\/08\/orage-saint-malo-8-septembre-2021\/","og_locale":"fr_FR","og_type":"article","og_title":"Orage du Mercredi 8 Septembre 2021 \u00e0 Saint-Malo - M\u00e9t\u00e9olafleche","og_description":"L'orage de Saint-Malo du Mercredi 8 Septembre 2021 immortalis\u00e9 par les photos et vid\u00e9os - avec en prime un tr\u00e8s beau soleil levant","og_url":"https:\/\/www.meteolafleche.com\/actualite\/2021\/09\/08\/orage-saint-malo-8-septembre-2021\/","og_site_name":"M\u00e9t\u00e9olafleche","article_publisher":"https:\/\/fr-fr.facebook.com\/Meteolafleche\/","article_published_time":"2021-09-08T20:49:41+00:00","article_modified_time":"2021-09-08T21:46:13+00:00","og_image":[{"url":"http:\/\/www.meteolafleche.com\/actualite\/wp-content\/uploads\/2021\/09\/20210908_082424-1024x238.jpg","type":"","width":"","height":""}],"author":"M\u00e9t\u00e9olafl\u00e8che","twitter_card":"summary_large_image","twitter_creator":"@Meteolafleche","twitter_site":"@Meteolafleche","twitter_misc":{"\u00c9crit par":"M\u00e9t\u00e9olafl\u00e8che","Dur\u00e9e de lecture estim\u00e9e":"3 minutes"},"schema":{"@context":"https:\/\/schema.org","@graph":[{"@type":"Article","@id":"https:\/\/www.meteolafleche.com\/actualite\/2021\/09\/08\/orage-saint-malo-8-septembre-2021\/#article","isPartOf":{"@id":"https:\/\/www.meteolafleche.com\/actualite\/2021\/09\/08\/orage-saint-malo-8-septembre-2021\/"},"author":{"name":"M\u00e9t\u00e9olafl\u00e8che","@id":"https:\/\/www.meteolafleche.com\/actualite\/#\/schema\/person\/a3f335c48c6b0b07b3a7ff55abb5e7a5"},"headline":"Orage du Mercredi 8 Septembre 2021 \u00e0 Saint-Malo","datePublished":"2021-09-08T20:49:41+00:00","dateModified":"2021-09-08T21:46:13+00:00","mainEntityOfPage":{"@id":"https:\/\/www.meteolafleche.com\/actualite\/2021\/09\/08\/orage-saint-malo-8-septembre-2021\/"},"wordCount":245,"commentCount":1,"image":{"@id":"https:\/\/www.meteolafleche.com\/actualite\/2021\/09\/08\/orage-saint-malo-8-septembre-2021\/#primaryimage"},"thumbnailUrl":"http:\/\/www.meteolafleche.com\/actualite\/wp-content\/uploads\/2021\/09\/20210908_082424-1024x238.jpg","keywords":["2021","8","Mercredi","Orage","Saint-Malo","septembre"],"articleSection":["Photos"],"inLanguage":"fr-FR","potentialAction":[{"@type":"CommentAction","name":"Comment","target":["https:\/\/www.meteolafleche.com\/actualite\/2021\/09\/08\/orage-saint-malo-8-septembre-2021\/#respond"]}]},{"@type":"WebPage","@id":"https:\/\/www.meteolafleche.com\/actualite\/2021\/09\/08\/orage-saint-malo-8-septembre-2021\/","url":"https:\/\/www.meteolafleche.com\/actualite\/2021\/09\/08\/orage-saint-malo-8-septembre-2021\/","name":"Orage du Mercredi 8 Septembre 2021 \u00e0 Saint-Malo - M\u00e9t\u00e9olafleche","isPartOf":{"@id":"https:\/\/www.meteolafleche.com\/actualite\/#website"},"primaryImageOfPage":{"@id":"https:\/\/www.meteolafleche.com\/actualite\/2021\/09\/08\/orage-saint-malo-8-septembre-2021\/#primaryimage"},"image":{"@id":"https:\/\/www.meteolafleche.com\/actualite\/2021\/09\/08\/orage-saint-malo-8-septembre-2021\/#primaryimage"},"thumbnailUrl":"http:\/\/www.meteolafleche.com\/actualite\/wp-content\/uploads\/2021\/09\/20210908_082424-1024x238.jpg","datePublished":"2021-09-08T20:49:41+00:00","dateModified":"2021-09-08T21:46:13+00:00","author":{"@id":"https:\/\/www.meteolafleche.com\/actualite\/#\/schema\/person\/a3f335c48c6b0b07b3a7ff55abb5e7a5"},"description":"L'orage de Saint-Malo du Mercredi 8 Septembre 2021 immortalis\u00e9 par les photos et vid\u00e9os - avec en prime un tr\u00e8s beau soleil levant","breadcrumb":{"@id":"https:\/\/www.meteolafleche.com\/actualite\/2021\/09\/08\/orage-saint-malo-8-septembre-2021\/#breadcrumb"},"inLanguage":"fr-FR","potentialAction":[{"@type":"ReadAction","target":["https:\/\/www.meteolafleche.com\/actualite\/2021\/09\/08\/orage-saint-malo-8-septembre-2021\/"]}]},{"@type":"ImageObject","inLanguage":"fr-FR","@id":"https:\/\/www.meteolafleche.com\/actualite\/2021\/09\/08\/orage-saint-malo-8-septembre-2021\/#primaryimage","url":"http:\/\/www.meteolafleche.com\/actualite\/wp-content\/uploads\/2021\/09\/20210908_082424-1024x238.jpg","contentUrl":"http:\/\/www.meteolafleche.com\/actualite\/wp-content\/uploads\/2021\/09\/20210908_082424-1024x238.jpg"},{"@type":"BreadcrumbList","@id":"https:\/\/www.meteolafleche.com\/actualite\/2021\/09\/08\/orage-saint-malo-8-septembre-2021\/#breadcrumb","itemListElement":[{"@type":"ListItem","position":1,"name":"Accueil","item":"https:\/\/www.meteolafleche.com\/actualite\/"},{"@type":"ListItem","position":2,"name":"Orage du Mercredi 8 Septembre 2021 \u00e0 Saint-Malo"}]},{"@type":"WebSite","@id":"https:\/\/www.meteolafleche.com\/actualite\/#website","url":"https:\/\/www.meteolafleche.com\/actualite\/","name":"M\u00e9t\u00e9olafleche - Blog actualit\u00e9s","description":"Actualit\u00e9s m\u00e9t\u00e9o ","potentialAction":[{"@type":"SearchAction","target":{"@type":"EntryPoint","urlTemplate":"https:\/\/www.meteolafleche.com\/actualite\/?s={search_term_string}"},"query-input":{"@type":"PropertyValueSpecification","valueRequired":true,"valueName":"search_term_string"}}],"inLanguage":"fr-FR"},{"@type":"Person","@id":"https:\/\/www.meteolafleche.com\/actualite\/#\/schema\/person\/a3f335c48c6b0b07b3a7ff55abb5e7a5","name":"M\u00e9t\u00e9olafl\u00e8che","image":{"@type":"ImageObject","inLanguage":"fr-FR","@id":"https:\/\/secure.gravatar.com\/avatar\/87018e78a84df868f9910cf7db506cf0e115cd6493382a089a41e0cf87a80762?s=96&d=mm&r=g","url":"https:\/\/secure.gravatar.com\/avatar\/87018e78a84df868f9910cf7db506cf0e115cd6493382a089a41e0cf87a80762?s=96&d=mm&r=g","contentUrl":"https:\/\/secure.gravatar.com\/avatar\/87018e78a84df868f9910cf7db506cf0e115cd6493382a089a41e0cf87a80762?s=96&d=mm&r=g","caption":"M\u00e9t\u00e9olafl\u00e8che"},"sameAs":["http:\/\/www.meteolafleche.com\/actualite"]}]}},"_links":{"self":[{"href":"https:\/\/www.meteolafleche.com\/actualite\/wp-json\/wp\/v2\/posts\/472","targetHints":{"allow":["GET"]}}],"collection":[{"href":"https:\/\/www.meteolafleche.com\/actualite\/wp-json\/wp\/v2\/posts"}],"about":[{"href":"https:\/\/www.meteolafleche.com\/actualite\/wp-json\/wp\/v2\/types\/post"}],"author":[{"embeddable":true,"href":"https:\/\/www.meteolafleche.com\/actualite\/wp-json\/wp\/v2\/users\/1"}],"replies":[{"embeddable":true,"href":"https:\/\/www.meteolafleche.com\/actualite\/wp-json\/wp\/v2\/comments?post=472"}],"version-history":[{"count":3,"href":"https:\/\/www.meteolafleche.com\/actualite\/wp-json\/wp\/v2\/posts\/472\/revisions"}],"predecessor-version":[{"id":487,"href":"https:\/\/www.meteolafleche.com\/actualite\/wp-json\/wp\/v2\/posts\/472\/revisions\/487"}],"wp:attachment":[{"href":"https:\/\/www.meteolafleche.com\/actualite\/wp-json\/wp\/v2\/media?parent=472"}],"wp:term":[{"taxonomy":"category","embeddable":true,"href":"https:\/\/www.meteolafleche.com\/actualite\/wp-json\/wp\/v2\/categories?post=472"},{"taxonomy":"post_tag","embeddable":true,"href":"https:\/\/www.meteolafleche.com\/actualite\/wp-json\/wp\/v2\/tags?post=472"}],"curies":[{"name":"wp","href":"https:\/\/api.w.org\/{rel}","templated":true}]}}