{"id":399,"date":"2021-05-28T09:59:00","date_gmt":"2021-05-28T07:59:00","guid":{"rendered":"http:\/\/www.meteolafleche.com\/actualite\/?p=399"},"modified":"2021-05-26T20:08:30","modified_gmt":"2021-05-26T18:08:30","slug":"meteo-du-28-mai-au-6-juin-2021-chaude-humide","status":"publish","type":"post","link":"https:\/\/www.meteolafleche.com\/actualite\/2021\/05\/28\/meteo-du-28-mai-au-6-juin-2021-chaude-humide\/","title":{"rendered":"M\u00e9t\u00e9o du 28 Mai au 6 Juin 2021 chaude et humide"},"content":{"rendered":"<div id=\"meteo-1264207783\" class=\"meteo-avant-contenu meteo-entity-placement\"><script async src=\"\/\/pagead2.googlesyndication.com\/pagead\/js\/adsbygoogle.js?client=ca-pub-0501790310760996\" crossorigin=\"anonymous\"><\/script><ins class=\"adsbygoogle\" style=\"display:block;\" data-ad-client=\"ca-pub-0501790310760996\" \ndata-ad-slot=\"9802369648\" \ndata-ad-format=\"auto\"><\/ins>\n<script> \n(adsbygoogle = window.adsbygoogle || []).push({}); \n<\/script>\n<\/div>\n<p>Un changement se ferait par rapport \u00e0 la derni\u00e8re m\u00e9t\u00e9o pr\u00e9sent\u00e9e sur <a href=\"http:\/\/www.meteolafleche.com\/actualite\/2021\/05\/21\/meteo-du-14-au-23-mai-2021\/\">http:\/\/www.meteolafleche.com\/actualite\/2021\/05\/21\/meteo-du-14-au-23-mai-2021\/<\/a><\/p>\n\n\n\n<figure class=\"wp-block-image size-large\"><img loading=\"lazy\" decoding=\"async\" width=\"600\" height=\"502\" src=\"http:\/\/www.meteolafleche.com\/actualite\/wp-content\/uploads\/2021\/05\/210601_meteo_france.png\" alt=\"M\u00e9t\u00e9o 1er Juin 2021\" class=\"wp-image-400\" srcset=\"https:\/\/www.meteolafleche.com\/actualite\/wp-content\/uploads\/2021\/05\/210601_meteo_france.png 600w, https:\/\/www.meteolafleche.com\/actualite\/wp-content\/uploads\/2021\/05\/210601_meteo_france-300x251.png 300w\" sizes=\"auto, (max-width: 600px) 100vw, 600px\" \/><\/figure>\n\n\n\n<p>Un semblant d&rsquo;\u00e9t\u00e9 pourrait enfin arriver par l&rsquo;Espagne en marges d&rsquo;une ou de plusieurs gouttes froides ; l&rsquo;une d&rsquo;entre elles serait susceptible de provoquer \u00e0 la fois une forte advection d&rsquo;air chaud mais aussi de l&rsquo;instabilit\u00e9.<\/p>\n\n\n\n<p>En fin de p\u00e9riode et pour entamer le mois de Juin, les conditions devraient de nouveau \u00eatre plus anticycloniques et peut-\u00eatre plus chaudes de part la composante Sud-Ouest.<\/p>\n\n\n\n<figure class=\"wp-block-image size-large\"><img loading=\"lazy\" decoding=\"async\" width=\"600\" height=\"502\" src=\"http:\/\/www.meteolafleche.com\/actualite\/wp-content\/uploads\/2021\/05\/210606_meteo_france.png\" alt=\"M\u00e9t\u00e9o 6 Juin 2021\" class=\"wp-image-401\" srcset=\"https:\/\/www.meteolafleche.com\/actualite\/wp-content\/uploads\/2021\/05\/210606_meteo_france.png 600w, https:\/\/www.meteolafleche.com\/actualite\/wp-content\/uploads\/2021\/05\/210606_meteo_france-300x251.png 300w\" sizes=\"auto, (max-width: 600px) 100vw, 600px\" \/><\/figure>\n\n\n\n<p>Enfin un temps d&rsquo;\u00e9t\u00e9 ? L&rsquo;anticyclone se positionnerait sur le Sud et l&rsquo;Est de la France avec une extension possible jusqu&rsquo;\u00e0 la Scandinavie.<\/p>\n\n\n\n<p>Le flux basculerait alors au secteur Sud \u00e0 Sud-Ouest provoquant in\u00e9vitablement un r\u00e9chauffement de la masse d&rsquo;air ; par cons\u00e9quent, le ressenti serait v\u00e9ritablement estival.<\/p>\n\n\n\n<p>De quoi revoir les orages comme le 3 Juin 2018 <a href=\"https:\/\/www.youtube.com\/watch?v=BU1djaM6ZOY\">https:\/\/www.youtube.com\/watch?v=BU1djaM6ZOY<\/a> ?<\/p>\n<div id=\"meteo-4212344634\" class=\"meteo-apres-le-contenu meteo-entity-placement\"><script async src=\"\/\/pagead2.googlesyndication.com\/pagead\/js\/adsbygoogle.js?client=ca-pub-0501790310760996\" crossorigin=\"anonymous\"><\/script><ins class=\"adsbygoogle\" style=\"display:block;\" data-ad-client=\"ca-pub-0501790310760996\" \ndata-ad-slot=\"7540452242\" \ndata-ad-format=\"auto\"><\/ins>\n<script> \n(adsbygoogle = window.adsbygoogle || []).push({}); \n<\/script>\n<\/div>","protected":false},"excerpt":{"rendered":"<p>Un changement se ferait par rapport \u00e0 la derni\u00e8re m\u00e9t\u00e9o pr\u00e9sent\u00e9e sur http:\/\/www.meteolafleche.com\/actualite\/2021\/05\/21\/meteo-du-14-au-23-mai-2021\/ Un semblant d&rsquo;\u00e9t\u00e9 pourrait enfin arriver par l&rsquo;Espagne en marges d&rsquo;une ou de plusieurs gouttes froides ; l&rsquo;une d&rsquo;entre elles serait susceptible de provoquer \u00e0 la fois une forte advection d&rsquo;air chaud mais aussi de l&rsquo;instabilit\u00e9. En fin de p\u00e9riode et pour [&hellip;]<\/p>\n","protected":false},"author":1,"featured_media":0,"comment_status":"open","ping_status":"open","sticky":false,"template":"","format":"standard","meta":{"footnotes":""},"categories":[1],"tags":[37,30,91,93,90,92,87,17,16],"class_list":["post-399","post","type-post","status-publish","format-standard","hentry","category-tendance-meteo-a-long-terme","tag-37","tag-30","tag-91","tag-chaud","tag-humide","tag-juin","tag-mai","tag-meteo","tag-previsions"],"yoast_head":"<!-- This site is optimized with the Yoast SEO plugin v27.5 - https:\/\/yoast.com\/product\/yoast-seo-wordpress\/ -->\n<title>Toute la m\u00e9t\u00e9o du 28 Mai au 6 Juin 2021 chaude et humide<\/title>\n<meta name=\"description\" content=\"Vers un retour de l&#039;\u00e9t\u00e9 pour la m\u00e9t\u00e9o du 28 Mai au 6 Juin 2021 ? ou poursuite d&#039;un flux oc\u00e9anique d&#039;Ouest apportant fraicheur ?\" \/>\n<meta name=\"robots\" content=\"index, follow, max-snippet:-1, max-image-preview:large, max-video-preview:-1\" \/>\n<link rel=\"canonical\" href=\"http:\/\/www.meteolafleche.com\/actualite\/2021\/05\/28\/meteo-du-28-mai-au-6-juin-2021-chaude-humide\/\" \/>\n<meta property=\"og:locale\" content=\"fr_FR\" \/>\n<meta property=\"og:type\" content=\"article\" \/>\n<meta property=\"og:title\" content=\"Toute la m\u00e9t\u00e9o du 28 Mai au 6 Juin 2021 chaude et humide\" \/>\n<meta property=\"og:description\" content=\"Vers un retour de l&#039;\u00e9t\u00e9 pour la m\u00e9t\u00e9o du 28 Mai au 6 Juin 2021 ? ou poursuite d&#039;un flux oc\u00e9anique d&#039;Ouest apportant fraicheur ?\" \/>\n<meta property=\"og:url\" content=\"http:\/\/www.meteolafleche.com\/actualite\/2021\/05\/28\/meteo-du-28-mai-au-6-juin-2021-chaude-humide\/\" \/>\n<meta property=\"og:site_name\" content=\"M\u00e9t\u00e9olafleche\" \/>\n<meta property=\"article:publisher\" content=\"https:\/\/fr-fr.facebook.com\/Meteolafleche\/\" \/>\n<meta property=\"article:published_time\" content=\"2021-05-28T07:59:00+00:00\" \/>\n<meta property=\"og:image\" content=\"http:\/\/www.meteolafleche.com\/actualite\/wp-content\/uploads\/2021\/05\/210601_meteo_france.png\" \/>\n<meta name=\"author\" content=\"M\u00e9t\u00e9olafl\u00e8che\" \/>\n<meta name=\"twitter:card\" content=\"summary_large_image\" \/>\n<meta name=\"twitter:creator\" content=\"@Meteolafleche\" \/>\n<meta name=\"twitter:site\" content=\"@Meteolafleche\" \/>\n<meta name=\"twitter:label1\" content=\"\u00c9crit par\" \/>\n\t<meta name=\"twitter:data1\" content=\"M\u00e9t\u00e9olafl\u00e8che\" \/>\n\t<meta name=\"twitter:label2\" content=\"Dur\u00e9e de lecture estim\u00e9e\" \/>\n\t<meta name=\"twitter:data2\" content=\"1 minute\" \/>\n<script type=\"application\/ld+json\" class=\"yoast-schema-graph\">{\"@context\":\"https:\\\/\\\/schema.org\",\"@graph\":[{\"@type\":\"Article\",\"@id\":\"http:\\\/\\\/www.meteolafleche.com\\\/actualite\\\/2021\\\/05\\\/28\\\/meteo-du-28-mai-au-6-juin-2021-chaude-humide\\\/#article\",\"isPartOf\":{\"@id\":\"http:\\\/\\\/www.meteolafleche.com\\\/actualite\\\/2021\\\/05\\\/28\\\/meteo-du-28-mai-au-6-juin-2021-chaude-humide\\\/\"},\"author\":{\"name\":\"M\u00e9t\u00e9olafl\u00e8che\",\"@id\":\"https:\\\/\\\/www.meteolafleche.com\\\/actualite\\\/#\\\/schema\\\/person\\\/a3f335c48c6b0b07b3a7ff55abb5e7a5\"},\"headline\":\"M\u00e9t\u00e9o du 28 Mai au 6 Juin 2021 chaude et humide\",\"datePublished\":\"2021-05-28T07:59:00+00:00\",\"mainEntityOfPage\":{\"@id\":\"http:\\\/\\\/www.meteolafleche.com\\\/actualite\\\/2021\\\/05\\\/28\\\/meteo-du-28-mai-au-6-juin-2021-chaude-humide\\\/\"},\"wordCount\":166,\"commentCount\":1,\"image\":{\"@id\":\"http:\\\/\\\/www.meteolafleche.com\\\/actualite\\\/2021\\\/05\\\/28\\\/meteo-du-28-mai-au-6-juin-2021-chaude-humide\\\/#primaryimage\"},\"thumbnailUrl\":\"http:\\\/\\\/www.meteolafleche.com\\\/actualite\\\/wp-content\\\/uploads\\\/2021\\\/05\\\/210601_meteo_france.png\",\"keywords\":[\"2021\",\"28\",\"6\",\"chaud\",\"humide\",\"juin\",\"mai\",\"m\u00e9t\u00e9o\",\"Pr\u00e9visions\"],\"articleSection\":[\"Tendance m\u00e9t\u00e9o \u00e0 long terme\"],\"inLanguage\":\"fr-FR\",\"potentialAction\":[{\"@type\":\"CommentAction\",\"name\":\"Comment\",\"target\":[\"http:\\\/\\\/www.meteolafleche.com\\\/actualite\\\/2021\\\/05\\\/28\\\/meteo-du-28-mai-au-6-juin-2021-chaude-humide\\\/#respond\"]}]},{\"@type\":\"WebPage\",\"@id\":\"http:\\\/\\\/www.meteolafleche.com\\\/actualite\\\/2021\\\/05\\\/28\\\/meteo-du-28-mai-au-6-juin-2021-chaude-humide\\\/\",\"url\":\"http:\\\/\\\/www.meteolafleche.com\\\/actualite\\\/2021\\\/05\\\/28\\\/meteo-du-28-mai-au-6-juin-2021-chaude-humide\\\/\",\"name\":\"Toute la m\u00e9t\u00e9o du 28 Mai au 6 Juin 2021 chaude et humide\",\"isPartOf\":{\"@id\":\"https:\\\/\\\/www.meteolafleche.com\\\/actualite\\\/#website\"},\"primaryImageOfPage\":{\"@id\":\"http:\\\/\\\/www.meteolafleche.com\\\/actualite\\\/2021\\\/05\\\/28\\\/meteo-du-28-mai-au-6-juin-2021-chaude-humide\\\/#primaryimage\"},\"image\":{\"@id\":\"http:\\\/\\\/www.meteolafleche.com\\\/actualite\\\/2021\\\/05\\\/28\\\/meteo-du-28-mai-au-6-juin-2021-chaude-humide\\\/#primaryimage\"},\"thumbnailUrl\":\"http:\\\/\\\/www.meteolafleche.com\\\/actualite\\\/wp-content\\\/uploads\\\/2021\\\/05\\\/210601_meteo_france.png\",\"datePublished\":\"2021-05-28T07:59:00+00:00\",\"author\":{\"@id\":\"https:\\\/\\\/www.meteolafleche.com\\\/actualite\\\/#\\\/schema\\\/person\\\/a3f335c48c6b0b07b3a7ff55abb5e7a5\"},\"description\":\"Vers un retour de l'\u00e9t\u00e9 pour la m\u00e9t\u00e9o du 28 Mai au 6 Juin 2021 ? ou poursuite d'un flux oc\u00e9anique d'Ouest apportant fraicheur ?\",\"breadcrumb\":{\"@id\":\"http:\\\/\\\/www.meteolafleche.com\\\/actualite\\\/2021\\\/05\\\/28\\\/meteo-du-28-mai-au-6-juin-2021-chaude-humide\\\/#breadcrumb\"},\"inLanguage\":\"fr-FR\",\"potentialAction\":[{\"@type\":\"ReadAction\",\"target\":[\"http:\\\/\\\/www.meteolafleche.com\\\/actualite\\\/2021\\\/05\\\/28\\\/meteo-du-28-mai-au-6-juin-2021-chaude-humide\\\/\"]}]},{\"@type\":\"ImageObject\",\"inLanguage\":\"fr-FR\",\"@id\":\"http:\\\/\\\/www.meteolafleche.com\\\/actualite\\\/2021\\\/05\\\/28\\\/meteo-du-28-mai-au-6-juin-2021-chaude-humide\\\/#primaryimage\",\"url\":\"https:\\\/\\\/www.meteolafleche.com\\\/actualite\\\/wp-content\\\/uploads\\\/2021\\\/05\\\/210601_meteo_france.png\",\"contentUrl\":\"https:\\\/\\\/www.meteolafleche.com\\\/actualite\\\/wp-content\\\/uploads\\\/2021\\\/05\\\/210601_meteo_france.png\",\"width\":600,\"height\":502},{\"@type\":\"BreadcrumbList\",\"@id\":\"http:\\\/\\\/www.meteolafleche.com\\\/actualite\\\/2021\\\/05\\\/28\\\/meteo-du-28-mai-au-6-juin-2021-chaude-humide\\\/#breadcrumb\",\"itemListElement\":[{\"@type\":\"ListItem\",\"position\":1,\"name\":\"Accueil\",\"item\":\"https:\\\/\\\/www.meteolafleche.com\\\/actualite\\\/\"},{\"@type\":\"ListItem\",\"position\":2,\"name\":\"M\u00e9t\u00e9o du 28 Mai au 6 Juin 2021 chaude et humide\"}]},{\"@type\":\"WebSite\",\"@id\":\"https:\\\/\\\/www.meteolafleche.com\\\/actualite\\\/#website\",\"url\":\"https:\\\/\\\/www.meteolafleche.com\\\/actualite\\\/\",\"name\":\"M\u00e9t\u00e9olafleche - Blog actualit\u00e9s\",\"description\":\"Actualit\u00e9s m\u00e9t\u00e9o \",\"potentialAction\":[{\"@type\":\"SearchAction\",\"target\":{\"@type\":\"EntryPoint\",\"urlTemplate\":\"https:\\\/\\\/www.meteolafleche.com\\\/actualite\\\/?s={search_term_string}\"},\"query-input\":{\"@type\":\"PropertyValueSpecification\",\"valueRequired\":true,\"valueName\":\"search_term_string\"}}],\"inLanguage\":\"fr-FR\"},{\"@type\":\"Person\",\"@id\":\"https:\\\/\\\/www.meteolafleche.com\\\/actualite\\\/#\\\/schema\\\/person\\\/a3f335c48c6b0b07b3a7ff55abb5e7a5\",\"name\":\"M\u00e9t\u00e9olafl\u00e8che\",\"image\":{\"@type\":\"ImageObject\",\"inLanguage\":\"fr-FR\",\"@id\":\"https:\\\/\\\/secure.gravatar.com\\\/avatar\\\/87018e78a84df868f9910cf7db506cf0e115cd6493382a089a41e0cf87a80762?s=96&d=mm&r=g\",\"url\":\"https:\\\/\\\/secure.gravatar.com\\\/avatar\\\/87018e78a84df868f9910cf7db506cf0e115cd6493382a089a41e0cf87a80762?s=96&d=mm&r=g\",\"contentUrl\":\"https:\\\/\\\/secure.gravatar.com\\\/avatar\\\/87018e78a84df868f9910cf7db506cf0e115cd6493382a089a41e0cf87a80762?s=96&d=mm&r=g\",\"caption\":\"M\u00e9t\u00e9olafl\u00e8che\"},\"sameAs\":[\"http:\\\/\\\/www.meteolafleche.com\\\/actualite\"]}]}<\/script>\n<!-- \/ Yoast SEO plugin. -->","yoast_head_json":{"title":"Toute la m\u00e9t\u00e9o du 28 Mai au 6 Juin 2021 chaude et humide","description":"Vers un retour de l'\u00e9t\u00e9 pour la m\u00e9t\u00e9o du 28 Mai au 6 Juin 2021 ? ou poursuite d'un flux oc\u00e9anique d'Ouest apportant fraicheur ?","robots":{"index":"index","follow":"follow","max-snippet":"max-snippet:-1","max-image-preview":"max-image-preview:large","max-video-preview":"max-video-preview:-1"},"canonical":"http:\/\/www.meteolafleche.com\/actualite\/2021\/05\/28\/meteo-du-28-mai-au-6-juin-2021-chaude-humide\/","og_locale":"fr_FR","og_type":"article","og_title":"Toute la m\u00e9t\u00e9o du 28 Mai au 6 Juin 2021 chaude et humide","og_description":"Vers un retour de l'\u00e9t\u00e9 pour la m\u00e9t\u00e9o du 28 Mai au 6 Juin 2021 ? ou poursuite d'un flux oc\u00e9anique d'Ouest apportant fraicheur ?","og_url":"http:\/\/www.meteolafleche.com\/actualite\/2021\/05\/28\/meteo-du-28-mai-au-6-juin-2021-chaude-humide\/","og_site_name":"M\u00e9t\u00e9olafleche","article_publisher":"https:\/\/fr-fr.facebook.com\/Meteolafleche\/","article_published_time":"2021-05-28T07:59:00+00:00","og_image":[{"url":"http:\/\/www.meteolafleche.com\/actualite\/wp-content\/uploads\/2021\/05\/210601_meteo_france.png","type":"","width":"","height":""}],"author":"M\u00e9t\u00e9olafl\u00e8che","twitter_card":"summary_large_image","twitter_creator":"@Meteolafleche","twitter_site":"@Meteolafleche","twitter_misc":{"\u00c9crit par":"M\u00e9t\u00e9olafl\u00e8che","Dur\u00e9e de lecture estim\u00e9e":"1 minute"},"schema":{"@context":"https:\/\/schema.org","@graph":[{"@type":"Article","@id":"http:\/\/www.meteolafleche.com\/actualite\/2021\/05\/28\/meteo-du-28-mai-au-6-juin-2021-chaude-humide\/#article","isPartOf":{"@id":"http:\/\/www.meteolafleche.com\/actualite\/2021\/05\/28\/meteo-du-28-mai-au-6-juin-2021-chaude-humide\/"},"author":{"name":"M\u00e9t\u00e9olafl\u00e8che","@id":"https:\/\/www.meteolafleche.com\/actualite\/#\/schema\/person\/a3f335c48c6b0b07b3a7ff55abb5e7a5"},"headline":"M\u00e9t\u00e9o du 28 Mai au 6 Juin 2021 chaude et humide","datePublished":"2021-05-28T07:59:00+00:00","mainEntityOfPage":{"@id":"http:\/\/www.meteolafleche.com\/actualite\/2021\/05\/28\/meteo-du-28-mai-au-6-juin-2021-chaude-humide\/"},"wordCount":166,"commentCount":1,"image":{"@id":"http:\/\/www.meteolafleche.com\/actualite\/2021\/05\/28\/meteo-du-28-mai-au-6-juin-2021-chaude-humide\/#primaryimage"},"thumbnailUrl":"http:\/\/www.meteolafleche.com\/actualite\/wp-content\/uploads\/2021\/05\/210601_meteo_france.png","keywords":["2021","28","6","chaud","humide","juin","mai","m\u00e9t\u00e9o","Pr\u00e9visions"],"articleSection":["Tendance m\u00e9t\u00e9o \u00e0 long terme"],"inLanguage":"fr-FR","potentialAction":[{"@type":"CommentAction","name":"Comment","target":["http:\/\/www.meteolafleche.com\/actualite\/2021\/05\/28\/meteo-du-28-mai-au-6-juin-2021-chaude-humide\/#respond"]}]},{"@type":"WebPage","@id":"http:\/\/www.meteolafleche.com\/actualite\/2021\/05\/28\/meteo-du-28-mai-au-6-juin-2021-chaude-humide\/","url":"http:\/\/www.meteolafleche.com\/actualite\/2021\/05\/28\/meteo-du-28-mai-au-6-juin-2021-chaude-humide\/","name":"Toute la m\u00e9t\u00e9o du 28 Mai au 6 Juin 2021 chaude et humide","isPartOf":{"@id":"https:\/\/www.meteolafleche.com\/actualite\/#website"},"primaryImageOfPage":{"@id":"http:\/\/www.meteolafleche.com\/actualite\/2021\/05\/28\/meteo-du-28-mai-au-6-juin-2021-chaude-humide\/#primaryimage"},"image":{"@id":"http:\/\/www.meteolafleche.com\/actualite\/2021\/05\/28\/meteo-du-28-mai-au-6-juin-2021-chaude-humide\/#primaryimage"},"thumbnailUrl":"http:\/\/www.meteolafleche.com\/actualite\/wp-content\/uploads\/2021\/05\/210601_meteo_france.png","datePublished":"2021-05-28T07:59:00+00:00","author":{"@id":"https:\/\/www.meteolafleche.com\/actualite\/#\/schema\/person\/a3f335c48c6b0b07b3a7ff55abb5e7a5"},"description":"Vers un retour de l'\u00e9t\u00e9 pour la m\u00e9t\u00e9o du 28 Mai au 6 Juin 2021 ? ou poursuite d'un flux oc\u00e9anique d'Ouest apportant fraicheur ?","breadcrumb":{"@id":"http:\/\/www.meteolafleche.com\/actualite\/2021\/05\/28\/meteo-du-28-mai-au-6-juin-2021-chaude-humide\/#breadcrumb"},"inLanguage":"fr-FR","potentialAction":[{"@type":"ReadAction","target":["http:\/\/www.meteolafleche.com\/actualite\/2021\/05\/28\/meteo-du-28-mai-au-6-juin-2021-chaude-humide\/"]}]},{"@type":"ImageObject","inLanguage":"fr-FR","@id":"http:\/\/www.meteolafleche.com\/actualite\/2021\/05\/28\/meteo-du-28-mai-au-6-juin-2021-chaude-humide\/#primaryimage","url":"https:\/\/www.meteolafleche.com\/actualite\/wp-content\/uploads\/2021\/05\/210601_meteo_france.png","contentUrl":"https:\/\/www.meteolafleche.com\/actualite\/wp-content\/uploads\/2021\/05\/210601_meteo_france.png","width":600,"height":502},{"@type":"BreadcrumbList","@id":"http:\/\/www.meteolafleche.com\/actualite\/2021\/05\/28\/meteo-du-28-mai-au-6-juin-2021-chaude-humide\/#breadcrumb","itemListElement":[{"@type":"ListItem","position":1,"name":"Accueil","item":"https:\/\/www.meteolafleche.com\/actualite\/"},{"@type":"ListItem","position":2,"name":"M\u00e9t\u00e9o du 28 Mai au 6 Juin 2021 chaude et humide"}]},{"@type":"WebSite","@id":"https:\/\/www.meteolafleche.com\/actualite\/#website","url":"https:\/\/www.meteolafleche.com\/actualite\/","name":"M\u00e9t\u00e9olafleche - Blog actualit\u00e9s","description":"Actualit\u00e9s m\u00e9t\u00e9o ","potentialAction":[{"@type":"SearchAction","target":{"@type":"EntryPoint","urlTemplate":"https:\/\/www.meteolafleche.com\/actualite\/?s={search_term_string}"},"query-input":{"@type":"PropertyValueSpecification","valueRequired":true,"valueName":"search_term_string"}}],"inLanguage":"fr-FR"},{"@type":"Person","@id":"https:\/\/www.meteolafleche.com\/actualite\/#\/schema\/person\/a3f335c48c6b0b07b3a7ff55abb5e7a5","name":"M\u00e9t\u00e9olafl\u00e8che","image":{"@type":"ImageObject","inLanguage":"fr-FR","@id":"https:\/\/secure.gravatar.com\/avatar\/87018e78a84df868f9910cf7db506cf0e115cd6493382a089a41e0cf87a80762?s=96&d=mm&r=g","url":"https:\/\/secure.gravatar.com\/avatar\/87018e78a84df868f9910cf7db506cf0e115cd6493382a089a41e0cf87a80762?s=96&d=mm&r=g","contentUrl":"https:\/\/secure.gravatar.com\/avatar\/87018e78a84df868f9910cf7db506cf0e115cd6493382a089a41e0cf87a80762?s=96&d=mm&r=g","caption":"M\u00e9t\u00e9olafl\u00e8che"},"sameAs":["http:\/\/www.meteolafleche.com\/actualite"]}]}},"_links":{"self":[{"href":"https:\/\/www.meteolafleche.com\/actualite\/wp-json\/wp\/v2\/posts\/399","targetHints":{"allow":["GET"]}}],"collection":[{"href":"https:\/\/www.meteolafleche.com\/actualite\/wp-json\/wp\/v2\/posts"}],"about":[{"href":"https:\/\/www.meteolafleche.com\/actualite\/wp-json\/wp\/v2\/types\/post"}],"author":[{"embeddable":true,"href":"https:\/\/www.meteolafleche.com\/actualite\/wp-json\/wp\/v2\/users\/1"}],"replies":[{"embeddable":true,"href":"https:\/\/www.meteolafleche.com\/actualite\/wp-json\/wp\/v2\/comments?post=399"}],"version-history":[{"count":1,"href":"https:\/\/www.meteolafleche.com\/actualite\/wp-json\/wp\/v2\/posts\/399\/revisions"}],"predecessor-version":[{"id":402,"href":"https:\/\/www.meteolafleche.com\/actualite\/wp-json\/wp\/v2\/posts\/399\/revisions\/402"}],"wp:attachment":[{"href":"https:\/\/www.meteolafleche.com\/actualite\/wp-json\/wp\/v2\/media?parent=399"}],"wp:term":[{"taxonomy":"category","embeddable":true,"href":"https:\/\/www.meteolafleche.com\/actualite\/wp-json\/wp\/v2\/categories?post=399"},{"taxonomy":"post_tag","embeddable":true,"href":"https:\/\/www.meteolafleche.com\/actualite\/wp-json\/wp\/v2\/tags?post=399"}],"curies":[{"name":"wp","href":"https:\/\/api.w.org\/{rel}","templated":true}]}}