{"id":1585,"date":"2026-09-04T08:15:00","date_gmt":"2026-09-04T06:15:00","guid":{"rendered":"https:\/\/www.meteolafleche.com\/actualite\/?p=1585"},"modified":"2026-09-01T09:26:33","modified_gmt":"2026-09-01T07:26:33","slug":"meteo-du-4-au-13-septembre-2026-grandes-marees","status":"publish","type":"post","link":"https:\/\/www.meteolafleche.com\/actualite\/2026\/09\/04\/meteo-du-4-au-13-septembre-2026-grandes-marees\/","title":{"rendered":"M\u00e9t\u00e9o du 4 au 13 Septembre 2026 grandes mar\u00e9es"},"content":{"rendered":"<div id=\"meteo-2653841604\" class=\"meteo-avant-contenu meteo-entity-placement\"><script async src=\"\/\/pagead2.googlesyndication.com\/pagead\/js\/adsbygoogle.js?client=ca-pub-0501790310760996\" crossorigin=\"anonymous\"><\/script><ins class=\"adsbygoogle\" style=\"display:block;\" data-ad-client=\"ca-pub-0501790310760996\" \ndata-ad-slot=\"9802369648\" \ndata-ad-format=\"auto\"><\/ins>\n<script> \n(adsbygoogle = window.adsbygoogle || []).push({}); \n<\/script>\n<\/div>\n<p class=\"wp-block-paragraph\">L&rsquo;automne semblerait se confirmer apr\u00e8s une fin Aout d\u00e9j\u00e0 arros\u00e9e <a href=\"https:\/\/www.meteolafleche.com\/actualite\/2026\/08\/28\/meteo-du-28-aout-au-6-septembre-2026-humide\/\">https:\/\/www.meteolafleche.com\/actualite\/2026\/08\/28\/meteo-du-28-aout-au-6-septembre-2026-humide\/<\/a><\/p>\n\n\n\n<figure class=\"wp-block-image size-full\"><img loading=\"lazy\" decoding=\"async\" width=\"600\" height=\"502\" src=\"https:\/\/www.meteolafleche.com\/actualite\/wp-content\/uploads\/2026\/09\/260908_meteo_france.png\" alt=\"M\u00e9t\u00e9o France 8 Septembre 2026\" class=\"wp-image-1586\" srcset=\"https:\/\/www.meteolafleche.com\/actualite\/wp-content\/uploads\/2026\/09\/260908_meteo_france.png 600w, https:\/\/www.meteolafleche.com\/actualite\/wp-content\/uploads\/2026\/09\/260908_meteo_france-300x251.png 300w\" sizes=\"auto, (max-width: 600px) 100vw, 600px\" \/><\/figure>\n\n\n\n<p class=\"wp-block-paragraph\">Un calme relatif se produirait en marge du d\u00e9calage des hautes pressions sur la France.<\/p>\n\n\n\n<p class=\"wp-block-paragraph\">Ces m\u00eames hautes pressions iraient ensuite sur le B\u00e9n\u00e9lux puis la Scandinavie laissant une goutte froide espagnole remonter ; cette m\u00eame goutte froide ferait remonter de l&rsquo;air bouillant le temps d&rsquo;une journ\u00e9e ou deux \u00e0 l&rsquo;avant d&rsquo;une d\u00e9gradation.<\/p>\n\n\n\n<p class=\"wp-block-paragraph\">Le rafraichissement arriverait de nouveau rapidement ensuite.<\/p>\n\n\n\n<figure class=\"wp-block-image size-full\"><img loading=\"lazy\" decoding=\"async\" width=\"600\" height=\"502\" src=\"https:\/\/www.meteolafleche.com\/actualite\/wp-content\/uploads\/2026\/09\/260913_meteo_france.png\" alt=\"M\u00e9t\u00e9o France 13 Septembre 2026 grandes mar\u00e9es\" class=\"wp-image-1587\" srcset=\"https:\/\/www.meteolafleche.com\/actualite\/wp-content\/uploads\/2026\/09\/260913_meteo_france.png 600w, https:\/\/www.meteolafleche.com\/actualite\/wp-content\/uploads\/2026\/09\/260913_meteo_france-300x251.png 300w\" sizes=\"auto, (max-width: 600px) 100vw, 600px\" \/><\/figure>\n\n\n\n<p class=\"wp-block-paragraph\">Il serait mod\u00e9lis\u00e9 le passage d&rsquo;une d\u00e9pression active (\u00e0 confirmer) juste avant le d\u00e9but des grandes mar\u00e9es coefficient 102 ; la houle g\u00e9n\u00e9r\u00e9e arriverait juste avant et se d\u00e9roulerait sur des hauteurs d&rsquo;eau plus basses le cas \u00e9ch\u00e9ant : le risque de submersion marine serait alors r\u00e9duit.<\/p>\n\n\n\n<p class=\"wp-block-paragraph\">En cours de p\u00e9riode, les hautes pressions reviendraient sur les \u00eeles britanniques ce qui pourrait aboutir \u00e0 des d\u00e9c\u00f4tes lors des mar\u00e9es du week-end des 12 et 13 Septembre 2026.<\/p>\n\n\n\n<p class=\"wp-block-paragraph\">Par cons\u00e9quent, la situation m\u00e9t\u00e9o ne ressemblerait en rien \u00e0 celle de l&rsquo;ann\u00e9e derni\u00e8re <a href=\"https:\/\/www.youtube.com\/watch?v=xthkg1sMMfA&amp;pp=0gcJCRoMAYcqIYzv\">https:\/\/www.youtube.com\/watch?v=xthkg1sMMfA&amp;pp=0gcJCRoMAYcqIYzv<\/a><\/p>\n<div id=\"meteo-3196437418\" class=\"meteo-apres-le-contenu meteo-entity-placement\"><script async src=\"\/\/pagead2.googlesyndication.com\/pagead\/js\/adsbygoogle.js?client=ca-pub-0501790310760996\" crossorigin=\"anonymous\"><\/script><ins class=\"adsbygoogle\" style=\"display:block;\" data-ad-client=\"ca-pub-0501790310760996\" \ndata-ad-slot=\"7540452242\" \ndata-ad-format=\"auto\"><\/ins>\n<script> \n(adsbygoogle = window.adsbygoogle || []).push({}); \n<\/script>\n<\/div>","protected":false},"excerpt":{"rendered":"<p>L&rsquo;automne semblerait se confirmer apr\u00e8s une fin Aout d\u00e9j\u00e0 arros\u00e9e https:\/\/www.meteolafleche.com\/actualite\/2026\/08\/28\/meteo-du-28-aout-au-6-septembre-2026-humide\/ Un calme relatif se produirait en marge du d\u00e9calage des hautes pressions sur la France. Ces m\u00eames hautes pressions iraient ensuite sur le B\u00e9n\u00e9lux puis la Scandinavie laissant une goutte froide espagnole remonter ; cette m\u00eame goutte froide ferait remonter de l&rsquo;air bouillant le [&hellip;]<\/p>\n","protected":false},"author":1,"featured_media":0,"comment_status":"open","ping_status":"open","sticky":false,"template":"","format":"standard","meta":{"footnotes":""},"categories":[1],"tags":[48,157,82,62,17,16,107],"class_list":["post-1585","post","type-post","status-publish","format-standard","hentry","category-tendance-meteo-a-long-terme","tag-48","tag-157","tag-82","tag-grandes-marees","tag-meteo","tag-previsions","tag-septembre"],"yoast_head":"<!-- This site is optimized with the Yoast SEO plugin v28.4 - https:\/\/yoast.com\/product\/yoast-seo-wordpress\/ -->\n<title>Toute la m\u00e9t\u00e9o du 4 au 13 Septembre 2026 consacr\u00e9e aux mar\u00e9es.<\/title>\n<meta name=\"description\" content=\"Les tendances m\u00e9t\u00e9o pour la p\u00e9riode du 4 au 13 Septembre 2026 consacr\u00e9es en parte aux grandes mar\u00e9es ; vers un temps agit\u00e9 et doux ? frais ?\" \/>\n<meta name=\"robots\" content=\"index, follow, max-snippet:-1, max-image-preview:large, max-video-preview:-1\" \/>\n<link rel=\"canonical\" href=\"https:\/\/www.meteolafleche.com\/actualite\/2026\/09\/04\/meteo-du-4-au-13-septembre-2026-grandes-marees\/\" \/>\n<meta property=\"og:locale\" content=\"fr_FR\" \/>\n<meta property=\"og:type\" content=\"article\" \/>\n<meta property=\"og:title\" content=\"Toute la m\u00e9t\u00e9o du 4 au 13 Septembre 2026 consacr\u00e9e aux mar\u00e9es.\" \/>\n<meta property=\"og:description\" content=\"Les tendances m\u00e9t\u00e9o pour la p\u00e9riode du 4 au 13 Septembre 2026 consacr\u00e9es en parte aux grandes mar\u00e9es ; vers un temps agit\u00e9 et doux ? frais ?\" \/>\n<meta property=\"og:url\" content=\"https:\/\/www.meteolafleche.com\/actualite\/2026\/09\/04\/meteo-du-4-au-13-septembre-2026-grandes-marees\/\" \/>\n<meta property=\"og:site_name\" content=\"M\u00e9t\u00e9olafleche\" \/>\n<meta property=\"article:publisher\" content=\"https:\/\/fr-fr.facebook.com\/Meteolafleche\/\" \/>\n<meta property=\"article:published_time\" content=\"2026-09-04T06:15:00+00:00\" \/>\n<meta property=\"og:image\" content=\"https:\/\/www.meteolafleche.com\/actualite\/wp-content\/uploads\/2026\/09\/260908_meteo_france.png\" \/>\n\t<meta property=\"og:image:width\" content=\"600\" \/>\n\t<meta property=\"og:image:height\" content=\"502\" \/>\n\t<meta property=\"og:image:type\" content=\"image\/png\" \/>\n<meta name=\"author\" content=\"M\u00e9t\u00e9olafl\u00e8che\" \/>\n<meta name=\"twitter:card\" content=\"summary_large_image\" \/>\n<meta name=\"twitter:creator\" content=\"@Meteolafleche\" \/>\n<meta name=\"twitter:site\" content=\"@Meteolafleche\" \/>\n<meta name=\"twitter:label1\" content=\"\u00c9crit par\" \/>\n\t<meta name=\"twitter:data1\" content=\"M\u00e9t\u00e9olafl\u00e8che\" \/>\n\t<meta name=\"twitter:label2\" content=\"Dur\u00e9e de lecture estim\u00e9e\" \/>\n\t<meta name=\"twitter:data2\" content=\"2 minutes\" \/>\n<script type=\"application\/ld+json\" class=\"yoast-schema-graph\">{\"@context\":\"https:\\\/\\\/schema.org\",\"@graph\":[{\"@type\":\"Article\",\"@id\":\"https:\\\/\\\/www.meteolafleche.com\\\/actualite\\\/2026\\\/09\\\/04\\\/meteo-du-4-au-13-septembre-2026-grandes-marees\\\/#article\",\"isPartOf\":{\"@id\":\"https:\\\/\\\/www.meteolafleche.com\\\/actualite\\\/2026\\\/09\\\/04\\\/meteo-du-4-au-13-septembre-2026-grandes-marees\\\/\"},\"author\":{\"name\":\"M\u00e9t\u00e9olafl\u00e8che\",\"@id\":\"http:\\\/\\\/www.meteolafleche.com\\\/actualite\\\/#\\\/schema\\\/person\\\/a3f335c48c6b0b07b3a7ff55abb5e7a5\"},\"headline\":\"M\u00e9t\u00e9o du 4 au 13 Septembre 2026 grandes mar\u00e9es\",\"datePublished\":\"2026-09-04T06:15:00+00:00\",\"mainEntityOfPage\":{\"@id\":\"https:\\\/\\\/www.meteolafleche.com\\\/actualite\\\/2026\\\/09\\\/04\\\/meteo-du-4-au-13-septembre-2026-grandes-marees\\\/\"},\"wordCount\":208,\"commentCount\":0,\"image\":{\"@id\":\"https:\\\/\\\/www.meteolafleche.com\\\/actualite\\\/2026\\\/09\\\/04\\\/meteo-du-4-au-13-septembre-2026-grandes-marees\\\/#primaryimage\"},\"thumbnailUrl\":\"https:\\\/\\\/www.meteolafleche.com\\\/actualite\\\/wp-content\\\/uploads\\\/2026\\\/09\\\/260908_meteo_france.png\",\"keywords\":[\"13\",\"2026\",\"4\",\"grandes mar\u00e9es\",\"m\u00e9t\u00e9o\",\"Pr\u00e9visions\",\"septembre\"],\"articleSection\":[\"Tendance m\u00e9t\u00e9o \u00e0 long terme\"],\"inLanguage\":\"fr-FR\",\"potentialAction\":[{\"@type\":\"CommentAction\",\"name\":\"Comment\",\"target\":[\"https:\\\/\\\/www.meteolafleche.com\\\/actualite\\\/2026\\\/09\\\/04\\\/meteo-du-4-au-13-septembre-2026-grandes-marees\\\/#respond\"]}]},{\"@type\":\"WebPage\",\"@id\":\"https:\\\/\\\/www.meteolafleche.com\\\/actualite\\\/2026\\\/09\\\/04\\\/meteo-du-4-au-13-septembre-2026-grandes-marees\\\/\",\"url\":\"https:\\\/\\\/www.meteolafleche.com\\\/actualite\\\/2026\\\/09\\\/04\\\/meteo-du-4-au-13-septembre-2026-grandes-marees\\\/\",\"name\":\"Toute la m\u00e9t\u00e9o du 4 au 13 Septembre 2026 consacr\u00e9e aux mar\u00e9es.\",\"isPartOf\":{\"@id\":\"http:\\\/\\\/www.meteolafleche.com\\\/actualite\\\/#website\"},\"primaryImageOfPage\":{\"@id\":\"https:\\\/\\\/www.meteolafleche.com\\\/actualite\\\/2026\\\/09\\\/04\\\/meteo-du-4-au-13-septembre-2026-grandes-marees\\\/#primaryimage\"},\"image\":{\"@id\":\"https:\\\/\\\/www.meteolafleche.com\\\/actualite\\\/2026\\\/09\\\/04\\\/meteo-du-4-au-13-septembre-2026-grandes-marees\\\/#primaryimage\"},\"thumbnailUrl\":\"https:\\\/\\\/www.meteolafleche.com\\\/actualite\\\/wp-content\\\/uploads\\\/2026\\\/09\\\/260908_meteo_france.png\",\"datePublished\":\"2026-09-04T06:15:00+00:00\",\"author\":{\"@id\":\"http:\\\/\\\/www.meteolafleche.com\\\/actualite\\\/#\\\/schema\\\/person\\\/a3f335c48c6b0b07b3a7ff55abb5e7a5\"},\"description\":\"Les tendances m\u00e9t\u00e9o pour la p\u00e9riode du 4 au 13 Septembre 2026 consacr\u00e9es en parte aux grandes mar\u00e9es ; vers un temps agit\u00e9 et doux ? frais ?\",\"breadcrumb\":{\"@id\":\"https:\\\/\\\/www.meteolafleche.com\\\/actualite\\\/2026\\\/09\\\/04\\\/meteo-du-4-au-13-septembre-2026-grandes-marees\\\/#breadcrumb\"},\"inLanguage\":\"fr-FR\",\"potentialAction\":[{\"@type\":\"ReadAction\",\"target\":[\"https:\\\/\\\/www.meteolafleche.com\\\/actualite\\\/2026\\\/09\\\/04\\\/meteo-du-4-au-13-septembre-2026-grandes-marees\\\/\"]}]},{\"@type\":\"ImageObject\",\"inLanguage\":\"fr-FR\",\"@id\":\"https:\\\/\\\/www.meteolafleche.com\\\/actualite\\\/2026\\\/09\\\/04\\\/meteo-du-4-au-13-septembre-2026-grandes-marees\\\/#primaryimage\",\"url\":\"https:\\\/\\\/www.meteolafleche.com\\\/actualite\\\/wp-content\\\/uploads\\\/2026\\\/09\\\/260908_meteo_france.png\",\"contentUrl\":\"https:\\\/\\\/www.meteolafleche.com\\\/actualite\\\/wp-content\\\/uploads\\\/2026\\\/09\\\/260908_meteo_france.png\",\"width\":600,\"height\":502},{\"@type\":\"BreadcrumbList\",\"@id\":\"https:\\\/\\\/www.meteolafleche.com\\\/actualite\\\/2026\\\/09\\\/04\\\/meteo-du-4-au-13-septembre-2026-grandes-marees\\\/#breadcrumb\",\"itemListElement\":[{\"@type\":\"ListItem\",\"position\":1,\"name\":\"Accueil\",\"item\":\"http:\\\/\\\/www.meteolafleche.com\\\/actualite\\\/\"},{\"@type\":\"ListItem\",\"position\":2,\"name\":\"M\u00e9t\u00e9o du 4 au 13 Septembre 2026 grandes mar\u00e9es\"}]},{\"@type\":\"WebSite\",\"@id\":\"http:\\\/\\\/www.meteolafleche.com\\\/actualite\\\/#website\",\"url\":\"http:\\\/\\\/www.meteolafleche.com\\\/actualite\\\/\",\"name\":\"M\u00e9t\u00e9olafleche - Blog actualit\u00e9s\",\"description\":\"Actualit\u00e9s m\u00e9t\u00e9o \",\"potentialAction\":[{\"@type\":\"SearchAction\",\"target\":{\"@type\":\"EntryPoint\",\"urlTemplate\":\"http:\\\/\\\/www.meteolafleche.com\\\/actualite\\\/?s={search_term_string}\"},\"query-input\":{\"@type\":\"PropertyValueSpecification\",\"valueRequired\":true,\"valueName\":\"search_term_string\"}}],\"inLanguage\":\"fr-FR\"},{\"@type\":\"Person\",\"@id\":\"http:\\\/\\\/www.meteolafleche.com\\\/actualite\\\/#\\\/schema\\\/person\\\/a3f335c48c6b0b07b3a7ff55abb5e7a5\",\"name\":\"M\u00e9t\u00e9olafl\u00e8che\",\"image\":{\"@type\":\"ImageObject\",\"inLanguage\":\"fr-FR\",\"@id\":\"https:\\\/\\\/secure.gravatar.com\\\/avatar\\\/87018e78a84df868f9910cf7db506cf0e115cd6493382a089a41e0cf87a80762?s=96&d=mm&r=g\",\"url\":\"https:\\\/\\\/secure.gravatar.com\\\/avatar\\\/87018e78a84df868f9910cf7db506cf0e115cd6493382a089a41e0cf87a80762?s=96&d=mm&r=g\",\"contentUrl\":\"https:\\\/\\\/secure.gravatar.com\\\/avatar\\\/87018e78a84df868f9910cf7db506cf0e115cd6493382a089a41e0cf87a80762?s=96&d=mm&r=g\",\"caption\":\"M\u00e9t\u00e9olafl\u00e8che\"},\"sameAs\":[\"http:\\\/\\\/www.meteolafleche.com\\\/actualite\"]}]}<\/script>\n<!-- \/ Yoast SEO plugin. -->","yoast_head_json":{"title":"Toute la m\u00e9t\u00e9o du 4 au 13 Septembre 2026 consacr\u00e9e aux mar\u00e9es.","description":"Les tendances m\u00e9t\u00e9o pour la p\u00e9riode du 4 au 13 Septembre 2026 consacr\u00e9es en parte aux grandes mar\u00e9es ; vers un temps agit\u00e9 et doux ? frais ?","robots":{"index":"index","follow":"follow","max-snippet":"max-snippet:-1","max-image-preview":"max-image-preview:large","max-video-preview":"max-video-preview:-1"},"canonical":"https:\/\/www.meteolafleche.com\/actualite\/2026\/09\/04\/meteo-du-4-au-13-septembre-2026-grandes-marees\/","og_locale":"fr_FR","og_type":"article","og_title":"Toute la m\u00e9t\u00e9o du 4 au 13 Septembre 2026 consacr\u00e9e aux mar\u00e9es.","og_description":"Les tendances m\u00e9t\u00e9o pour la p\u00e9riode du 4 au 13 Septembre 2026 consacr\u00e9es en parte aux grandes mar\u00e9es ; vers un temps agit\u00e9 et doux ? frais ?","og_url":"https:\/\/www.meteolafleche.com\/actualite\/2026\/09\/04\/meteo-du-4-au-13-septembre-2026-grandes-marees\/","og_site_name":"M\u00e9t\u00e9olafleche","article_publisher":"https:\/\/fr-fr.facebook.com\/Meteolafleche\/","article_published_time":"2026-09-04T06:15:00+00:00","og_image":[{"width":600,"height":502,"url":"https:\/\/www.meteolafleche.com\/actualite\/wp-content\/uploads\/2026\/09\/260908_meteo_france.png","type":"image\/png"}],"author":"M\u00e9t\u00e9olafl\u00e8che","twitter_card":"summary_large_image","twitter_creator":"@Meteolafleche","twitter_site":"@Meteolafleche","twitter_misc":{"\u00c9crit par":"M\u00e9t\u00e9olafl\u00e8che","Dur\u00e9e de lecture estim\u00e9e":"2 minutes"},"schema":{"@context":"https:\/\/schema.org","@graph":[{"@type":"Article","@id":"https:\/\/www.meteolafleche.com\/actualite\/2026\/09\/04\/meteo-du-4-au-13-septembre-2026-grandes-marees\/#article","isPartOf":{"@id":"https:\/\/www.meteolafleche.com\/actualite\/2026\/09\/04\/meteo-du-4-au-13-septembre-2026-grandes-marees\/"},"author":{"name":"M\u00e9t\u00e9olafl\u00e8che","@id":"http:\/\/www.meteolafleche.com\/actualite\/#\/schema\/person\/a3f335c48c6b0b07b3a7ff55abb5e7a5"},"headline":"M\u00e9t\u00e9o du 4 au 13 Septembre 2026 grandes mar\u00e9es","datePublished":"2026-09-04T06:15:00+00:00","mainEntityOfPage":{"@id":"https:\/\/www.meteolafleche.com\/actualite\/2026\/09\/04\/meteo-du-4-au-13-septembre-2026-grandes-marees\/"},"wordCount":208,"commentCount":0,"image":{"@id":"https:\/\/www.meteolafleche.com\/actualite\/2026\/09\/04\/meteo-du-4-au-13-septembre-2026-grandes-marees\/#primaryimage"},"thumbnailUrl":"https:\/\/www.meteolafleche.com\/actualite\/wp-content\/uploads\/2026\/09\/260908_meteo_france.png","keywords":["13","2026","4","grandes mar\u00e9es","m\u00e9t\u00e9o","Pr\u00e9visions","septembre"],"articleSection":["Tendance m\u00e9t\u00e9o \u00e0 long terme"],"inLanguage":"fr-FR","potentialAction":[{"@type":"CommentAction","name":"Comment","target":["https:\/\/www.meteolafleche.com\/actualite\/2026\/09\/04\/meteo-du-4-au-13-septembre-2026-grandes-marees\/#respond"]}]},{"@type":"WebPage","@id":"https:\/\/www.meteolafleche.com\/actualite\/2026\/09\/04\/meteo-du-4-au-13-septembre-2026-grandes-marees\/","url":"https:\/\/www.meteolafleche.com\/actualite\/2026\/09\/04\/meteo-du-4-au-13-septembre-2026-grandes-marees\/","name":"Toute la m\u00e9t\u00e9o du 4 au 13 Septembre 2026 consacr\u00e9e aux mar\u00e9es.","isPartOf":{"@id":"http:\/\/www.meteolafleche.com\/actualite\/#website"},"primaryImageOfPage":{"@id":"https:\/\/www.meteolafleche.com\/actualite\/2026\/09\/04\/meteo-du-4-au-13-septembre-2026-grandes-marees\/#primaryimage"},"image":{"@id":"https:\/\/www.meteolafleche.com\/actualite\/2026\/09\/04\/meteo-du-4-au-13-septembre-2026-grandes-marees\/#primaryimage"},"thumbnailUrl":"https:\/\/www.meteolafleche.com\/actualite\/wp-content\/uploads\/2026\/09\/260908_meteo_france.png","datePublished":"2026-09-04T06:15:00+00:00","author":{"@id":"http:\/\/www.meteolafleche.com\/actualite\/#\/schema\/person\/a3f335c48c6b0b07b3a7ff55abb5e7a5"},"description":"Les tendances m\u00e9t\u00e9o pour la p\u00e9riode du 4 au 13 Septembre 2026 consacr\u00e9es en parte aux grandes mar\u00e9es ; vers un temps agit\u00e9 et doux ? frais ?","breadcrumb":{"@id":"https:\/\/www.meteolafleche.com\/actualite\/2026\/09\/04\/meteo-du-4-au-13-septembre-2026-grandes-marees\/#breadcrumb"},"inLanguage":"fr-FR","potentialAction":[{"@type":"ReadAction","target":["https:\/\/www.meteolafleche.com\/actualite\/2026\/09\/04\/meteo-du-4-au-13-septembre-2026-grandes-marees\/"]}]},{"@type":"ImageObject","inLanguage":"fr-FR","@id":"https:\/\/www.meteolafleche.com\/actualite\/2026\/09\/04\/meteo-du-4-au-13-septembre-2026-grandes-marees\/#primaryimage","url":"https:\/\/www.meteolafleche.com\/actualite\/wp-content\/uploads\/2026\/09\/260908_meteo_france.png","contentUrl":"https:\/\/www.meteolafleche.com\/actualite\/wp-content\/uploads\/2026\/09\/260908_meteo_france.png","width":600,"height":502},{"@type":"BreadcrumbList","@id":"https:\/\/www.meteolafleche.com\/actualite\/2026\/09\/04\/meteo-du-4-au-13-septembre-2026-grandes-marees\/#breadcrumb","itemListElement":[{"@type":"ListItem","position":1,"name":"Accueil","item":"http:\/\/www.meteolafleche.com\/actualite\/"},{"@type":"ListItem","position":2,"name":"M\u00e9t\u00e9o du 4 au 13 Septembre 2026 grandes mar\u00e9es"}]},{"@type":"WebSite","@id":"http:\/\/www.meteolafleche.com\/actualite\/#website","url":"http:\/\/www.meteolafleche.com\/actualite\/","name":"M\u00e9t\u00e9olafleche - Blog actualit\u00e9s","description":"Actualit\u00e9s m\u00e9t\u00e9o ","potentialAction":[{"@type":"SearchAction","target":{"@type":"EntryPoint","urlTemplate":"http:\/\/www.meteolafleche.com\/actualite\/?s={search_term_string}"},"query-input":{"@type":"PropertyValueSpecification","valueRequired":true,"valueName":"search_term_string"}}],"inLanguage":"fr-FR"},{"@type":"Person","@id":"http:\/\/www.meteolafleche.com\/actualite\/#\/schema\/person\/a3f335c48c6b0b07b3a7ff55abb5e7a5","name":"M\u00e9t\u00e9olafl\u00e8che","image":{"@type":"ImageObject","inLanguage":"fr-FR","@id":"https:\/\/secure.gravatar.com\/avatar\/87018e78a84df868f9910cf7db506cf0e115cd6493382a089a41e0cf87a80762?s=96&d=mm&r=g","url":"https:\/\/secure.gravatar.com\/avatar\/87018e78a84df868f9910cf7db506cf0e115cd6493382a089a41e0cf87a80762?s=96&d=mm&r=g","contentUrl":"https:\/\/secure.gravatar.com\/avatar\/87018e78a84df868f9910cf7db506cf0e115cd6493382a089a41e0cf87a80762?s=96&d=mm&r=g","caption":"M\u00e9t\u00e9olafl\u00e8che"},"sameAs":["http:\/\/www.meteolafleche.com\/actualite"]}]}},"_links":{"self":[{"href":"https:\/\/www.meteolafleche.com\/actualite\/wp-json\/wp\/v2\/posts\/1585","targetHints":{"allow":["GET"]}}],"collection":[{"href":"https:\/\/www.meteolafleche.com\/actualite\/wp-json\/wp\/v2\/posts"}],"about":[{"href":"https:\/\/www.meteolafleche.com\/actualite\/wp-json\/wp\/v2\/types\/post"}],"author":[{"embeddable":true,"href":"https:\/\/www.meteolafleche.com\/actualite\/wp-json\/wp\/v2\/users\/1"}],"replies":[{"embeddable":true,"href":"https:\/\/www.meteolafleche.com\/actualite\/wp-json\/wp\/v2\/comments?post=1585"}],"version-history":[{"count":1,"href":"https:\/\/www.meteolafleche.com\/actualite\/wp-json\/wp\/v2\/posts\/1585\/revisions"}],"predecessor-version":[{"id":1588,"href":"https:\/\/www.meteolafleche.com\/actualite\/wp-json\/wp\/v2\/posts\/1585\/revisions\/1588"}],"wp:attachment":[{"href":"https:\/\/www.meteolafleche.com\/actualite\/wp-json\/wp\/v2\/media?parent=1585"}],"wp:term":[{"taxonomy":"category","embeddable":true,"href":"https:\/\/www.meteolafleche.com\/actualite\/wp-json\/wp\/v2\/categories?post=1585"},{"taxonomy":"post_tag","embeddable":true,"href":"https:\/\/www.meteolafleche.com\/actualite\/wp-json\/wp\/v2\/tags?post=1585"}],"curies":[{"name":"wp","href":"https:\/\/api.w.org\/{rel}","templated":true}]}}