{"id":1305,"date":"2025-04-04T15:33:05","date_gmt":"2025-04-04T13:33:05","guid":{"rendered":"https:\/\/www.meteolafleche.com\/actualite\/?p=1305"},"modified":"2025-04-04T15:33:07","modified_gmt":"2025-04-04T13:33:07","slug":"meteo-du-4-au-13-avril-2025-froid","status":"publish","type":"post","link":"https:\/\/www.meteolafleche.com\/actualite\/2025\/04\/04\/meteo-du-4-au-13-avril-2025-froid\/","title":{"rendered":"M\u00e9t\u00e9o du 4 au 13 Avril 2025 froid"},"content":{"rendered":"<div id=\"meteo-720191512\" class=\"meteo-avant-contenu meteo-entity-placement\"><script async src=\"\/\/pagead2.googlesyndication.com\/pagead\/js\/adsbygoogle.js?client=ca-pub-0501790310760996\" crossorigin=\"anonymous\"><\/script><ins class=\"adsbygoogle\" style=\"display:block;\" data-ad-client=\"ca-pub-0501790310760996\" \ndata-ad-slot=\"9802369648\" \ndata-ad-format=\"auto\"><\/ins>\n<script> \n(adsbygoogle = window.adsbygoogle || []).push({}); \n<\/script>\n<\/div>\n<p>Nous nous dirigerions vers un temps plus frais voire froid <a href=\"https:\/\/www.meteolafleche.com\/actualite\/2025\/03\/21\/meteo-du-14-au-23-mars-2025-froid\/\">https:\/\/www.meteolafleche.com\/actualite\/2025\/03\/21\/meteo-du-14-au-23-mars-2025-froid\/<\/a><\/p>\n\n\n\n<figure class=\"wp-block-image size-full\"><img loading=\"lazy\" decoding=\"async\" width=\"600\" height=\"502\" src=\"https:\/\/www.meteolafleche.com\/actualite\/wp-content\/uploads\/2025\/04\/250408_meteo_france.png\" alt=\"M\u00e9t\u00e9o France 8 Avril 2025\" class=\"wp-image-1306\" srcset=\"https:\/\/www.meteolafleche.com\/actualite\/wp-content\/uploads\/2025\/04\/250408_meteo_france.png 600w, https:\/\/www.meteolafleche.com\/actualite\/wp-content\/uploads\/2025\/04\/250408_meteo_france-300x251.png 300w\" sizes=\"auto, (max-width: 600px) 100vw, 600px\" \/><\/figure>\n\n\n\n<p>De l&rsquo;\u00e9t\u00e9 \u00e0 l&rsquo;hiver ?<br><\/p>\n\n\n\n<p>Un blocage anticyclonique se formerait sur les \u00eeles britanniques.<\/p>\n\n\n\n<p>En parall\u00e8le, un syst\u00e8me d\u00e9pressionnaire s\u00e9virait de la Scandinavie jusqu&rsquo;au Maghreb en passant par l&rsquo;Est de la France.<\/p>\n\n\n\n<p>Nous aurions alors un courant de Nord-Est \u00e0 Nord si intense que l&rsquo;isotherme -7\u00b0C atteindrait les 1450 m\u00e8tres (850 hPa) et les -35\u00b0C \u00e0 5550 m\u00e8tres (500 hPa) : ce seraient des conditions suffisantes pour avoir des pr\u00e9cipitations solides en fin d&rsquo;\u00e9ch\u00e9ance notamment.<\/p>\n\n\n\n<p>On surveillerait \u00e9galement une offensive orageuse sur le quart Sud-Est de la France.<\/p>\n\n\n\n<p>\u00c9videmment, que ce soit pour la neige ou pour les orages, il faudra attendre des \u00e9ch\u00e9ances rapproch\u00e9es pour avoir la confirmation.<\/p>\n\n\n\n<p>Pour autant, les grandes lignes seraient l\u00e0.<br><\/p>\n\n\n\n<p>Dans tous les cas, les pr\u00e9cipitations pourraient \u00eatre abondantes surtout au Sud alors que les premiers vacanciers d\u00e9barqueraient : il y aurait de quoi faire de belles sessions de ski en montagne.<\/p>\n\n\n\n<p>La tendance pourrait \u00eatre plus d\u00e9pressionnaire sur l&rsquo;ensemble du pays en marge d&rsquo;un syst\u00e8me d\u00e9pressionnaire portuguais, espagnol et maghr\u00e9bin.<br><\/p>\n\n\n\n<p>Dans le m\u00eame temps, l&rsquo;anticyclone du Royaume Uni ferait de la r\u00e9sistance.<\/p>\n\n\n\n<p>En France, le flux basculerait un peu plus \u00e0 l&rsquo;Ouest faisant remonter la limite pluie-neige : avec l&rsquo;\u00e9ch\u00e9ance encore plus lointaine, la tendance demanderait davantage une confirmation.<\/p>\n\n\n\n<p>\u00e7a laisserait un \u00e9tat de la mer similaire \u00e0 celui du 8 Avril 2021 <a href=\"https:\/\/www.youtube.com\/watch?v=5wSi9A5YZ_4\">https:\/\/www.youtube.com\/watch?v=5wSi9A5YZ_4<\/a><\/p>\n\n\n\n<figure class=\"wp-block-image size-full\"><img loading=\"lazy\" decoding=\"async\" width=\"600\" height=\"502\" src=\"https:\/\/www.meteolafleche.com\/actualite\/wp-content\/uploads\/2025\/04\/250413_meteo_france.png\" alt=\"M\u00e9t\u00e9o France 13 Avril 2025\" class=\"wp-image-1307\" srcset=\"https:\/\/www.meteolafleche.com\/actualite\/wp-content\/uploads\/2025\/04\/250413_meteo_france.png 600w, https:\/\/www.meteolafleche.com\/actualite\/wp-content\/uploads\/2025\/04\/250413_meteo_france-300x251.png 300w\" sizes=\"auto, (max-width: 600px) 100vw, 600px\" \/><\/figure>\n<div id=\"meteo-2512904428\" class=\"meteo-apres-le-contenu meteo-entity-placement\"><script async src=\"\/\/pagead2.googlesyndication.com\/pagead\/js\/adsbygoogle.js?client=ca-pub-0501790310760996\" crossorigin=\"anonymous\"><\/script><ins class=\"adsbygoogle\" style=\"display:block;\" data-ad-client=\"ca-pub-0501790310760996\" \ndata-ad-slot=\"7540452242\" \ndata-ad-format=\"auto\"><\/ins>\n<script> \n(adsbygoogle = window.adsbygoogle || []).push({}); \n<\/script>\n<\/div>","protected":false},"excerpt":{"rendered":"<p>Nous nous dirigerions vers un temps plus frais voire froid https:\/\/www.meteolafleche.com\/actualite\/2025\/03\/21\/meteo-du-14-au-23-mars-2025-froid\/ De l&rsquo;\u00e9t\u00e9 \u00e0 l&rsquo;hiver ? Un blocage anticyclonique se formerait sur les \u00eeles britanniques. En parall\u00e8le, un syst\u00e8me d\u00e9pressionnaire s\u00e9virait de la Scandinavie jusqu&rsquo;au Maghreb en passant par l&rsquo;Est de la France. Nous aurions alors un courant de Nord-Est \u00e0 Nord si intense que [&hellip;]<\/p>\n","protected":false},"author":1,"featured_media":0,"comment_status":"open","ping_status":"open","sticky":false,"template":"","format":"standard","meta":{"footnotes":""},"categories":[1],"tags":[48,151,82,83,20,17,16],"class_list":["post-1305","post","type-post","status-publish","format-standard","hentry","category-tendance-meteo-a-long-terme","tag-48","tag-151","tag-82","tag-avril","tag-froid","tag-meteo","tag-previsions"],"yoast_head":"<!-- This site is optimized with the Yoast SEO plugin v27.5 - https:\/\/yoast.com\/product\/yoast-seo-wordpress\/ -->\n<title>Toute la m\u00e9t\u00e9o du 4 au 13 Avril 2025 orient\u00e9e vers le froid ?<\/title>\n<meta name=\"description\" content=\"Les tendances m\u00e9t\u00e9o pour la p\u00e9riode de vacances scolaires du 4 au 13 Avril 2025 vers le froid et le temps sec ? plus humide et doux ?\" \/>\n<meta name=\"robots\" content=\"index, follow, max-snippet:-1, max-image-preview:large, max-video-preview:-1\" \/>\n<link rel=\"canonical\" href=\"http:\/\/www.meteolafleche.com\/actualite\/2025\/04\/04\/meteo-du-4-au-13-avril-2025-froid\/\" \/>\n<meta property=\"og:locale\" content=\"fr_FR\" \/>\n<meta property=\"og:type\" content=\"article\" \/>\n<meta property=\"og:title\" content=\"Toute la m\u00e9t\u00e9o du 4 au 13 Avril 2025 orient\u00e9e vers le froid ?\" \/>\n<meta property=\"og:description\" content=\"Les tendances m\u00e9t\u00e9o pour la p\u00e9riode de vacances scolaires du 4 au 13 Avril 2025 vers le froid et le temps sec ? plus humide et doux ?\" \/>\n<meta property=\"og:url\" content=\"http:\/\/www.meteolafleche.com\/actualite\/2025\/04\/04\/meteo-du-4-au-13-avril-2025-froid\/\" \/>\n<meta property=\"og:site_name\" content=\"M\u00e9t\u00e9olafleche\" \/>\n<meta property=\"article:publisher\" content=\"https:\/\/fr-fr.facebook.com\/Meteolafleche\/\" \/>\n<meta property=\"article:published_time\" content=\"2025-04-04T13:33:05+00:00\" \/>\n<meta property=\"article:modified_time\" content=\"2025-04-04T13:33:07+00:00\" \/>\n<meta property=\"og:image\" content=\"https:\/\/www.meteolafleche.com\/actualite\/wp-content\/uploads\/2025\/04\/250408_meteo_france.png\" \/>\n<meta name=\"author\" content=\"M\u00e9t\u00e9olafl\u00e8che\" \/>\n<meta name=\"twitter:card\" content=\"summary_large_image\" \/>\n<meta name=\"twitter:creator\" content=\"@Meteolafleche\" \/>\n<meta name=\"twitter:site\" content=\"@Meteolafleche\" \/>\n<meta name=\"twitter:label1\" content=\"\u00c9crit par\" \/>\n\t<meta name=\"twitter:data1\" content=\"M\u00e9t\u00e9olafl\u00e8che\" \/>\n\t<meta name=\"twitter:label2\" content=\"Dur\u00e9e de lecture estim\u00e9e\" \/>\n\t<meta name=\"twitter:data2\" content=\"2 minutes\" \/>\n<script type=\"application\/ld+json\" class=\"yoast-schema-graph\">{\"@context\":\"https:\\\/\\\/schema.org\",\"@graph\":[{\"@type\":\"Article\",\"@id\":\"http:\\\/\\\/www.meteolafleche.com\\\/actualite\\\/2025\\\/04\\\/04\\\/meteo-du-4-au-13-avril-2025-froid\\\/#article\",\"isPartOf\":{\"@id\":\"http:\\\/\\\/www.meteolafleche.com\\\/actualite\\\/2025\\\/04\\\/04\\\/meteo-du-4-au-13-avril-2025-froid\\\/\"},\"author\":{\"name\":\"M\u00e9t\u00e9olafl\u00e8che\",\"@id\":\"https:\\\/\\\/www.meteolafleche.com\\\/actualite\\\/#\\\/schema\\\/person\\\/a3f335c48c6b0b07b3a7ff55abb5e7a5\"},\"headline\":\"M\u00e9t\u00e9o du 4 au 13 Avril 2025 froid\",\"datePublished\":\"2025-04-04T13:33:05+00:00\",\"dateModified\":\"2025-04-04T13:33:07+00:00\",\"mainEntityOfPage\":{\"@id\":\"http:\\\/\\\/www.meteolafleche.com\\\/actualite\\\/2025\\\/04\\\/04\\\/meteo-du-4-au-13-avril-2025-froid\\\/\"},\"wordCount\":264,\"commentCount\":1,\"image\":{\"@id\":\"http:\\\/\\\/www.meteolafleche.com\\\/actualite\\\/2025\\\/04\\\/04\\\/meteo-du-4-au-13-avril-2025-froid\\\/#primaryimage\"},\"thumbnailUrl\":\"https:\\\/\\\/www.meteolafleche.com\\\/actualite\\\/wp-content\\\/uploads\\\/2025\\\/04\\\/250408_meteo_france.png\",\"keywords\":[\"13\",\"2025\",\"4\",\"avril\",\"froid\",\"m\u00e9t\u00e9o\",\"Pr\u00e9visions\"],\"articleSection\":[\"Tendance m\u00e9t\u00e9o \u00e0 long terme\"],\"inLanguage\":\"fr-FR\",\"potentialAction\":[{\"@type\":\"CommentAction\",\"name\":\"Comment\",\"target\":[\"http:\\\/\\\/www.meteolafleche.com\\\/actualite\\\/2025\\\/04\\\/04\\\/meteo-du-4-au-13-avril-2025-froid\\\/#respond\"]}]},{\"@type\":\"WebPage\",\"@id\":\"http:\\\/\\\/www.meteolafleche.com\\\/actualite\\\/2025\\\/04\\\/04\\\/meteo-du-4-au-13-avril-2025-froid\\\/\",\"url\":\"http:\\\/\\\/www.meteolafleche.com\\\/actualite\\\/2025\\\/04\\\/04\\\/meteo-du-4-au-13-avril-2025-froid\\\/\",\"name\":\"Toute la m\u00e9t\u00e9o du 4 au 13 Avril 2025 orient\u00e9e vers le froid ?\",\"isPartOf\":{\"@id\":\"https:\\\/\\\/www.meteolafleche.com\\\/actualite\\\/#website\"},\"primaryImageOfPage\":{\"@id\":\"http:\\\/\\\/www.meteolafleche.com\\\/actualite\\\/2025\\\/04\\\/04\\\/meteo-du-4-au-13-avril-2025-froid\\\/#primaryimage\"},\"image\":{\"@id\":\"http:\\\/\\\/www.meteolafleche.com\\\/actualite\\\/2025\\\/04\\\/04\\\/meteo-du-4-au-13-avril-2025-froid\\\/#primaryimage\"},\"thumbnailUrl\":\"https:\\\/\\\/www.meteolafleche.com\\\/actualite\\\/wp-content\\\/uploads\\\/2025\\\/04\\\/250408_meteo_france.png\",\"datePublished\":\"2025-04-04T13:33:05+00:00\",\"dateModified\":\"2025-04-04T13:33:07+00:00\",\"author\":{\"@id\":\"https:\\\/\\\/www.meteolafleche.com\\\/actualite\\\/#\\\/schema\\\/person\\\/a3f335c48c6b0b07b3a7ff55abb5e7a5\"},\"description\":\"Les tendances m\u00e9t\u00e9o pour la p\u00e9riode de vacances scolaires du 4 au 13 Avril 2025 vers le froid et le temps sec ? plus humide et doux ?\",\"breadcrumb\":{\"@id\":\"http:\\\/\\\/www.meteolafleche.com\\\/actualite\\\/2025\\\/04\\\/04\\\/meteo-du-4-au-13-avril-2025-froid\\\/#breadcrumb\"},\"inLanguage\":\"fr-FR\",\"potentialAction\":[{\"@type\":\"ReadAction\",\"target\":[\"http:\\\/\\\/www.meteolafleche.com\\\/actualite\\\/2025\\\/04\\\/04\\\/meteo-du-4-au-13-avril-2025-froid\\\/\"]}]},{\"@type\":\"ImageObject\",\"inLanguage\":\"fr-FR\",\"@id\":\"http:\\\/\\\/www.meteolafleche.com\\\/actualite\\\/2025\\\/04\\\/04\\\/meteo-du-4-au-13-avril-2025-froid\\\/#primaryimage\",\"url\":\"https:\\\/\\\/www.meteolafleche.com\\\/actualite\\\/wp-content\\\/uploads\\\/2025\\\/04\\\/250408_meteo_france.png\",\"contentUrl\":\"https:\\\/\\\/www.meteolafleche.com\\\/actualite\\\/wp-content\\\/uploads\\\/2025\\\/04\\\/250408_meteo_france.png\",\"width\":600,\"height\":502},{\"@type\":\"BreadcrumbList\",\"@id\":\"http:\\\/\\\/www.meteolafleche.com\\\/actualite\\\/2025\\\/04\\\/04\\\/meteo-du-4-au-13-avril-2025-froid\\\/#breadcrumb\",\"itemListElement\":[{\"@type\":\"ListItem\",\"position\":1,\"name\":\"Accueil\",\"item\":\"https:\\\/\\\/www.meteolafleche.com\\\/actualite\\\/\"},{\"@type\":\"ListItem\",\"position\":2,\"name\":\"M\u00e9t\u00e9o du 4 au 13 Avril 2025 froid\"}]},{\"@type\":\"WebSite\",\"@id\":\"https:\\\/\\\/www.meteolafleche.com\\\/actualite\\\/#website\",\"url\":\"https:\\\/\\\/www.meteolafleche.com\\\/actualite\\\/\",\"name\":\"M\u00e9t\u00e9olafleche - Blog actualit\u00e9s\",\"description\":\"Actualit\u00e9s m\u00e9t\u00e9o \",\"potentialAction\":[{\"@type\":\"SearchAction\",\"target\":{\"@type\":\"EntryPoint\",\"urlTemplate\":\"https:\\\/\\\/www.meteolafleche.com\\\/actualite\\\/?s={search_term_string}\"},\"query-input\":{\"@type\":\"PropertyValueSpecification\",\"valueRequired\":true,\"valueName\":\"search_term_string\"}}],\"inLanguage\":\"fr-FR\"},{\"@type\":\"Person\",\"@id\":\"https:\\\/\\\/www.meteolafleche.com\\\/actualite\\\/#\\\/schema\\\/person\\\/a3f335c48c6b0b07b3a7ff55abb5e7a5\",\"name\":\"M\u00e9t\u00e9olafl\u00e8che\",\"image\":{\"@type\":\"ImageObject\",\"inLanguage\":\"fr-FR\",\"@id\":\"https:\\\/\\\/secure.gravatar.com\\\/avatar\\\/87018e78a84df868f9910cf7db506cf0e115cd6493382a089a41e0cf87a80762?s=96&d=mm&r=g\",\"url\":\"https:\\\/\\\/secure.gravatar.com\\\/avatar\\\/87018e78a84df868f9910cf7db506cf0e115cd6493382a089a41e0cf87a80762?s=96&d=mm&r=g\",\"contentUrl\":\"https:\\\/\\\/secure.gravatar.com\\\/avatar\\\/87018e78a84df868f9910cf7db506cf0e115cd6493382a089a41e0cf87a80762?s=96&d=mm&r=g\",\"caption\":\"M\u00e9t\u00e9olafl\u00e8che\"},\"sameAs\":[\"http:\\\/\\\/www.meteolafleche.com\\\/actualite\"]}]}<\/script>\n<!-- \/ Yoast SEO plugin. -->","yoast_head_json":{"title":"Toute la m\u00e9t\u00e9o du 4 au 13 Avril 2025 orient\u00e9e vers le froid ?","description":"Les tendances m\u00e9t\u00e9o pour la p\u00e9riode de vacances scolaires du 4 au 13 Avril 2025 vers le froid et le temps sec ? plus humide et doux ?","robots":{"index":"index","follow":"follow","max-snippet":"max-snippet:-1","max-image-preview":"max-image-preview:large","max-video-preview":"max-video-preview:-1"},"canonical":"http:\/\/www.meteolafleche.com\/actualite\/2025\/04\/04\/meteo-du-4-au-13-avril-2025-froid\/","og_locale":"fr_FR","og_type":"article","og_title":"Toute la m\u00e9t\u00e9o du 4 au 13 Avril 2025 orient\u00e9e vers le froid ?","og_description":"Les tendances m\u00e9t\u00e9o pour la p\u00e9riode de vacances scolaires du 4 au 13 Avril 2025 vers le froid et le temps sec ? plus humide et doux ?","og_url":"http:\/\/www.meteolafleche.com\/actualite\/2025\/04\/04\/meteo-du-4-au-13-avril-2025-froid\/","og_site_name":"M\u00e9t\u00e9olafleche","article_publisher":"https:\/\/fr-fr.facebook.com\/Meteolafleche\/","article_published_time":"2025-04-04T13:33:05+00:00","article_modified_time":"2025-04-04T13:33:07+00:00","og_image":[{"url":"https:\/\/www.meteolafleche.com\/actualite\/wp-content\/uploads\/2025\/04\/250408_meteo_france.png","type":"","width":"","height":""}],"author":"M\u00e9t\u00e9olafl\u00e8che","twitter_card":"summary_large_image","twitter_creator":"@Meteolafleche","twitter_site":"@Meteolafleche","twitter_misc":{"\u00c9crit par":"M\u00e9t\u00e9olafl\u00e8che","Dur\u00e9e de lecture estim\u00e9e":"2 minutes"},"schema":{"@context":"https:\/\/schema.org","@graph":[{"@type":"Article","@id":"http:\/\/www.meteolafleche.com\/actualite\/2025\/04\/04\/meteo-du-4-au-13-avril-2025-froid\/#article","isPartOf":{"@id":"http:\/\/www.meteolafleche.com\/actualite\/2025\/04\/04\/meteo-du-4-au-13-avril-2025-froid\/"},"author":{"name":"M\u00e9t\u00e9olafl\u00e8che","@id":"https:\/\/www.meteolafleche.com\/actualite\/#\/schema\/person\/a3f335c48c6b0b07b3a7ff55abb5e7a5"},"headline":"M\u00e9t\u00e9o du 4 au 13 Avril 2025 froid","datePublished":"2025-04-04T13:33:05+00:00","dateModified":"2025-04-04T13:33:07+00:00","mainEntityOfPage":{"@id":"http:\/\/www.meteolafleche.com\/actualite\/2025\/04\/04\/meteo-du-4-au-13-avril-2025-froid\/"},"wordCount":264,"commentCount":1,"image":{"@id":"http:\/\/www.meteolafleche.com\/actualite\/2025\/04\/04\/meteo-du-4-au-13-avril-2025-froid\/#primaryimage"},"thumbnailUrl":"https:\/\/www.meteolafleche.com\/actualite\/wp-content\/uploads\/2025\/04\/250408_meteo_france.png","keywords":["13","2025","4","avril","froid","m\u00e9t\u00e9o","Pr\u00e9visions"],"articleSection":["Tendance m\u00e9t\u00e9o \u00e0 long terme"],"inLanguage":"fr-FR","potentialAction":[{"@type":"CommentAction","name":"Comment","target":["http:\/\/www.meteolafleche.com\/actualite\/2025\/04\/04\/meteo-du-4-au-13-avril-2025-froid\/#respond"]}]},{"@type":"WebPage","@id":"http:\/\/www.meteolafleche.com\/actualite\/2025\/04\/04\/meteo-du-4-au-13-avril-2025-froid\/","url":"http:\/\/www.meteolafleche.com\/actualite\/2025\/04\/04\/meteo-du-4-au-13-avril-2025-froid\/","name":"Toute la m\u00e9t\u00e9o du 4 au 13 Avril 2025 orient\u00e9e vers le froid ?","isPartOf":{"@id":"https:\/\/www.meteolafleche.com\/actualite\/#website"},"primaryImageOfPage":{"@id":"http:\/\/www.meteolafleche.com\/actualite\/2025\/04\/04\/meteo-du-4-au-13-avril-2025-froid\/#primaryimage"},"image":{"@id":"http:\/\/www.meteolafleche.com\/actualite\/2025\/04\/04\/meteo-du-4-au-13-avril-2025-froid\/#primaryimage"},"thumbnailUrl":"https:\/\/www.meteolafleche.com\/actualite\/wp-content\/uploads\/2025\/04\/250408_meteo_france.png","datePublished":"2025-04-04T13:33:05+00:00","dateModified":"2025-04-04T13:33:07+00:00","author":{"@id":"https:\/\/www.meteolafleche.com\/actualite\/#\/schema\/person\/a3f335c48c6b0b07b3a7ff55abb5e7a5"},"description":"Les tendances m\u00e9t\u00e9o pour la p\u00e9riode de vacances scolaires du 4 au 13 Avril 2025 vers le froid et le temps sec ? plus humide et doux ?","breadcrumb":{"@id":"http:\/\/www.meteolafleche.com\/actualite\/2025\/04\/04\/meteo-du-4-au-13-avril-2025-froid\/#breadcrumb"},"inLanguage":"fr-FR","potentialAction":[{"@type":"ReadAction","target":["http:\/\/www.meteolafleche.com\/actualite\/2025\/04\/04\/meteo-du-4-au-13-avril-2025-froid\/"]}]},{"@type":"ImageObject","inLanguage":"fr-FR","@id":"http:\/\/www.meteolafleche.com\/actualite\/2025\/04\/04\/meteo-du-4-au-13-avril-2025-froid\/#primaryimage","url":"https:\/\/www.meteolafleche.com\/actualite\/wp-content\/uploads\/2025\/04\/250408_meteo_france.png","contentUrl":"https:\/\/www.meteolafleche.com\/actualite\/wp-content\/uploads\/2025\/04\/250408_meteo_france.png","width":600,"height":502},{"@type":"BreadcrumbList","@id":"http:\/\/www.meteolafleche.com\/actualite\/2025\/04\/04\/meteo-du-4-au-13-avril-2025-froid\/#breadcrumb","itemListElement":[{"@type":"ListItem","position":1,"name":"Accueil","item":"https:\/\/www.meteolafleche.com\/actualite\/"},{"@type":"ListItem","position":2,"name":"M\u00e9t\u00e9o du 4 au 13 Avril 2025 froid"}]},{"@type":"WebSite","@id":"https:\/\/www.meteolafleche.com\/actualite\/#website","url":"https:\/\/www.meteolafleche.com\/actualite\/","name":"M\u00e9t\u00e9olafleche - Blog actualit\u00e9s","description":"Actualit\u00e9s m\u00e9t\u00e9o ","potentialAction":[{"@type":"SearchAction","target":{"@type":"EntryPoint","urlTemplate":"https:\/\/www.meteolafleche.com\/actualite\/?s={search_term_string}"},"query-input":{"@type":"PropertyValueSpecification","valueRequired":true,"valueName":"search_term_string"}}],"inLanguage":"fr-FR"},{"@type":"Person","@id":"https:\/\/www.meteolafleche.com\/actualite\/#\/schema\/person\/a3f335c48c6b0b07b3a7ff55abb5e7a5","name":"M\u00e9t\u00e9olafl\u00e8che","image":{"@type":"ImageObject","inLanguage":"fr-FR","@id":"https:\/\/secure.gravatar.com\/avatar\/87018e78a84df868f9910cf7db506cf0e115cd6493382a089a41e0cf87a80762?s=96&d=mm&r=g","url":"https:\/\/secure.gravatar.com\/avatar\/87018e78a84df868f9910cf7db506cf0e115cd6493382a089a41e0cf87a80762?s=96&d=mm&r=g","contentUrl":"https:\/\/secure.gravatar.com\/avatar\/87018e78a84df868f9910cf7db506cf0e115cd6493382a089a41e0cf87a80762?s=96&d=mm&r=g","caption":"M\u00e9t\u00e9olafl\u00e8che"},"sameAs":["http:\/\/www.meteolafleche.com\/actualite"]}]}},"_links":{"self":[{"href":"https:\/\/www.meteolafleche.com\/actualite\/wp-json\/wp\/v2\/posts\/1305","targetHints":{"allow":["GET"]}}],"collection":[{"href":"https:\/\/www.meteolafleche.com\/actualite\/wp-json\/wp\/v2\/posts"}],"about":[{"href":"https:\/\/www.meteolafleche.com\/actualite\/wp-json\/wp\/v2\/types\/post"}],"author":[{"embeddable":true,"href":"https:\/\/www.meteolafleche.com\/actualite\/wp-json\/wp\/v2\/users\/1"}],"replies":[{"embeddable":true,"href":"https:\/\/www.meteolafleche.com\/actualite\/wp-json\/wp\/v2\/comments?post=1305"}],"version-history":[{"count":1,"href":"https:\/\/www.meteolafleche.com\/actualite\/wp-json\/wp\/v2\/posts\/1305\/revisions"}],"predecessor-version":[{"id":1308,"href":"https:\/\/www.meteolafleche.com\/actualite\/wp-json\/wp\/v2\/posts\/1305\/revisions\/1308"}],"wp:attachment":[{"href":"https:\/\/www.meteolafleche.com\/actualite\/wp-json\/wp\/v2\/media?parent=1305"}],"wp:term":[{"taxonomy":"category","embeddable":true,"href":"https:\/\/www.meteolafleche.com\/actualite\/wp-json\/wp\/v2\/categories?post=1305"},{"taxonomy":"post_tag","embeddable":true,"href":"https:\/\/www.meteolafleche.com\/actualite\/wp-json\/wp\/v2\/tags?post=1305"}],"curies":[{"name":"wp","href":"https:\/\/api.w.org\/{rel}","templated":true}]}}