{"id":1295,"date":"2025-03-21T09:01:47","date_gmt":"2025-03-21T08:01:47","guid":{"rendered":"https:\/\/www.meteolafleche.com\/actualite\/?p=1295"},"modified":"2025-03-18T09:09:36","modified_gmt":"2025-03-18T08:09:36","slug":"meteo-du-14-au-23-mars-2025-froid","status":"publish","type":"post","link":"https:\/\/www.meteolafleche.com\/actualite\/2025\/03\/21\/meteo-du-14-au-23-mars-2025-froid\/","title":{"rendered":"M\u00e9t\u00e9o du 14 au 23 Mars 2025 froid"},"content":{"rendered":"<div id=\"meteo-515189518\" class=\"meteo-avant-contenu meteo-entity-placement\"><script async src=\"\/\/pagead2.googlesyndication.com\/pagead\/js\/adsbygoogle.js?client=ca-pub-0501790310760996\" crossorigin=\"anonymous\"><\/script><ins class=\"adsbygoogle\" style=\"display:block;\" data-ad-client=\"ca-pub-0501790310760996\" \ndata-ad-slot=\"9802369648\" \ndata-ad-format=\"auto\"><\/ins>\n<script> \n(adsbygoogle = window.adsbygoogle || []).push({}); \n<\/script>\n<\/div>\n<p>Vers un temps temporairement plus froid qu&rsquo;en tout d\u00e9but de mois <a href=\"https:\/\/www.meteolafleche.com\/actualite\/2025\/03\/07\/meteo-du-7-au-16-mars-2025-douceur\/\">https:\/\/www.meteolafleche.com\/actualite\/2025\/03\/07\/meteo-du-7-au-16-mars-2025-douceur\/<\/a><\/p>\n\n\n\n<figure class=\"wp-block-image size-full\"><img loading=\"lazy\" decoding=\"async\" width=\"600\" height=\"502\" src=\"https:\/\/www.meteolafleche.com\/actualite\/wp-content\/uploads\/2025\/03\/250318_meteo_france.png\" alt=\"M\u00e9t\u00e9o France 18 Mars 2025\" class=\"wp-image-1296\" srcset=\"https:\/\/www.meteolafleche.com\/actualite\/wp-content\/uploads\/2025\/03\/250318_meteo_france.png 600w, https:\/\/www.meteolafleche.com\/actualite\/wp-content\/uploads\/2025\/03\/250318_meteo_france-300x251.png 300w\" sizes=\"auto, (max-width: 600px) 100vw, 600px\" \/><\/figure>\n\n\n\n<p>Une tr\u00e8s forte agitation serait mod\u00e9lis\u00e9e ; tout d&rsquo;abord, le refroidissement resterait intense en altitude : avec la d\u00e9gradation arrivant par l&rsquo;Ouest, il ne serait pas impossible qu&rsquo;il y ait un \u00e9pisode neigeux dans certains secteurs du Nord de la France.<\/p>\n\n\n\n<p>Par la suite, une ou plusieurs d\u00e9pressions virulentes favoriserait un fort coup de vent notamment pour le Lundi 17 ou le Mardi 18 Mars 2025.<\/p>\n\n\n\n<p>Les pr\u00e9cipitations associ\u00e9es pourraient alors concerner tout le pays avec un risque orageux important sur le pourtour m\u00e9diterran\u00e9en.<\/p>\n\n\n\n<figure class=\"wp-block-image size-full\"><img loading=\"lazy\" decoding=\"async\" width=\"600\" height=\"502\" src=\"https:\/\/www.meteolafleche.com\/actualite\/wp-content\/uploads\/2025\/03\/250323_meteo_france.png\" alt=\"M\u00e9t\u00e9o France 23 Mars 2025\" class=\"wp-image-1297\" srcset=\"https:\/\/www.meteolafleche.com\/actualite\/wp-content\/uploads\/2025\/03\/250323_meteo_france.png 600w, https:\/\/www.meteolafleche.com\/actualite\/wp-content\/uploads\/2025\/03\/250323_meteo_france-300x251.png 300w\" sizes=\"auto, (max-width: 600px) 100vw, 600px\" \/><\/figure>\n\n\n\n<p>La d\u00e9pression creuse pourrait finir par se combler sur la France ; dans un tel cas, de l&rsquo;air doux et instable entrerait en conflit avec l&rsquo;air froid d&rsquo;altitude : les grains se feraient alors des plus nombreux sur la plupart des r\u00e9gions.<br>C\u00f4t\u00e9 mer, ce serait probablement aussi calme qu&rsquo;en 2019 permettant de visualiser le Mascaret <a href=\"https:\/\/www.youtube.com\/watch?v=6RGZIF3-MwA\">https:\/\/www.youtube.com\/watch?v=6RGZIF3-MwA<\/a><\/p>\n\n\n\n<p>Ensuite, l&rsquo;anticyclone reviendrait par le Sud-Ouest pour concerner ensuite l&rsquo;Est de la France ; les perturbations seraient alors rejet\u00e9es sur les c\u00f4tes de la Manche.<\/p>\n\n\n\n<p>La douceur relative serait \u00e9galement de mise.<\/p>\n<div id=\"meteo-3009292653\" class=\"meteo-apres-le-contenu meteo-entity-placement\"><script async src=\"\/\/pagead2.googlesyndication.com\/pagead\/js\/adsbygoogle.js?client=ca-pub-0501790310760996\" crossorigin=\"anonymous\"><\/script><ins class=\"adsbygoogle\" style=\"display:block;\" data-ad-client=\"ca-pub-0501790310760996\" \ndata-ad-slot=\"7540452242\" \ndata-ad-format=\"auto\"><\/ins>\n<script> \n(adsbygoogle = window.adsbygoogle || []).push({}); \n<\/script>\n<\/div>","protected":false},"excerpt":{"rendered":"<p>Vers un temps temporairement plus froid qu&rsquo;en tout d\u00e9but de mois https:\/\/www.meteolafleche.com\/actualite\/2025\/03\/07\/meteo-du-7-au-16-mars-2025-douceur\/ Une tr\u00e8s forte agitation serait mod\u00e9lis\u00e9e ; tout d&rsquo;abord, le refroidissement resterait intense en altitude : avec la d\u00e9gradation arrivant par l&rsquo;Ouest, il ne serait pas impossible qu&rsquo;il y ait un \u00e9pisode neigeux dans certains secteurs du Nord de la France. Par la [&hellip;]<\/p>\n","protected":false},"author":1,"featured_media":0,"comment_status":"open","ping_status":"open","sticky":false,"template":"","format":"standard","meta":{"footnotes":""},"categories":[1],"tags":[12,151,18,20,81,17,16],"class_list":["post-1295","post","type-post","status-publish","format-standard","hentry","category-tendance-meteo-a-long-terme","tag-12","tag-151","tag-18","tag-froid","tag-mars","tag-meteo","tag-previsions"],"yoast_head":"<!-- This site is optimized with the Yoast SEO plugin v27.5 - https:\/\/yoast.com\/product\/yoast-seo-wordpress\/ -->\n<title>Toute la m\u00e9t\u00e9o du 14 au 23 Mars 2025 dans le froid ?<\/title>\n<meta name=\"description\" content=\"Vers un froid temporaire pour qualifier la m\u00e9t\u00e9o du 14 au 23 Mars 2025 ? Plus humide et plus doux finalement lors de l&#039;\u00e9quinoxe ?\" \/>\n<meta name=\"robots\" content=\"index, follow, max-snippet:-1, max-image-preview:large, max-video-preview:-1\" \/>\n<link rel=\"canonical\" href=\"https:\/\/www.meteolafleche.com\/actualite\/2025\/03\/21\/meteo-du-14-au-23-mars-2025-froid\/\" \/>\n<meta property=\"og:locale\" content=\"fr_FR\" \/>\n<meta property=\"og:type\" content=\"article\" \/>\n<meta property=\"og:title\" content=\"Toute la m\u00e9t\u00e9o du 14 au 23 Mars 2025 dans le froid ?\" \/>\n<meta property=\"og:description\" content=\"Vers un froid temporaire pour qualifier la m\u00e9t\u00e9o du 14 au 23 Mars 2025 ? Plus humide et plus doux finalement lors de l&#039;\u00e9quinoxe ?\" \/>\n<meta property=\"og:url\" content=\"https:\/\/www.meteolafleche.com\/actualite\/2025\/03\/21\/meteo-du-14-au-23-mars-2025-froid\/\" \/>\n<meta property=\"og:site_name\" content=\"M\u00e9t\u00e9olafleche\" \/>\n<meta property=\"article:publisher\" content=\"https:\/\/fr-fr.facebook.com\/Meteolafleche\/\" \/>\n<meta property=\"article:published_time\" content=\"2025-03-21T08:01:47+00:00\" \/>\n<meta property=\"og:image\" content=\"https:\/\/www.meteolafleche.com\/actualite\/wp-content\/uploads\/2025\/03\/250318_meteo_france.png\" \/>\n<meta name=\"author\" content=\"M\u00e9t\u00e9olafl\u00e8che\" \/>\n<meta name=\"twitter:card\" content=\"summary_large_image\" \/>\n<meta name=\"twitter:creator\" content=\"@Meteolafleche\" \/>\n<meta name=\"twitter:site\" content=\"@Meteolafleche\" \/>\n<meta name=\"twitter:label1\" content=\"\u00c9crit par\" \/>\n\t<meta name=\"twitter:data1\" content=\"M\u00e9t\u00e9olafl\u00e8che\" \/>\n\t<meta name=\"twitter:label2\" content=\"Dur\u00e9e de lecture estim\u00e9e\" \/>\n\t<meta name=\"twitter:data2\" content=\"2 minutes\" \/>\n<script type=\"application\/ld+json\" class=\"yoast-schema-graph\">{\"@context\":\"https:\\\/\\\/schema.org\",\"@graph\":[{\"@type\":\"Article\",\"@id\":\"https:\\\/\\\/www.meteolafleche.com\\\/actualite\\\/2025\\\/03\\\/21\\\/meteo-du-14-au-23-mars-2025-froid\\\/#article\",\"isPartOf\":{\"@id\":\"https:\\\/\\\/www.meteolafleche.com\\\/actualite\\\/2025\\\/03\\\/21\\\/meteo-du-14-au-23-mars-2025-froid\\\/\"},\"author\":{\"name\":\"M\u00e9t\u00e9olafl\u00e8che\",\"@id\":\"http:\\\/\\\/www.meteolafleche.com\\\/actualite\\\/#\\\/schema\\\/person\\\/a3f335c48c6b0b07b3a7ff55abb5e7a5\"},\"headline\":\"M\u00e9t\u00e9o du 14 au 23 Mars 2025 froid\",\"datePublished\":\"2025-03-21T08:01:47+00:00\",\"mainEntityOfPage\":{\"@id\":\"https:\\\/\\\/www.meteolafleche.com\\\/actualite\\\/2025\\\/03\\\/21\\\/meteo-du-14-au-23-mars-2025-froid\\\/\"},\"wordCount\":213,\"commentCount\":2,\"image\":{\"@id\":\"https:\\\/\\\/www.meteolafleche.com\\\/actualite\\\/2025\\\/03\\\/21\\\/meteo-du-14-au-23-mars-2025-froid\\\/#primaryimage\"},\"thumbnailUrl\":\"https:\\\/\\\/www.meteolafleche.com\\\/actualite\\\/wp-content\\\/uploads\\\/2025\\\/03\\\/250318_meteo_france.png\",\"keywords\":[\"14\",\"2025\",\"23\",\"froid\",\"mars\",\"m\u00e9t\u00e9o\",\"Pr\u00e9visions\"],\"articleSection\":[\"Tendance m\u00e9t\u00e9o \u00e0 long terme\"],\"inLanguage\":\"fr-FR\",\"potentialAction\":[{\"@type\":\"CommentAction\",\"name\":\"Comment\",\"target\":[\"https:\\\/\\\/www.meteolafleche.com\\\/actualite\\\/2025\\\/03\\\/21\\\/meteo-du-14-au-23-mars-2025-froid\\\/#respond\"]}]},{\"@type\":\"WebPage\",\"@id\":\"https:\\\/\\\/www.meteolafleche.com\\\/actualite\\\/2025\\\/03\\\/21\\\/meteo-du-14-au-23-mars-2025-froid\\\/\",\"url\":\"https:\\\/\\\/www.meteolafleche.com\\\/actualite\\\/2025\\\/03\\\/21\\\/meteo-du-14-au-23-mars-2025-froid\\\/\",\"name\":\"Toute la m\u00e9t\u00e9o du 14 au 23 Mars 2025 dans le froid ?\",\"isPartOf\":{\"@id\":\"http:\\\/\\\/www.meteolafleche.com\\\/actualite\\\/#website\"},\"primaryImageOfPage\":{\"@id\":\"https:\\\/\\\/www.meteolafleche.com\\\/actualite\\\/2025\\\/03\\\/21\\\/meteo-du-14-au-23-mars-2025-froid\\\/#primaryimage\"},\"image\":{\"@id\":\"https:\\\/\\\/www.meteolafleche.com\\\/actualite\\\/2025\\\/03\\\/21\\\/meteo-du-14-au-23-mars-2025-froid\\\/#primaryimage\"},\"thumbnailUrl\":\"https:\\\/\\\/www.meteolafleche.com\\\/actualite\\\/wp-content\\\/uploads\\\/2025\\\/03\\\/250318_meteo_france.png\",\"datePublished\":\"2025-03-21T08:01:47+00:00\",\"author\":{\"@id\":\"http:\\\/\\\/www.meteolafleche.com\\\/actualite\\\/#\\\/schema\\\/person\\\/a3f335c48c6b0b07b3a7ff55abb5e7a5\"},\"description\":\"Vers un froid temporaire pour qualifier la m\u00e9t\u00e9o du 14 au 23 Mars 2025 ? Plus humide et plus doux finalement lors de l'\u00e9quinoxe ?\",\"breadcrumb\":{\"@id\":\"https:\\\/\\\/www.meteolafleche.com\\\/actualite\\\/2025\\\/03\\\/21\\\/meteo-du-14-au-23-mars-2025-froid\\\/#breadcrumb\"},\"inLanguage\":\"fr-FR\",\"potentialAction\":[{\"@type\":\"ReadAction\",\"target\":[\"https:\\\/\\\/www.meteolafleche.com\\\/actualite\\\/2025\\\/03\\\/21\\\/meteo-du-14-au-23-mars-2025-froid\\\/\"]}]},{\"@type\":\"ImageObject\",\"inLanguage\":\"fr-FR\",\"@id\":\"https:\\\/\\\/www.meteolafleche.com\\\/actualite\\\/2025\\\/03\\\/21\\\/meteo-du-14-au-23-mars-2025-froid\\\/#primaryimage\",\"url\":\"https:\\\/\\\/www.meteolafleche.com\\\/actualite\\\/wp-content\\\/uploads\\\/2025\\\/03\\\/250318_meteo_france.png\",\"contentUrl\":\"https:\\\/\\\/www.meteolafleche.com\\\/actualite\\\/wp-content\\\/uploads\\\/2025\\\/03\\\/250318_meteo_france.png\",\"width\":600,\"height\":502},{\"@type\":\"BreadcrumbList\",\"@id\":\"https:\\\/\\\/www.meteolafleche.com\\\/actualite\\\/2025\\\/03\\\/21\\\/meteo-du-14-au-23-mars-2025-froid\\\/#breadcrumb\",\"itemListElement\":[{\"@type\":\"ListItem\",\"position\":1,\"name\":\"Accueil\",\"item\":\"http:\\\/\\\/www.meteolafleche.com\\\/actualite\\\/\"},{\"@type\":\"ListItem\",\"position\":2,\"name\":\"M\u00e9t\u00e9o du 14 au 23 Mars 2025 froid\"}]},{\"@type\":\"WebSite\",\"@id\":\"http:\\\/\\\/www.meteolafleche.com\\\/actualite\\\/#website\",\"url\":\"http:\\\/\\\/www.meteolafleche.com\\\/actualite\\\/\",\"name\":\"M\u00e9t\u00e9olafleche - Blog actualit\u00e9s\",\"description\":\"Actualit\u00e9s m\u00e9t\u00e9o \",\"potentialAction\":[{\"@type\":\"SearchAction\",\"target\":{\"@type\":\"EntryPoint\",\"urlTemplate\":\"http:\\\/\\\/www.meteolafleche.com\\\/actualite\\\/?s={search_term_string}\"},\"query-input\":{\"@type\":\"PropertyValueSpecification\",\"valueRequired\":true,\"valueName\":\"search_term_string\"}}],\"inLanguage\":\"fr-FR\"},{\"@type\":\"Person\",\"@id\":\"http:\\\/\\\/www.meteolafleche.com\\\/actualite\\\/#\\\/schema\\\/person\\\/a3f335c48c6b0b07b3a7ff55abb5e7a5\",\"name\":\"M\u00e9t\u00e9olafl\u00e8che\",\"image\":{\"@type\":\"ImageObject\",\"inLanguage\":\"fr-FR\",\"@id\":\"https:\\\/\\\/secure.gravatar.com\\\/avatar\\\/87018e78a84df868f9910cf7db506cf0e115cd6493382a089a41e0cf87a80762?s=96&d=mm&r=g\",\"url\":\"https:\\\/\\\/secure.gravatar.com\\\/avatar\\\/87018e78a84df868f9910cf7db506cf0e115cd6493382a089a41e0cf87a80762?s=96&d=mm&r=g\",\"contentUrl\":\"https:\\\/\\\/secure.gravatar.com\\\/avatar\\\/87018e78a84df868f9910cf7db506cf0e115cd6493382a089a41e0cf87a80762?s=96&d=mm&r=g\",\"caption\":\"M\u00e9t\u00e9olafl\u00e8che\"},\"sameAs\":[\"http:\\\/\\\/www.meteolafleche.com\\\/actualite\"]}]}<\/script>\n<!-- \/ Yoast SEO plugin. -->","yoast_head_json":{"title":"Toute la m\u00e9t\u00e9o du 14 au 23 Mars 2025 dans le froid ?","description":"Vers un froid temporaire pour qualifier la m\u00e9t\u00e9o du 14 au 23 Mars 2025 ? Plus humide et plus doux finalement lors de l'\u00e9quinoxe ?","robots":{"index":"index","follow":"follow","max-snippet":"max-snippet:-1","max-image-preview":"max-image-preview:large","max-video-preview":"max-video-preview:-1"},"canonical":"https:\/\/www.meteolafleche.com\/actualite\/2025\/03\/21\/meteo-du-14-au-23-mars-2025-froid\/","og_locale":"fr_FR","og_type":"article","og_title":"Toute la m\u00e9t\u00e9o du 14 au 23 Mars 2025 dans le froid ?","og_description":"Vers un froid temporaire pour qualifier la m\u00e9t\u00e9o du 14 au 23 Mars 2025 ? Plus humide et plus doux finalement lors de l'\u00e9quinoxe ?","og_url":"https:\/\/www.meteolafleche.com\/actualite\/2025\/03\/21\/meteo-du-14-au-23-mars-2025-froid\/","og_site_name":"M\u00e9t\u00e9olafleche","article_publisher":"https:\/\/fr-fr.facebook.com\/Meteolafleche\/","article_published_time":"2025-03-21T08:01:47+00:00","og_image":[{"url":"https:\/\/www.meteolafleche.com\/actualite\/wp-content\/uploads\/2025\/03\/250318_meteo_france.png","type":"","width":"","height":""}],"author":"M\u00e9t\u00e9olafl\u00e8che","twitter_card":"summary_large_image","twitter_creator":"@Meteolafleche","twitter_site":"@Meteolafleche","twitter_misc":{"\u00c9crit par":"M\u00e9t\u00e9olafl\u00e8che","Dur\u00e9e de lecture estim\u00e9e":"2 minutes"},"schema":{"@context":"https:\/\/schema.org","@graph":[{"@type":"Article","@id":"https:\/\/www.meteolafleche.com\/actualite\/2025\/03\/21\/meteo-du-14-au-23-mars-2025-froid\/#article","isPartOf":{"@id":"https:\/\/www.meteolafleche.com\/actualite\/2025\/03\/21\/meteo-du-14-au-23-mars-2025-froid\/"},"author":{"name":"M\u00e9t\u00e9olafl\u00e8che","@id":"http:\/\/www.meteolafleche.com\/actualite\/#\/schema\/person\/a3f335c48c6b0b07b3a7ff55abb5e7a5"},"headline":"M\u00e9t\u00e9o du 14 au 23 Mars 2025 froid","datePublished":"2025-03-21T08:01:47+00:00","mainEntityOfPage":{"@id":"https:\/\/www.meteolafleche.com\/actualite\/2025\/03\/21\/meteo-du-14-au-23-mars-2025-froid\/"},"wordCount":213,"commentCount":2,"image":{"@id":"https:\/\/www.meteolafleche.com\/actualite\/2025\/03\/21\/meteo-du-14-au-23-mars-2025-froid\/#primaryimage"},"thumbnailUrl":"https:\/\/www.meteolafleche.com\/actualite\/wp-content\/uploads\/2025\/03\/250318_meteo_france.png","keywords":["14","2025","23","froid","mars","m\u00e9t\u00e9o","Pr\u00e9visions"],"articleSection":["Tendance m\u00e9t\u00e9o \u00e0 long terme"],"inLanguage":"fr-FR","potentialAction":[{"@type":"CommentAction","name":"Comment","target":["https:\/\/www.meteolafleche.com\/actualite\/2025\/03\/21\/meteo-du-14-au-23-mars-2025-froid\/#respond"]}]},{"@type":"WebPage","@id":"https:\/\/www.meteolafleche.com\/actualite\/2025\/03\/21\/meteo-du-14-au-23-mars-2025-froid\/","url":"https:\/\/www.meteolafleche.com\/actualite\/2025\/03\/21\/meteo-du-14-au-23-mars-2025-froid\/","name":"Toute la m\u00e9t\u00e9o du 14 au 23 Mars 2025 dans le froid ?","isPartOf":{"@id":"http:\/\/www.meteolafleche.com\/actualite\/#website"},"primaryImageOfPage":{"@id":"https:\/\/www.meteolafleche.com\/actualite\/2025\/03\/21\/meteo-du-14-au-23-mars-2025-froid\/#primaryimage"},"image":{"@id":"https:\/\/www.meteolafleche.com\/actualite\/2025\/03\/21\/meteo-du-14-au-23-mars-2025-froid\/#primaryimage"},"thumbnailUrl":"https:\/\/www.meteolafleche.com\/actualite\/wp-content\/uploads\/2025\/03\/250318_meteo_france.png","datePublished":"2025-03-21T08:01:47+00:00","author":{"@id":"http:\/\/www.meteolafleche.com\/actualite\/#\/schema\/person\/a3f335c48c6b0b07b3a7ff55abb5e7a5"},"description":"Vers un froid temporaire pour qualifier la m\u00e9t\u00e9o du 14 au 23 Mars 2025 ? Plus humide et plus doux finalement lors de l'\u00e9quinoxe ?","breadcrumb":{"@id":"https:\/\/www.meteolafleche.com\/actualite\/2025\/03\/21\/meteo-du-14-au-23-mars-2025-froid\/#breadcrumb"},"inLanguage":"fr-FR","potentialAction":[{"@type":"ReadAction","target":["https:\/\/www.meteolafleche.com\/actualite\/2025\/03\/21\/meteo-du-14-au-23-mars-2025-froid\/"]}]},{"@type":"ImageObject","inLanguage":"fr-FR","@id":"https:\/\/www.meteolafleche.com\/actualite\/2025\/03\/21\/meteo-du-14-au-23-mars-2025-froid\/#primaryimage","url":"https:\/\/www.meteolafleche.com\/actualite\/wp-content\/uploads\/2025\/03\/250318_meteo_france.png","contentUrl":"https:\/\/www.meteolafleche.com\/actualite\/wp-content\/uploads\/2025\/03\/250318_meteo_france.png","width":600,"height":502},{"@type":"BreadcrumbList","@id":"https:\/\/www.meteolafleche.com\/actualite\/2025\/03\/21\/meteo-du-14-au-23-mars-2025-froid\/#breadcrumb","itemListElement":[{"@type":"ListItem","position":1,"name":"Accueil","item":"http:\/\/www.meteolafleche.com\/actualite\/"},{"@type":"ListItem","position":2,"name":"M\u00e9t\u00e9o du 14 au 23 Mars 2025 froid"}]},{"@type":"WebSite","@id":"http:\/\/www.meteolafleche.com\/actualite\/#website","url":"http:\/\/www.meteolafleche.com\/actualite\/","name":"M\u00e9t\u00e9olafleche - Blog actualit\u00e9s","description":"Actualit\u00e9s m\u00e9t\u00e9o ","potentialAction":[{"@type":"SearchAction","target":{"@type":"EntryPoint","urlTemplate":"http:\/\/www.meteolafleche.com\/actualite\/?s={search_term_string}"},"query-input":{"@type":"PropertyValueSpecification","valueRequired":true,"valueName":"search_term_string"}}],"inLanguage":"fr-FR"},{"@type":"Person","@id":"http:\/\/www.meteolafleche.com\/actualite\/#\/schema\/person\/a3f335c48c6b0b07b3a7ff55abb5e7a5","name":"M\u00e9t\u00e9olafl\u00e8che","image":{"@type":"ImageObject","inLanguage":"fr-FR","@id":"https:\/\/secure.gravatar.com\/avatar\/87018e78a84df868f9910cf7db506cf0e115cd6493382a089a41e0cf87a80762?s=96&d=mm&r=g","url":"https:\/\/secure.gravatar.com\/avatar\/87018e78a84df868f9910cf7db506cf0e115cd6493382a089a41e0cf87a80762?s=96&d=mm&r=g","contentUrl":"https:\/\/secure.gravatar.com\/avatar\/87018e78a84df868f9910cf7db506cf0e115cd6493382a089a41e0cf87a80762?s=96&d=mm&r=g","caption":"M\u00e9t\u00e9olafl\u00e8che"},"sameAs":["http:\/\/www.meteolafleche.com\/actualite"]}]}},"_links":{"self":[{"href":"https:\/\/www.meteolafleche.com\/actualite\/wp-json\/wp\/v2\/posts\/1295","targetHints":{"allow":["GET"]}}],"collection":[{"href":"https:\/\/www.meteolafleche.com\/actualite\/wp-json\/wp\/v2\/posts"}],"about":[{"href":"https:\/\/www.meteolafleche.com\/actualite\/wp-json\/wp\/v2\/types\/post"}],"author":[{"embeddable":true,"href":"https:\/\/www.meteolafleche.com\/actualite\/wp-json\/wp\/v2\/users\/1"}],"replies":[{"embeddable":true,"href":"https:\/\/www.meteolafleche.com\/actualite\/wp-json\/wp\/v2\/comments?post=1295"}],"version-history":[{"count":1,"href":"https:\/\/www.meteolafleche.com\/actualite\/wp-json\/wp\/v2\/posts\/1295\/revisions"}],"predecessor-version":[{"id":1298,"href":"https:\/\/www.meteolafleche.com\/actualite\/wp-json\/wp\/v2\/posts\/1295\/revisions\/1298"}],"wp:attachment":[{"href":"https:\/\/www.meteolafleche.com\/actualite\/wp-json\/wp\/v2\/media?parent=1295"}],"wp:term":[{"taxonomy":"category","embeddable":true,"href":"https:\/\/www.meteolafleche.com\/actualite\/wp-json\/wp\/v2\/categories?post=1295"},{"taxonomy":"post_tag","embeddable":true,"href":"https:\/\/www.meteolafleche.com\/actualite\/wp-json\/wp\/v2\/tags?post=1295"}],"curies":[{"name":"wp","href":"https:\/\/api.w.org\/{rel}","templated":true}]}}