{"id":1279,"date":"2025-02-21T09:33:00","date_gmt":"2025-02-21T08:33:00","guid":{"rendered":"https:\/\/www.meteolafleche.com\/actualite\/?p=1279"},"modified":"2025-02-18T12:42:46","modified_gmt":"2025-02-18T11:42:46","slug":"meteo-du-21-fevrier-au-2-mars-2025-grandes-marees","status":"publish","type":"post","link":"https:\/\/www.meteolafleche.com\/actualite\/2025\/02\/21\/meteo-du-21-fevrier-au-2-mars-2025-grandes-marees\/","title":{"rendered":"M\u00e9t\u00e9o du 21 F\u00e9vrier au 2 Mars 2025 grandes mar\u00e9es"},"content":{"rendered":"<div id=\"meteo-3464444759\" class=\"meteo-avant-contenu meteo-entity-placement\"><script async src=\"\/\/pagead2.googlesyndication.com\/pagead\/js\/adsbygoogle.js?client=ca-pub-0501790310760996\" crossorigin=\"anonymous\"><\/script><ins class=\"adsbygoogle\" style=\"display:block;\" data-ad-client=\"ca-pub-0501790310760996\" \ndata-ad-slot=\"9802369648\" \ndata-ad-format=\"auto\"><\/ins>\n<script> \n(adsbygoogle = window.adsbygoogle || []).push({}); \n<\/script>\n<\/div>\n<p>Vers un temps plus agit\u00e9 a priori <a href=\"https:\/\/www.meteolafleche.com\/actualite\/2025\/02\/14\/meteo-du-14-au-23-fevrier-2025-contrastee\/\">https:\/\/www.meteolafleche.com\/actualite\/2025\/02\/14\/meteo-du-14-au-23-fevrier-2025-contrastee\/<\/a><\/p>\n\n\n\n<figure class=\"wp-block-image size-full\"><img loading=\"lazy\" decoding=\"async\" width=\"600\" height=\"502\" src=\"https:\/\/www.meteolafleche.com\/actualite\/wp-content\/uploads\/2025\/02\/250225_meteo_france.png\" alt=\"M\u00e9t\u00e9o France 25 F\u00e9vrier 2025\" class=\"wp-image-1280\" srcset=\"https:\/\/www.meteolafleche.com\/actualite\/wp-content\/uploads\/2025\/02\/250225_meteo_france.png 600w, https:\/\/www.meteolafleche.com\/actualite\/wp-content\/uploads\/2025\/02\/250225_meteo_france-300x251.png 300w\" sizes=\"auto, (max-width: 600px) 100vw, 600px\" \/><\/figure>\n\n\n\n<p>Comme souvent apr\u00e8s une longue p\u00e9riode de temps calme, la moindre d\u00e9pression est susceptible de g\u00e9n\u00e9rer un (fort) coup de vent.<\/p>\n\n\n\n<p>Ce serait probablement le cas pour les d\u00e9parts en vacances de la zone C o\u00f9 le puissant redoux ferait fondre la neige \u00e0 basse et moyenne altitude : le risque d&rsquo;avalanches serait alors au plus haut.<\/p>\n\n\n\n<p>C\u00f4t\u00e9 mer, \u00e7a fera 10 ans jour pour jour que Fanny aura fait une chute m\u00e9morable <a href=\"https:\/\/www.youtube.com\/watch?v=Ns_7DBjLEVw\">https:\/\/www.youtube.com\/watch?v=Ns_7DBjLEVw<\/a><\/p>\n\n\n\n<p>En plaine et en vall\u00e9e, il faudrait faire attention aux cumuls en eau.<\/p>\n\n\n\n<figure class=\"wp-block-image size-full\"><img loading=\"lazy\" decoding=\"async\" width=\"600\" height=\"502\" src=\"https:\/\/www.meteolafleche.com\/actualite\/wp-content\/uploads\/2025\/02\/250302_meteo_france.png\" alt=\"M\u00e9t\u00e9o France 2 Mars 2025 Grandes mar\u00e9es\" class=\"wp-image-1281\" srcset=\"https:\/\/www.meteolafleche.com\/actualite\/wp-content\/uploads\/2025\/02\/250302_meteo_france.png 600w, https:\/\/www.meteolafleche.com\/actualite\/wp-content\/uploads\/2025\/02\/250302_meteo_france-300x251.png 300w\" sizes=\"auto, (max-width: 600px) 100vw, 600px\" \/><\/figure>\n\n\n\n<p>Le champ de pression pourrait remonter sensiblement au moins sur le Sud et l&rsquo;Est ; sur les \u00eeles britanniques, il ne serait pas impossible qu&rsquo;il y ait une dorsale.<\/p>\n\n\n\n<p>Dans un tel cas, les perturbations, quand elles passeraient, donneraient moins de pr\u00e9cipitations.<\/p>\n\n\n\n<p>C\u00f4t\u00e9 mer, avec les grandes mar\u00e9es, le seul souci viendrait \u00e9ventuellement de la houle ; autrement, les bancs de sable se d\u00e9couvriraient plus faciles en marge de d\u00e9cote.<\/p>\n<div id=\"meteo-2042988704\" class=\"meteo-apres-le-contenu meteo-entity-placement\"><script async src=\"\/\/pagead2.googlesyndication.com\/pagead\/js\/adsbygoogle.js?client=ca-pub-0501790310760996\" crossorigin=\"anonymous\"><\/script><ins class=\"adsbygoogle\" style=\"display:block;\" data-ad-client=\"ca-pub-0501790310760996\" \ndata-ad-slot=\"7540452242\" \ndata-ad-format=\"auto\"><\/ins>\n<script> \n(adsbygoogle = window.adsbygoogle || []).push({}); \n<\/script>\n<\/div>","protected":false},"excerpt":{"rendered":"<p>Vers un temps plus agit\u00e9 a priori https:\/\/www.meteolafleche.com\/actualite\/2025\/02\/14\/meteo-du-14-au-23-fevrier-2025-contrastee\/ Comme souvent apr\u00e8s une longue p\u00e9riode de temps calme, la moindre d\u00e9pression est susceptible de g\u00e9n\u00e9rer un (fort) coup de vent. Ce serait probablement le cas pour les d\u00e9parts en vacances de la zone C o\u00f9 le puissant redoux ferait fondre la neige \u00e0 basse et moyenne [&hellip;]<\/p>\n","protected":false},"author":1,"featured_media":0,"comment_status":"open","ping_status":"open","sticky":false,"template":"","format":"standard","meta":{"footnotes":""},"categories":[1],"tags":[51,63,69,62,81,17,16],"class_list":["post-1279","post","type-post","status-publish","format-standard","hentry","category-tendance-meteo-a-long-terme","tag-51","tag-63","tag-fevrier","tag-grandes-marees","tag-mars","tag-meteo","tag-previsions"],"yoast_head":"<!-- This site is optimized with the Yoast SEO plugin v27.4 - https:\/\/yoast.com\/product\/yoast-seo-wordpress\/ -->\n<title>Toute la m\u00e9t\u00e9o du 21 F\u00e9vrier au 2 Mars 2025 probablement agit\u00e9e<\/title>\n<meta name=\"description\" content=\"Les tendances m\u00e9t\u00e9o pour la p\u00e9riode du 21 F\u00e9vrier au 2 Mars 2025 avec les grandes mar\u00e9es d&#039;\u00e9quinoxe en toile de fond : forte agitation ?\" \/>\n<meta name=\"robots\" content=\"index, follow, max-snippet:-1, max-image-preview:large, max-video-preview:-1\" \/>\n<link rel=\"canonical\" href=\"https:\/\/www.meteolafleche.com\/actualite\/2025\/02\/21\/meteo-du-21-fevrier-au-2-mars-2025-grandes-marees\/\" \/>\n<meta property=\"og:locale\" content=\"fr_FR\" \/>\n<meta property=\"og:type\" content=\"article\" \/>\n<meta property=\"og:title\" content=\"Toute la m\u00e9t\u00e9o du 21 F\u00e9vrier au 2 Mars 2025 probablement agit\u00e9e\" \/>\n<meta property=\"og:description\" content=\"Les tendances m\u00e9t\u00e9o pour la p\u00e9riode du 21 F\u00e9vrier au 2 Mars 2025 avec les grandes mar\u00e9es d&#039;\u00e9quinoxe en toile de fond : forte agitation ?\" \/>\n<meta property=\"og:url\" content=\"https:\/\/www.meteolafleche.com\/actualite\/2025\/02\/21\/meteo-du-21-fevrier-au-2-mars-2025-grandes-marees\/\" \/>\n<meta property=\"og:site_name\" content=\"M\u00e9t\u00e9olafleche\" \/>\n<meta property=\"article:publisher\" content=\"https:\/\/fr-fr.facebook.com\/Meteolafleche\/\" \/>\n<meta property=\"article:published_time\" content=\"2025-02-21T08:33:00+00:00\" \/>\n<meta property=\"og:image\" content=\"https:\/\/www.meteolafleche.com\/actualite\/wp-content\/uploads\/2025\/02\/250225_meteo_france.png\" \/>\n<meta name=\"author\" content=\"M\u00e9t\u00e9olafl\u00e8che\" \/>\n<meta name=\"twitter:card\" content=\"summary_large_image\" \/>\n<meta name=\"twitter:creator\" content=\"@Meteolafleche\" \/>\n<meta name=\"twitter:site\" content=\"@Meteolafleche\" \/>\n<meta name=\"twitter:label1\" content=\"\u00c9crit par\" \/>\n\t<meta name=\"twitter:data1\" content=\"M\u00e9t\u00e9olafl\u00e8che\" \/>\n\t<meta name=\"twitter:label2\" content=\"Dur\u00e9e de lecture estim\u00e9e\" \/>\n\t<meta name=\"twitter:data2\" content=\"2 minutes\" \/>\n<script type=\"application\/ld+json\" class=\"yoast-schema-graph\">{\"@context\":\"https:\\\/\\\/schema.org\",\"@graph\":[{\"@type\":\"Article\",\"@id\":\"https:\\\/\\\/www.meteolafleche.com\\\/actualite\\\/2025\\\/02\\\/21\\\/meteo-du-21-fevrier-au-2-mars-2025-grandes-marees\\\/#article\",\"isPartOf\":{\"@id\":\"https:\\\/\\\/www.meteolafleche.com\\\/actualite\\\/2025\\\/02\\\/21\\\/meteo-du-21-fevrier-au-2-mars-2025-grandes-marees\\\/\"},\"author\":{\"name\":\"M\u00e9t\u00e9olafl\u00e8che\",\"@id\":\"https:\\\/\\\/www.meteolafleche.com\\\/actualite\\\/#\\\/schema\\\/person\\\/a3f335c48c6b0b07b3a7ff55abb5e7a5\"},\"headline\":\"M\u00e9t\u00e9o du 21 F\u00e9vrier au 2 Mars 2025 grandes mar\u00e9es\",\"datePublished\":\"2025-02-21T08:33:00+00:00\",\"mainEntityOfPage\":{\"@id\":\"https:\\\/\\\/www.meteolafleche.com\\\/actualite\\\/2025\\\/02\\\/21\\\/meteo-du-21-fevrier-au-2-mars-2025-grandes-marees\\\/\"},\"wordCount\":200,\"commentCount\":1,\"image\":{\"@id\":\"https:\\\/\\\/www.meteolafleche.com\\\/actualite\\\/2025\\\/02\\\/21\\\/meteo-du-21-fevrier-au-2-mars-2025-grandes-marees\\\/#primaryimage\"},\"thumbnailUrl\":\"https:\\\/\\\/www.meteolafleche.com\\\/actualite\\\/wp-content\\\/uploads\\\/2025\\\/02\\\/250225_meteo_france.png\",\"keywords\":[\"2\",\"21\",\"f\u00e9vrier\",\"grandes mar\u00e9es\",\"mars\",\"m\u00e9t\u00e9o\",\"Pr\u00e9visions\"],\"articleSection\":[\"Tendance m\u00e9t\u00e9o \u00e0 long terme\"],\"inLanguage\":\"fr-FR\",\"potentialAction\":[{\"@type\":\"CommentAction\",\"name\":\"Comment\",\"target\":[\"https:\\\/\\\/www.meteolafleche.com\\\/actualite\\\/2025\\\/02\\\/21\\\/meteo-du-21-fevrier-au-2-mars-2025-grandes-marees\\\/#respond\"]}]},{\"@type\":\"WebPage\",\"@id\":\"https:\\\/\\\/www.meteolafleche.com\\\/actualite\\\/2025\\\/02\\\/21\\\/meteo-du-21-fevrier-au-2-mars-2025-grandes-marees\\\/\",\"url\":\"https:\\\/\\\/www.meteolafleche.com\\\/actualite\\\/2025\\\/02\\\/21\\\/meteo-du-21-fevrier-au-2-mars-2025-grandes-marees\\\/\",\"name\":\"Toute la m\u00e9t\u00e9o du 21 F\u00e9vrier au 2 Mars 2025 probablement agit\u00e9e\",\"isPartOf\":{\"@id\":\"https:\\\/\\\/www.meteolafleche.com\\\/actualite\\\/#website\"},\"primaryImageOfPage\":{\"@id\":\"https:\\\/\\\/www.meteolafleche.com\\\/actualite\\\/2025\\\/02\\\/21\\\/meteo-du-21-fevrier-au-2-mars-2025-grandes-marees\\\/#primaryimage\"},\"image\":{\"@id\":\"https:\\\/\\\/www.meteolafleche.com\\\/actualite\\\/2025\\\/02\\\/21\\\/meteo-du-21-fevrier-au-2-mars-2025-grandes-marees\\\/#primaryimage\"},\"thumbnailUrl\":\"https:\\\/\\\/www.meteolafleche.com\\\/actualite\\\/wp-content\\\/uploads\\\/2025\\\/02\\\/250225_meteo_france.png\",\"datePublished\":\"2025-02-21T08:33:00+00:00\",\"author\":{\"@id\":\"https:\\\/\\\/www.meteolafleche.com\\\/actualite\\\/#\\\/schema\\\/person\\\/a3f335c48c6b0b07b3a7ff55abb5e7a5\"},\"description\":\"Les tendances m\u00e9t\u00e9o pour la p\u00e9riode du 21 F\u00e9vrier au 2 Mars 2025 avec les grandes mar\u00e9es d'\u00e9quinoxe en toile de fond : forte agitation ?\",\"breadcrumb\":{\"@id\":\"https:\\\/\\\/www.meteolafleche.com\\\/actualite\\\/2025\\\/02\\\/21\\\/meteo-du-21-fevrier-au-2-mars-2025-grandes-marees\\\/#breadcrumb\"},\"inLanguage\":\"fr-FR\",\"potentialAction\":[{\"@type\":\"ReadAction\",\"target\":[\"https:\\\/\\\/www.meteolafleche.com\\\/actualite\\\/2025\\\/02\\\/21\\\/meteo-du-21-fevrier-au-2-mars-2025-grandes-marees\\\/\"]}]},{\"@type\":\"ImageObject\",\"inLanguage\":\"fr-FR\",\"@id\":\"https:\\\/\\\/www.meteolafleche.com\\\/actualite\\\/2025\\\/02\\\/21\\\/meteo-du-21-fevrier-au-2-mars-2025-grandes-marees\\\/#primaryimage\",\"url\":\"https:\\\/\\\/www.meteolafleche.com\\\/actualite\\\/wp-content\\\/uploads\\\/2025\\\/02\\\/250225_meteo_france.png\",\"contentUrl\":\"https:\\\/\\\/www.meteolafleche.com\\\/actualite\\\/wp-content\\\/uploads\\\/2025\\\/02\\\/250225_meteo_france.png\",\"width\":600,\"height\":502},{\"@type\":\"BreadcrumbList\",\"@id\":\"https:\\\/\\\/www.meteolafleche.com\\\/actualite\\\/2025\\\/02\\\/21\\\/meteo-du-21-fevrier-au-2-mars-2025-grandes-marees\\\/#breadcrumb\",\"itemListElement\":[{\"@type\":\"ListItem\",\"position\":1,\"name\":\"Accueil\",\"item\":\"https:\\\/\\\/www.meteolafleche.com\\\/actualite\\\/\"},{\"@type\":\"ListItem\",\"position\":2,\"name\":\"M\u00e9t\u00e9o du 21 F\u00e9vrier au 2 Mars 2025 grandes mar\u00e9es\"}]},{\"@type\":\"WebSite\",\"@id\":\"https:\\\/\\\/www.meteolafleche.com\\\/actualite\\\/#website\",\"url\":\"https:\\\/\\\/www.meteolafleche.com\\\/actualite\\\/\",\"name\":\"M\u00e9t\u00e9olafleche - Blog actualit\u00e9s\",\"description\":\"Actualit\u00e9s m\u00e9t\u00e9o \",\"potentialAction\":[{\"@type\":\"SearchAction\",\"target\":{\"@type\":\"EntryPoint\",\"urlTemplate\":\"https:\\\/\\\/www.meteolafleche.com\\\/actualite\\\/?s={search_term_string}\"},\"query-input\":{\"@type\":\"PropertyValueSpecification\",\"valueRequired\":true,\"valueName\":\"search_term_string\"}}],\"inLanguage\":\"fr-FR\"},{\"@type\":\"Person\",\"@id\":\"https:\\\/\\\/www.meteolafleche.com\\\/actualite\\\/#\\\/schema\\\/person\\\/a3f335c48c6b0b07b3a7ff55abb5e7a5\",\"name\":\"M\u00e9t\u00e9olafl\u00e8che\",\"image\":{\"@type\":\"ImageObject\",\"inLanguage\":\"fr-FR\",\"@id\":\"https:\\\/\\\/secure.gravatar.com\\\/avatar\\\/87018e78a84df868f9910cf7db506cf0e115cd6493382a089a41e0cf87a80762?s=96&d=mm&r=g\",\"url\":\"https:\\\/\\\/secure.gravatar.com\\\/avatar\\\/87018e78a84df868f9910cf7db506cf0e115cd6493382a089a41e0cf87a80762?s=96&d=mm&r=g\",\"contentUrl\":\"https:\\\/\\\/secure.gravatar.com\\\/avatar\\\/87018e78a84df868f9910cf7db506cf0e115cd6493382a089a41e0cf87a80762?s=96&d=mm&r=g\",\"caption\":\"M\u00e9t\u00e9olafl\u00e8che\"},\"sameAs\":[\"http:\\\/\\\/www.meteolafleche.com\\\/actualite\"]}]}<\/script>\n<!-- \/ Yoast SEO plugin. -->","yoast_head_json":{"title":"Toute la m\u00e9t\u00e9o du 21 F\u00e9vrier au 2 Mars 2025 probablement agit\u00e9e","description":"Les tendances m\u00e9t\u00e9o pour la p\u00e9riode du 21 F\u00e9vrier au 2 Mars 2025 avec les grandes mar\u00e9es d'\u00e9quinoxe en toile de fond : forte agitation ?","robots":{"index":"index","follow":"follow","max-snippet":"max-snippet:-1","max-image-preview":"max-image-preview:large","max-video-preview":"max-video-preview:-1"},"canonical":"https:\/\/www.meteolafleche.com\/actualite\/2025\/02\/21\/meteo-du-21-fevrier-au-2-mars-2025-grandes-marees\/","og_locale":"fr_FR","og_type":"article","og_title":"Toute la m\u00e9t\u00e9o du 21 F\u00e9vrier au 2 Mars 2025 probablement agit\u00e9e","og_description":"Les tendances m\u00e9t\u00e9o pour la p\u00e9riode du 21 F\u00e9vrier au 2 Mars 2025 avec les grandes mar\u00e9es d'\u00e9quinoxe en toile de fond : forte agitation ?","og_url":"https:\/\/www.meteolafleche.com\/actualite\/2025\/02\/21\/meteo-du-21-fevrier-au-2-mars-2025-grandes-marees\/","og_site_name":"M\u00e9t\u00e9olafleche","article_publisher":"https:\/\/fr-fr.facebook.com\/Meteolafleche\/","article_published_time":"2025-02-21T08:33:00+00:00","og_image":[{"url":"https:\/\/www.meteolafleche.com\/actualite\/wp-content\/uploads\/2025\/02\/250225_meteo_france.png","type":"","width":"","height":""}],"author":"M\u00e9t\u00e9olafl\u00e8che","twitter_card":"summary_large_image","twitter_creator":"@Meteolafleche","twitter_site":"@Meteolafleche","twitter_misc":{"\u00c9crit par":"M\u00e9t\u00e9olafl\u00e8che","Dur\u00e9e de lecture estim\u00e9e":"2 minutes"},"schema":{"@context":"https:\/\/schema.org","@graph":[{"@type":"Article","@id":"https:\/\/www.meteolafleche.com\/actualite\/2025\/02\/21\/meteo-du-21-fevrier-au-2-mars-2025-grandes-marees\/#article","isPartOf":{"@id":"https:\/\/www.meteolafleche.com\/actualite\/2025\/02\/21\/meteo-du-21-fevrier-au-2-mars-2025-grandes-marees\/"},"author":{"name":"M\u00e9t\u00e9olafl\u00e8che","@id":"https:\/\/www.meteolafleche.com\/actualite\/#\/schema\/person\/a3f335c48c6b0b07b3a7ff55abb5e7a5"},"headline":"M\u00e9t\u00e9o du 21 F\u00e9vrier au 2 Mars 2025 grandes mar\u00e9es","datePublished":"2025-02-21T08:33:00+00:00","mainEntityOfPage":{"@id":"https:\/\/www.meteolafleche.com\/actualite\/2025\/02\/21\/meteo-du-21-fevrier-au-2-mars-2025-grandes-marees\/"},"wordCount":200,"commentCount":1,"image":{"@id":"https:\/\/www.meteolafleche.com\/actualite\/2025\/02\/21\/meteo-du-21-fevrier-au-2-mars-2025-grandes-marees\/#primaryimage"},"thumbnailUrl":"https:\/\/www.meteolafleche.com\/actualite\/wp-content\/uploads\/2025\/02\/250225_meteo_france.png","keywords":["2","21","f\u00e9vrier","grandes mar\u00e9es","mars","m\u00e9t\u00e9o","Pr\u00e9visions"],"articleSection":["Tendance m\u00e9t\u00e9o \u00e0 long terme"],"inLanguage":"fr-FR","potentialAction":[{"@type":"CommentAction","name":"Comment","target":["https:\/\/www.meteolafleche.com\/actualite\/2025\/02\/21\/meteo-du-21-fevrier-au-2-mars-2025-grandes-marees\/#respond"]}]},{"@type":"WebPage","@id":"https:\/\/www.meteolafleche.com\/actualite\/2025\/02\/21\/meteo-du-21-fevrier-au-2-mars-2025-grandes-marees\/","url":"https:\/\/www.meteolafleche.com\/actualite\/2025\/02\/21\/meteo-du-21-fevrier-au-2-mars-2025-grandes-marees\/","name":"Toute la m\u00e9t\u00e9o du 21 F\u00e9vrier au 2 Mars 2025 probablement agit\u00e9e","isPartOf":{"@id":"https:\/\/www.meteolafleche.com\/actualite\/#website"},"primaryImageOfPage":{"@id":"https:\/\/www.meteolafleche.com\/actualite\/2025\/02\/21\/meteo-du-21-fevrier-au-2-mars-2025-grandes-marees\/#primaryimage"},"image":{"@id":"https:\/\/www.meteolafleche.com\/actualite\/2025\/02\/21\/meteo-du-21-fevrier-au-2-mars-2025-grandes-marees\/#primaryimage"},"thumbnailUrl":"https:\/\/www.meteolafleche.com\/actualite\/wp-content\/uploads\/2025\/02\/250225_meteo_france.png","datePublished":"2025-02-21T08:33:00+00:00","author":{"@id":"https:\/\/www.meteolafleche.com\/actualite\/#\/schema\/person\/a3f335c48c6b0b07b3a7ff55abb5e7a5"},"description":"Les tendances m\u00e9t\u00e9o pour la p\u00e9riode du 21 F\u00e9vrier au 2 Mars 2025 avec les grandes mar\u00e9es d'\u00e9quinoxe en toile de fond : forte agitation ?","breadcrumb":{"@id":"https:\/\/www.meteolafleche.com\/actualite\/2025\/02\/21\/meteo-du-21-fevrier-au-2-mars-2025-grandes-marees\/#breadcrumb"},"inLanguage":"fr-FR","potentialAction":[{"@type":"ReadAction","target":["https:\/\/www.meteolafleche.com\/actualite\/2025\/02\/21\/meteo-du-21-fevrier-au-2-mars-2025-grandes-marees\/"]}]},{"@type":"ImageObject","inLanguage":"fr-FR","@id":"https:\/\/www.meteolafleche.com\/actualite\/2025\/02\/21\/meteo-du-21-fevrier-au-2-mars-2025-grandes-marees\/#primaryimage","url":"https:\/\/www.meteolafleche.com\/actualite\/wp-content\/uploads\/2025\/02\/250225_meteo_france.png","contentUrl":"https:\/\/www.meteolafleche.com\/actualite\/wp-content\/uploads\/2025\/02\/250225_meteo_france.png","width":600,"height":502},{"@type":"BreadcrumbList","@id":"https:\/\/www.meteolafleche.com\/actualite\/2025\/02\/21\/meteo-du-21-fevrier-au-2-mars-2025-grandes-marees\/#breadcrumb","itemListElement":[{"@type":"ListItem","position":1,"name":"Accueil","item":"https:\/\/www.meteolafleche.com\/actualite\/"},{"@type":"ListItem","position":2,"name":"M\u00e9t\u00e9o du 21 F\u00e9vrier au 2 Mars 2025 grandes mar\u00e9es"}]},{"@type":"WebSite","@id":"https:\/\/www.meteolafleche.com\/actualite\/#website","url":"https:\/\/www.meteolafleche.com\/actualite\/","name":"M\u00e9t\u00e9olafleche - Blog actualit\u00e9s","description":"Actualit\u00e9s m\u00e9t\u00e9o ","potentialAction":[{"@type":"SearchAction","target":{"@type":"EntryPoint","urlTemplate":"https:\/\/www.meteolafleche.com\/actualite\/?s={search_term_string}"},"query-input":{"@type":"PropertyValueSpecification","valueRequired":true,"valueName":"search_term_string"}}],"inLanguage":"fr-FR"},{"@type":"Person","@id":"https:\/\/www.meteolafleche.com\/actualite\/#\/schema\/person\/a3f335c48c6b0b07b3a7ff55abb5e7a5","name":"M\u00e9t\u00e9olafl\u00e8che","image":{"@type":"ImageObject","inLanguage":"fr-FR","@id":"https:\/\/secure.gravatar.com\/avatar\/87018e78a84df868f9910cf7db506cf0e115cd6493382a089a41e0cf87a80762?s=96&d=mm&r=g","url":"https:\/\/secure.gravatar.com\/avatar\/87018e78a84df868f9910cf7db506cf0e115cd6493382a089a41e0cf87a80762?s=96&d=mm&r=g","contentUrl":"https:\/\/secure.gravatar.com\/avatar\/87018e78a84df868f9910cf7db506cf0e115cd6493382a089a41e0cf87a80762?s=96&d=mm&r=g","caption":"M\u00e9t\u00e9olafl\u00e8che"},"sameAs":["http:\/\/www.meteolafleche.com\/actualite"]}]}},"_links":{"self":[{"href":"https:\/\/www.meteolafleche.com\/actualite\/wp-json\/wp\/v2\/posts\/1279","targetHints":{"allow":["GET"]}}],"collection":[{"href":"https:\/\/www.meteolafleche.com\/actualite\/wp-json\/wp\/v2\/posts"}],"about":[{"href":"https:\/\/www.meteolafleche.com\/actualite\/wp-json\/wp\/v2\/types\/post"}],"author":[{"embeddable":true,"href":"https:\/\/www.meteolafleche.com\/actualite\/wp-json\/wp\/v2\/users\/1"}],"replies":[{"embeddable":true,"href":"https:\/\/www.meteolafleche.com\/actualite\/wp-json\/wp\/v2\/comments?post=1279"}],"version-history":[{"count":1,"href":"https:\/\/www.meteolafleche.com\/actualite\/wp-json\/wp\/v2\/posts\/1279\/revisions"}],"predecessor-version":[{"id":1282,"href":"https:\/\/www.meteolafleche.com\/actualite\/wp-json\/wp\/v2\/posts\/1279\/revisions\/1282"}],"wp:attachment":[{"href":"https:\/\/www.meteolafleche.com\/actualite\/wp-json\/wp\/v2\/media?parent=1279"}],"wp:term":[{"taxonomy":"category","embeddable":true,"href":"https:\/\/www.meteolafleche.com\/actualite\/wp-json\/wp\/v2\/categories?post=1279"},{"taxonomy":"post_tag","embeddable":true,"href":"https:\/\/www.meteolafleche.com\/actualite\/wp-json\/wp\/v2\/tags?post=1279"}],"curies":[{"name":"wp","href":"https:\/\/api.w.org\/{rel}","templated":true}]}}