{"id":1110,"date":"2024-03-08T10:18:00","date_gmt":"2024-03-08T09:18:00","guid":{"rendered":"https:\/\/www.meteolafleche.com\/actualite\/?p=1110"},"modified":"2024-03-04T11:24:13","modified_gmt":"2024-03-04T10:24:13","slug":"meteo-du-8-au-17-mars-2024-grandes-marees-equinoxe","status":"publish","type":"post","link":"https:\/\/www.meteolafleche.com\/actualite\/2024\/03\/08\/meteo-du-8-au-17-mars-2024-grandes-marees-equinoxe\/","title":{"rendered":"M\u00e9t\u00e9o du 8 au 17 Mars 2024 grandes mar\u00e9es d&rsquo;\u00e9quinoxe"},"content":{"rendered":"<div id=\"meteo-1520794118\" class=\"meteo-avant-contenu meteo-entity-placement\"><script async src=\"\/\/pagead2.googlesyndication.com\/pagead\/js\/adsbygoogle.js?client=ca-pub-0501790310760996\" crossorigin=\"anonymous\"><\/script><ins class=\"adsbygoogle\" style=\"display:block;\" data-ad-client=\"ca-pub-0501790310760996\" \ndata-ad-slot=\"9802369648\" \ndata-ad-format=\"auto\"><\/ins>\n<script> \n(adsbygoogle = window.adsbygoogle || []).push({}); \n<\/script>\n<\/div>\n<p>Vers un temps toujours plus agit\u00e9 <a href=\"https:\/\/www.meteolafleche.com\/actualite\/2024\/03\/01\/meteo-du-1au-10-mars-2024-grandes-marees\/\">https:\/\/www.meteolafleche.com\/actualite\/2024\/03\/01\/meteo-du-1au-10-mars-2024-grandes-marees\/<\/a><\/p>\n\n\n\n<figure class=\"wp-block-image size-full\"><img loading=\"lazy\" decoding=\"async\" width=\"600\" height=\"502\" src=\"https:\/\/www.meteolafleche.com\/actualite\/wp-content\/uploads\/2024\/03\/230312_meteo_france.png\" alt=\"M\u00e9t\u00e9o France 12 Mars 2024\" class=\"wp-image-1111\" srcset=\"https:\/\/www.meteolafleche.com\/actualite\/wp-content\/uploads\/2024\/03\/230312_meteo_france.png 600w, https:\/\/www.meteolafleche.com\/actualite\/wp-content\/uploads\/2024\/03\/230312_meteo_france-300x251.png 300w\" sizes=\"auto, (max-width: 600px) 100vw, 600px\" \/><\/figure>\n\n\n\n<p>La d\u00e9gradation se ferait de plus en plus franche et le timing serait \u00e0 surveiller.<\/p>\n\n\n\n<p>En effet, le syst\u00e8me d\u00e9pressionnaire se renforcerait alors que les coefficients de mar\u00e9e atteindraient les 116 th\u00e9oriques (Lundi 11 et Mardi 12) ; la surcote ferait que nous pourrions \u00eatre dans les 119 en pratique.<\/p>\n\n\n\n<p>De plus, la houle serait particuli\u00e8rement longue dans une telle configuration : le risque de vagues submersion serait alors \u00e0 surveiller grandement.<\/p>\n\n\n\n<p>Pour autant, l&rsquo;\u00e9ch\u00e9ance est encore lointaine.<\/p>\n\n\n\n<p>Mais l&rsquo;\u00e9tat de la mer pourrait ressembler \u00e0 celui de 2023 <a href=\"https:\/\/www.youtube.com\/watch?v=YsH37yQgkxk\">https:\/\/www.youtube.com\/watch?v=YsH37yQgkxk<\/a><\/p>\n\n\n\n<p>Sur le reste du pays, le temps ne serait pas mieux : le d\u00e9fil\u00e9 de perturbations ferait que les pr\u00e9cipitations pourraient toucher les r\u00e9gions bordant la Mer M\u00e9diterran\u00e9e.<\/p>\n\n\n\n<figure class=\"wp-block-image size-full\"><img loading=\"lazy\" decoding=\"async\" width=\"600\" height=\"502\" src=\"https:\/\/www.meteolafleche.com\/actualite\/wp-content\/uploads\/2024\/03\/230317_meteo_france.png\" alt=\"M\u00e9t\u00e9o France 17 Mars 2024\" class=\"wp-image-1112\" srcset=\"https:\/\/www.meteolafleche.com\/actualite\/wp-content\/uploads\/2024\/03\/230317_meteo_france.png 600w, https:\/\/www.meteolafleche.com\/actualite\/wp-content\/uploads\/2024\/03\/230317_meteo_france-300x251.png 300w\" sizes=\"auto, (max-width: 600px) 100vw, 600px\" \/><\/figure>\n\n\n\n<p>Une \u00e9ni\u00e8me dorsale tenterait de revenir par le Sud et l&rsquo;Est ; cependant, ce serait sans compter sur les gouttes froides mettant \u00e0 mal ce retour.<\/p>\n\n\n\n<p>D&rsquo;o\u00f9 un vent restant au Sud mais tout en apportant encore des averses.<\/p>\n\n\n\n<p>La masse d&rsquo;air resterait \u00e9galement douce dans une telle configuration.<\/p>\n<div id=\"meteo-889037634\" class=\"meteo-apres-le-contenu meteo-entity-placement\"><script async src=\"\/\/pagead2.googlesyndication.com\/pagead\/js\/adsbygoogle.js?client=ca-pub-0501790310760996\" crossorigin=\"anonymous\"><\/script><ins class=\"adsbygoogle\" style=\"display:block;\" data-ad-client=\"ca-pub-0501790310760996\" \ndata-ad-slot=\"7540452242\" \ndata-ad-format=\"auto\"><\/ins>\n<script> \n(adsbygoogle = window.adsbygoogle || []).push({}); \n<\/script>\n<\/div>","protected":false},"excerpt":{"rendered":"<p>Vers un temps toujours plus agit\u00e9 https:\/\/www.meteolafleche.com\/actualite\/2024\/03\/01\/meteo-du-1au-10-mars-2024-grandes-marees\/ La d\u00e9gradation se ferait de plus en plus franche et le timing serait \u00e0 surveiller. En effet, le syst\u00e8me d\u00e9pressionnaire se renforcerait alors que les coefficients de mar\u00e9e atteindraient les 116 th\u00e9oriques (Lundi 11 et Mardi 12) ; la surcote ferait que nous pourrions \u00eatre dans les 119 [&hellip;]<\/p>\n","protected":false},"author":1,"featured_media":0,"comment_status":"open","ping_status":"open","sticky":false,"template":"","format":"standard","meta":{"footnotes":""},"categories":[1],"tags":[147,105,62,81,17,16],"class_list":["post-1110","post","type-post","status-publish","format-standard","hentry","category-tendance-meteo-a-long-terme","tag-147","tag-105","tag-grandes-marees","tag-mars","tag-meteo","tag-previsions"],"yoast_head":"<!-- This site is optimized with the Yoast SEO plugin v27.4 - https:\/\/yoast.com\/product\/yoast-seo-wordpress\/ -->\n<title>Toute la m\u00e9t\u00e9o du 8 au 17 Mars 2024 grandes mar\u00e9es d&#039;\u00e9quinoxe<\/title>\n<meta name=\"description\" content=\"Les tendances m\u00e9t\u00e9o pour la p\u00e9riode des grandes mar\u00e9es d&#039;\u00e9quinoxe de Mars 2024 - vers un temps (fortement) d\u00e9pressionnaire ? calme ?\" \/>\n<meta name=\"robots\" content=\"index, follow, max-snippet:-1, max-image-preview:large, max-video-preview:-1\" \/>\n<link rel=\"canonical\" href=\"https:\/\/www.meteolafleche.com\/actualite\/2024\/03\/08\/meteo-du-8-au-17-mars-2024-grandes-marees-equinoxe\/\" \/>\n<meta property=\"og:locale\" content=\"fr_FR\" \/>\n<meta property=\"og:type\" content=\"article\" \/>\n<meta property=\"og:title\" content=\"Toute la m\u00e9t\u00e9o du 8 au 17 Mars 2024 grandes mar\u00e9es d&#039;\u00e9quinoxe\" \/>\n<meta property=\"og:description\" content=\"Les tendances m\u00e9t\u00e9o pour la p\u00e9riode des grandes mar\u00e9es d&#039;\u00e9quinoxe de Mars 2024 - vers un temps (fortement) d\u00e9pressionnaire ? calme ?\" \/>\n<meta property=\"og:url\" content=\"https:\/\/www.meteolafleche.com\/actualite\/2024\/03\/08\/meteo-du-8-au-17-mars-2024-grandes-marees-equinoxe\/\" \/>\n<meta property=\"og:site_name\" content=\"M\u00e9t\u00e9olafleche\" \/>\n<meta property=\"article:publisher\" content=\"https:\/\/fr-fr.facebook.com\/Meteolafleche\/\" \/>\n<meta property=\"article:published_time\" content=\"2024-03-08T09:18:00+00:00\" \/>\n<meta property=\"og:image\" content=\"https:\/\/www.meteolafleche.com\/actualite\/wp-content\/uploads\/2024\/03\/230312_meteo_france.png\" \/>\n<meta name=\"author\" content=\"M\u00e9t\u00e9olafl\u00e8che\" \/>\n<meta name=\"twitter:card\" content=\"summary_large_image\" \/>\n<meta name=\"twitter:creator\" content=\"@Meteolafleche\" \/>\n<meta name=\"twitter:site\" content=\"@Meteolafleche\" \/>\n<meta name=\"twitter:label1\" content=\"\u00c9crit par\" \/>\n\t<meta name=\"twitter:data1\" content=\"M\u00e9t\u00e9olafl\u00e8che\" \/>\n\t<meta name=\"twitter:label2\" content=\"Dur\u00e9e de lecture estim\u00e9e\" \/>\n\t<meta name=\"twitter:data2\" content=\"2 minutes\" \/>\n<script type=\"application\/ld+json\" class=\"yoast-schema-graph\">{\"@context\":\"https:\\\/\\\/schema.org\",\"@graph\":[{\"@type\":\"Article\",\"@id\":\"https:\\\/\\\/www.meteolafleche.com\\\/actualite\\\/2024\\\/03\\\/08\\\/meteo-du-8-au-17-mars-2024-grandes-marees-equinoxe\\\/#article\",\"isPartOf\":{\"@id\":\"https:\\\/\\\/www.meteolafleche.com\\\/actualite\\\/2024\\\/03\\\/08\\\/meteo-du-8-au-17-mars-2024-grandes-marees-equinoxe\\\/\"},\"author\":{\"name\":\"M\u00e9t\u00e9olafl\u00e8che\",\"@id\":\"https:\\\/\\\/www.meteolafleche.com\\\/actualite\\\/#\\\/schema\\\/person\\\/a3f335c48c6b0b07b3a7ff55abb5e7a5\"},\"headline\":\"M\u00e9t\u00e9o du 8 au 17 Mars 2024 grandes mar\u00e9es d&rsquo;\u00e9quinoxe\",\"datePublished\":\"2024-03-08T09:18:00+00:00\",\"mainEntityOfPage\":{\"@id\":\"https:\\\/\\\/www.meteolafleche.com\\\/actualite\\\/2024\\\/03\\\/08\\\/meteo-du-8-au-17-mars-2024-grandes-marees-equinoxe\\\/\"},\"wordCount\":202,\"commentCount\":1,\"image\":{\"@id\":\"https:\\\/\\\/www.meteolafleche.com\\\/actualite\\\/2024\\\/03\\\/08\\\/meteo-du-8-au-17-mars-2024-grandes-marees-equinoxe\\\/#primaryimage\"},\"thumbnailUrl\":\"https:\\\/\\\/www.meteolafleche.com\\\/actualite\\\/wp-content\\\/uploads\\\/2024\\\/03\\\/230312_meteo_france.png\",\"keywords\":[\"2024\",\"8\",\"grandes mar\u00e9es\",\"mars\",\"m\u00e9t\u00e9o\",\"Pr\u00e9visions\"],\"articleSection\":[\"Tendance m\u00e9t\u00e9o \u00e0 long terme\"],\"inLanguage\":\"fr-FR\",\"potentialAction\":[{\"@type\":\"CommentAction\",\"name\":\"Comment\",\"target\":[\"https:\\\/\\\/www.meteolafleche.com\\\/actualite\\\/2024\\\/03\\\/08\\\/meteo-du-8-au-17-mars-2024-grandes-marees-equinoxe\\\/#respond\"]}]},{\"@type\":\"WebPage\",\"@id\":\"https:\\\/\\\/www.meteolafleche.com\\\/actualite\\\/2024\\\/03\\\/08\\\/meteo-du-8-au-17-mars-2024-grandes-marees-equinoxe\\\/\",\"url\":\"https:\\\/\\\/www.meteolafleche.com\\\/actualite\\\/2024\\\/03\\\/08\\\/meteo-du-8-au-17-mars-2024-grandes-marees-equinoxe\\\/\",\"name\":\"Toute la m\u00e9t\u00e9o du 8 au 17 Mars 2024 grandes mar\u00e9es d'\u00e9quinoxe\",\"isPartOf\":{\"@id\":\"https:\\\/\\\/www.meteolafleche.com\\\/actualite\\\/#website\"},\"primaryImageOfPage\":{\"@id\":\"https:\\\/\\\/www.meteolafleche.com\\\/actualite\\\/2024\\\/03\\\/08\\\/meteo-du-8-au-17-mars-2024-grandes-marees-equinoxe\\\/#primaryimage\"},\"image\":{\"@id\":\"https:\\\/\\\/www.meteolafleche.com\\\/actualite\\\/2024\\\/03\\\/08\\\/meteo-du-8-au-17-mars-2024-grandes-marees-equinoxe\\\/#primaryimage\"},\"thumbnailUrl\":\"https:\\\/\\\/www.meteolafleche.com\\\/actualite\\\/wp-content\\\/uploads\\\/2024\\\/03\\\/230312_meteo_france.png\",\"datePublished\":\"2024-03-08T09:18:00+00:00\",\"author\":{\"@id\":\"https:\\\/\\\/www.meteolafleche.com\\\/actualite\\\/#\\\/schema\\\/person\\\/a3f335c48c6b0b07b3a7ff55abb5e7a5\"},\"description\":\"Les tendances m\u00e9t\u00e9o pour la p\u00e9riode des grandes mar\u00e9es d'\u00e9quinoxe de Mars 2024 - vers un temps (fortement) d\u00e9pressionnaire ? calme ?\",\"breadcrumb\":{\"@id\":\"https:\\\/\\\/www.meteolafleche.com\\\/actualite\\\/2024\\\/03\\\/08\\\/meteo-du-8-au-17-mars-2024-grandes-marees-equinoxe\\\/#breadcrumb\"},\"inLanguage\":\"fr-FR\",\"potentialAction\":[{\"@type\":\"ReadAction\",\"target\":[\"https:\\\/\\\/www.meteolafleche.com\\\/actualite\\\/2024\\\/03\\\/08\\\/meteo-du-8-au-17-mars-2024-grandes-marees-equinoxe\\\/\"]}]},{\"@type\":\"ImageObject\",\"inLanguage\":\"fr-FR\",\"@id\":\"https:\\\/\\\/www.meteolafleche.com\\\/actualite\\\/2024\\\/03\\\/08\\\/meteo-du-8-au-17-mars-2024-grandes-marees-equinoxe\\\/#primaryimage\",\"url\":\"https:\\\/\\\/www.meteolafleche.com\\\/actualite\\\/wp-content\\\/uploads\\\/2024\\\/03\\\/230312_meteo_france.png\",\"contentUrl\":\"https:\\\/\\\/www.meteolafleche.com\\\/actualite\\\/wp-content\\\/uploads\\\/2024\\\/03\\\/230312_meteo_france.png\",\"width\":600,\"height\":502},{\"@type\":\"BreadcrumbList\",\"@id\":\"https:\\\/\\\/www.meteolafleche.com\\\/actualite\\\/2024\\\/03\\\/08\\\/meteo-du-8-au-17-mars-2024-grandes-marees-equinoxe\\\/#breadcrumb\",\"itemListElement\":[{\"@type\":\"ListItem\",\"position\":1,\"name\":\"Accueil\",\"item\":\"https:\\\/\\\/www.meteolafleche.com\\\/actualite\\\/\"},{\"@type\":\"ListItem\",\"position\":2,\"name\":\"M\u00e9t\u00e9o du 8 au 17 Mars 2024 grandes mar\u00e9es d&rsquo;\u00e9quinoxe\"}]},{\"@type\":\"WebSite\",\"@id\":\"https:\\\/\\\/www.meteolafleche.com\\\/actualite\\\/#website\",\"url\":\"https:\\\/\\\/www.meteolafleche.com\\\/actualite\\\/\",\"name\":\"M\u00e9t\u00e9olafleche - Blog actualit\u00e9s\",\"description\":\"Actualit\u00e9s m\u00e9t\u00e9o \",\"potentialAction\":[{\"@type\":\"SearchAction\",\"target\":{\"@type\":\"EntryPoint\",\"urlTemplate\":\"https:\\\/\\\/www.meteolafleche.com\\\/actualite\\\/?s={search_term_string}\"},\"query-input\":{\"@type\":\"PropertyValueSpecification\",\"valueRequired\":true,\"valueName\":\"search_term_string\"}}],\"inLanguage\":\"fr-FR\"},{\"@type\":\"Person\",\"@id\":\"https:\\\/\\\/www.meteolafleche.com\\\/actualite\\\/#\\\/schema\\\/person\\\/a3f335c48c6b0b07b3a7ff55abb5e7a5\",\"name\":\"M\u00e9t\u00e9olafl\u00e8che\",\"image\":{\"@type\":\"ImageObject\",\"inLanguage\":\"fr-FR\",\"@id\":\"https:\\\/\\\/secure.gravatar.com\\\/avatar\\\/87018e78a84df868f9910cf7db506cf0e115cd6493382a089a41e0cf87a80762?s=96&d=mm&r=g\",\"url\":\"https:\\\/\\\/secure.gravatar.com\\\/avatar\\\/87018e78a84df868f9910cf7db506cf0e115cd6493382a089a41e0cf87a80762?s=96&d=mm&r=g\",\"contentUrl\":\"https:\\\/\\\/secure.gravatar.com\\\/avatar\\\/87018e78a84df868f9910cf7db506cf0e115cd6493382a089a41e0cf87a80762?s=96&d=mm&r=g\",\"caption\":\"M\u00e9t\u00e9olafl\u00e8che\"},\"sameAs\":[\"http:\\\/\\\/www.meteolafleche.com\\\/actualite\"]}]}<\/script>\n<!-- \/ Yoast SEO plugin. -->","yoast_head_json":{"title":"Toute la m\u00e9t\u00e9o du 8 au 17 Mars 2024 grandes mar\u00e9es d'\u00e9quinoxe","description":"Les tendances m\u00e9t\u00e9o pour la p\u00e9riode des grandes mar\u00e9es d'\u00e9quinoxe de Mars 2024 - vers un temps (fortement) d\u00e9pressionnaire ? calme ?","robots":{"index":"index","follow":"follow","max-snippet":"max-snippet:-1","max-image-preview":"max-image-preview:large","max-video-preview":"max-video-preview:-1"},"canonical":"https:\/\/www.meteolafleche.com\/actualite\/2024\/03\/08\/meteo-du-8-au-17-mars-2024-grandes-marees-equinoxe\/","og_locale":"fr_FR","og_type":"article","og_title":"Toute la m\u00e9t\u00e9o du 8 au 17 Mars 2024 grandes mar\u00e9es d'\u00e9quinoxe","og_description":"Les tendances m\u00e9t\u00e9o pour la p\u00e9riode des grandes mar\u00e9es d'\u00e9quinoxe de Mars 2024 - vers un temps (fortement) d\u00e9pressionnaire ? calme ?","og_url":"https:\/\/www.meteolafleche.com\/actualite\/2024\/03\/08\/meteo-du-8-au-17-mars-2024-grandes-marees-equinoxe\/","og_site_name":"M\u00e9t\u00e9olafleche","article_publisher":"https:\/\/fr-fr.facebook.com\/Meteolafleche\/","article_published_time":"2024-03-08T09:18:00+00:00","og_image":[{"url":"https:\/\/www.meteolafleche.com\/actualite\/wp-content\/uploads\/2024\/03\/230312_meteo_france.png","type":"","width":"","height":""}],"author":"M\u00e9t\u00e9olafl\u00e8che","twitter_card":"summary_large_image","twitter_creator":"@Meteolafleche","twitter_site":"@Meteolafleche","twitter_misc":{"\u00c9crit par":"M\u00e9t\u00e9olafl\u00e8che","Dur\u00e9e de lecture estim\u00e9e":"2 minutes"},"schema":{"@context":"https:\/\/schema.org","@graph":[{"@type":"Article","@id":"https:\/\/www.meteolafleche.com\/actualite\/2024\/03\/08\/meteo-du-8-au-17-mars-2024-grandes-marees-equinoxe\/#article","isPartOf":{"@id":"https:\/\/www.meteolafleche.com\/actualite\/2024\/03\/08\/meteo-du-8-au-17-mars-2024-grandes-marees-equinoxe\/"},"author":{"name":"M\u00e9t\u00e9olafl\u00e8che","@id":"https:\/\/www.meteolafleche.com\/actualite\/#\/schema\/person\/a3f335c48c6b0b07b3a7ff55abb5e7a5"},"headline":"M\u00e9t\u00e9o du 8 au 17 Mars 2024 grandes mar\u00e9es d&rsquo;\u00e9quinoxe","datePublished":"2024-03-08T09:18:00+00:00","mainEntityOfPage":{"@id":"https:\/\/www.meteolafleche.com\/actualite\/2024\/03\/08\/meteo-du-8-au-17-mars-2024-grandes-marees-equinoxe\/"},"wordCount":202,"commentCount":1,"image":{"@id":"https:\/\/www.meteolafleche.com\/actualite\/2024\/03\/08\/meteo-du-8-au-17-mars-2024-grandes-marees-equinoxe\/#primaryimage"},"thumbnailUrl":"https:\/\/www.meteolafleche.com\/actualite\/wp-content\/uploads\/2024\/03\/230312_meteo_france.png","keywords":["2024","8","grandes mar\u00e9es","mars","m\u00e9t\u00e9o","Pr\u00e9visions"],"articleSection":["Tendance m\u00e9t\u00e9o \u00e0 long terme"],"inLanguage":"fr-FR","potentialAction":[{"@type":"CommentAction","name":"Comment","target":["https:\/\/www.meteolafleche.com\/actualite\/2024\/03\/08\/meteo-du-8-au-17-mars-2024-grandes-marees-equinoxe\/#respond"]}]},{"@type":"WebPage","@id":"https:\/\/www.meteolafleche.com\/actualite\/2024\/03\/08\/meteo-du-8-au-17-mars-2024-grandes-marees-equinoxe\/","url":"https:\/\/www.meteolafleche.com\/actualite\/2024\/03\/08\/meteo-du-8-au-17-mars-2024-grandes-marees-equinoxe\/","name":"Toute la m\u00e9t\u00e9o du 8 au 17 Mars 2024 grandes mar\u00e9es d'\u00e9quinoxe","isPartOf":{"@id":"https:\/\/www.meteolafleche.com\/actualite\/#website"},"primaryImageOfPage":{"@id":"https:\/\/www.meteolafleche.com\/actualite\/2024\/03\/08\/meteo-du-8-au-17-mars-2024-grandes-marees-equinoxe\/#primaryimage"},"image":{"@id":"https:\/\/www.meteolafleche.com\/actualite\/2024\/03\/08\/meteo-du-8-au-17-mars-2024-grandes-marees-equinoxe\/#primaryimage"},"thumbnailUrl":"https:\/\/www.meteolafleche.com\/actualite\/wp-content\/uploads\/2024\/03\/230312_meteo_france.png","datePublished":"2024-03-08T09:18:00+00:00","author":{"@id":"https:\/\/www.meteolafleche.com\/actualite\/#\/schema\/person\/a3f335c48c6b0b07b3a7ff55abb5e7a5"},"description":"Les tendances m\u00e9t\u00e9o pour la p\u00e9riode des grandes mar\u00e9es d'\u00e9quinoxe de Mars 2024 - vers un temps (fortement) d\u00e9pressionnaire ? calme ?","breadcrumb":{"@id":"https:\/\/www.meteolafleche.com\/actualite\/2024\/03\/08\/meteo-du-8-au-17-mars-2024-grandes-marees-equinoxe\/#breadcrumb"},"inLanguage":"fr-FR","potentialAction":[{"@type":"ReadAction","target":["https:\/\/www.meteolafleche.com\/actualite\/2024\/03\/08\/meteo-du-8-au-17-mars-2024-grandes-marees-equinoxe\/"]}]},{"@type":"ImageObject","inLanguage":"fr-FR","@id":"https:\/\/www.meteolafleche.com\/actualite\/2024\/03\/08\/meteo-du-8-au-17-mars-2024-grandes-marees-equinoxe\/#primaryimage","url":"https:\/\/www.meteolafleche.com\/actualite\/wp-content\/uploads\/2024\/03\/230312_meteo_france.png","contentUrl":"https:\/\/www.meteolafleche.com\/actualite\/wp-content\/uploads\/2024\/03\/230312_meteo_france.png","width":600,"height":502},{"@type":"BreadcrumbList","@id":"https:\/\/www.meteolafleche.com\/actualite\/2024\/03\/08\/meteo-du-8-au-17-mars-2024-grandes-marees-equinoxe\/#breadcrumb","itemListElement":[{"@type":"ListItem","position":1,"name":"Accueil","item":"https:\/\/www.meteolafleche.com\/actualite\/"},{"@type":"ListItem","position":2,"name":"M\u00e9t\u00e9o du 8 au 17 Mars 2024 grandes mar\u00e9es d&rsquo;\u00e9quinoxe"}]},{"@type":"WebSite","@id":"https:\/\/www.meteolafleche.com\/actualite\/#website","url":"https:\/\/www.meteolafleche.com\/actualite\/","name":"M\u00e9t\u00e9olafleche - Blog actualit\u00e9s","description":"Actualit\u00e9s m\u00e9t\u00e9o ","potentialAction":[{"@type":"SearchAction","target":{"@type":"EntryPoint","urlTemplate":"https:\/\/www.meteolafleche.com\/actualite\/?s={search_term_string}"},"query-input":{"@type":"PropertyValueSpecification","valueRequired":true,"valueName":"search_term_string"}}],"inLanguage":"fr-FR"},{"@type":"Person","@id":"https:\/\/www.meteolafleche.com\/actualite\/#\/schema\/person\/a3f335c48c6b0b07b3a7ff55abb5e7a5","name":"M\u00e9t\u00e9olafl\u00e8che","image":{"@type":"ImageObject","inLanguage":"fr-FR","@id":"https:\/\/secure.gravatar.com\/avatar\/87018e78a84df868f9910cf7db506cf0e115cd6493382a089a41e0cf87a80762?s=96&d=mm&r=g","url":"https:\/\/secure.gravatar.com\/avatar\/87018e78a84df868f9910cf7db506cf0e115cd6493382a089a41e0cf87a80762?s=96&d=mm&r=g","contentUrl":"https:\/\/secure.gravatar.com\/avatar\/87018e78a84df868f9910cf7db506cf0e115cd6493382a089a41e0cf87a80762?s=96&d=mm&r=g","caption":"M\u00e9t\u00e9olafl\u00e8che"},"sameAs":["http:\/\/www.meteolafleche.com\/actualite"]}]}},"_links":{"self":[{"href":"https:\/\/www.meteolafleche.com\/actualite\/wp-json\/wp\/v2\/posts\/1110","targetHints":{"allow":["GET"]}}],"collection":[{"href":"https:\/\/www.meteolafleche.com\/actualite\/wp-json\/wp\/v2\/posts"}],"about":[{"href":"https:\/\/www.meteolafleche.com\/actualite\/wp-json\/wp\/v2\/types\/post"}],"author":[{"embeddable":true,"href":"https:\/\/www.meteolafleche.com\/actualite\/wp-json\/wp\/v2\/users\/1"}],"replies":[{"embeddable":true,"href":"https:\/\/www.meteolafleche.com\/actualite\/wp-json\/wp\/v2\/comments?post=1110"}],"version-history":[{"count":1,"href":"https:\/\/www.meteolafleche.com\/actualite\/wp-json\/wp\/v2\/posts\/1110\/revisions"}],"predecessor-version":[{"id":1113,"href":"https:\/\/www.meteolafleche.com\/actualite\/wp-json\/wp\/v2\/posts\/1110\/revisions\/1113"}],"wp:attachment":[{"href":"https:\/\/www.meteolafleche.com\/actualite\/wp-json\/wp\/v2\/media?parent=1110"}],"wp:term":[{"taxonomy":"category","embeddable":true,"href":"https:\/\/www.meteolafleche.com\/actualite\/wp-json\/wp\/v2\/categories?post=1110"},{"taxonomy":"post_tag","embeddable":true,"href":"https:\/\/www.meteolafleche.com\/actualite\/wp-json\/wp\/v2\/tags?post=1110"}],"curies":[{"name":"wp","href":"https:\/\/api.w.org\/{rel}","templated":true}]}}