{"id":1092,"date":"2024-02-09T10:22:00","date_gmt":"2024-02-09T09:22:00","guid":{"rendered":"https:\/\/www.meteolafleche.com\/actualite\/?p=1092"},"modified":"2024-02-06T14:43:09","modified_gmt":"2024-02-06T13:43:09","slug":"meteo-du-2-au-11-fevrier-2023-froid","status":"publish","type":"post","link":"https:\/\/www.meteolafleche.com\/actualite\/2024\/02\/09\/meteo-du-2-au-11-fevrier-2023-froid\/","title":{"rendered":"M\u00e9t\u00e9o du 2 au 11 F\u00e9vrier 2024 froid"},"content":{"rendered":"<div id=\"meteo-1643804203\" class=\"meteo-avant-contenu meteo-entity-placement\"><script async src=\"\/\/pagead2.googlesyndication.com\/pagead\/js\/adsbygoogle.js?client=ca-pub-0501790310760996\" crossorigin=\"anonymous\"><\/script><ins class=\"adsbygoogle\" style=\"display:block;\" data-ad-client=\"ca-pub-0501790310760996\" \ndata-ad-slot=\"9802369648\" \ndata-ad-format=\"auto\"><\/ins>\n<script> \n(adsbygoogle = window.adsbygoogle || []).push({}); \n<\/script>\n<\/div>\n<p>Vers un temps contrastant avec la p\u00e9riode pr\u00e9c\u00e9dente <a href=\"https:\/\/www.meteolafleche.com\/actualite\/2024\/01\/26\/meteo-du-26-janvier-au-4-fevrier-2024-humide\/\">https:\/\/www.meteolafleche.com\/actualite\/2024\/01\/26\/meteo-du-26-janvier-au-4-fevrier-2024-humide\/<\/a><\/p>\n\n\n\n<figure class=\"wp-block-image size-full\"><img loading=\"lazy\" decoding=\"async\" width=\"600\" height=\"502\" src=\"https:\/\/www.meteolafleche.com\/actualite\/wp-content\/uploads\/2024\/02\/230206_meteo_france.png\" alt=\"M\u00e9t\u00e9o 6 F\u00e9vrier 2024 France\" class=\"wp-image-1093\" srcset=\"https:\/\/www.meteolafleche.com\/actualite\/wp-content\/uploads\/2024\/02\/230206_meteo_france.png 600w, https:\/\/www.meteolafleche.com\/actualite\/wp-content\/uploads\/2024\/02\/230206_meteo_france-300x251.png 300w\" sizes=\"auto, (max-width: 600px) 100vw, 600px\" \/><\/figure>\n\n\n\n<p>Le flux deviendrait plus nordique tout en redevenant relativement d\u00e9pressionnaire ; ainsi, la limite pluie-neige chuterait sur les massifs juste avant les d\u00e9parts en cong\u00e9s pour les vacances de ski.<\/p>\n\n\n\n<p>Plus au Sud, le temps resterait sec au plus proche de l&rsquo;anticyclone.<\/p>\n\n\n\n<figure class=\"wp-block-image size-full\"><img loading=\"lazy\" decoding=\"async\" width=\"600\" height=\"502\" src=\"https:\/\/www.meteolafleche.com\/actualite\/wp-content\/uploads\/2024\/02\/230211_meteo_france.png\" alt=\"M\u00e9t\u00e9o 11 F\u00e9vrier 2024 France\" class=\"wp-image-1094\" srcset=\"https:\/\/www.meteolafleche.com\/actualite\/wp-content\/uploads\/2024\/02\/230211_meteo_france.png 600w, https:\/\/www.meteolafleche.com\/actualite\/wp-content\/uploads\/2024\/02\/230211_meteo_france-300x251.png 300w\" sizes=\"auto, (max-width: 600px) 100vw, 600px\" \/><\/figure>\n\n\n\n<p>L&rsquo;anticyclone du Groenland et son homologue des A\u00e7ores pourraient \u00eatre reli\u00e9s par une vaste dorsale ; cette dorsale engloberait les \u00eeles britanniques et le Nord-Ouest de la France.<\/p>\n\n\n\n<p>Un flux de Nord-Est assez dynamique d\u00e9barquerait avec des pr\u00e9cipitations plus solides sur fond de refroidissement.<\/p>\n\n\n\n<p>Au moment o\u00f9 les grandes mar\u00e9es d\u00e9buteraient, la d\u00e9cote serait alors plus importante encore : la mer se retirerait alors encore plus loin lors des basses mers.<\/p>\n\n\n\n<p>Nous pourrions alors avoir une situation similaire \u00e0 celle <a href=\"https:\/\/www.youtube.com\/watch?v=7DacD29AIzw\">https:\/\/www.youtube.com\/watch?v=7DacD29AIzw<\/a><\/p>\n<div id=\"meteo-3385377809\" class=\"meteo-apres-le-contenu meteo-entity-placement\"><script async src=\"\/\/pagead2.googlesyndication.com\/pagead\/js\/adsbygoogle.js?client=ca-pub-0501790310760996\" crossorigin=\"anonymous\"><\/script><ins class=\"adsbygoogle\" style=\"display:block;\" data-ad-client=\"ca-pub-0501790310760996\" \ndata-ad-slot=\"7540452242\" \ndata-ad-format=\"auto\"><\/ins>\n<script> \n(adsbygoogle = window.adsbygoogle || []).push({}); \n<\/script>\n<\/div>","protected":false},"excerpt":{"rendered":"<p>Vers un temps contrastant avec la p\u00e9riode pr\u00e9c\u00e9dente https:\/\/www.meteolafleche.com\/actualite\/2024\/01\/26\/meteo-du-26-janvier-au-4-fevrier-2024-humide\/ Le flux deviendrait plus nordique tout en redevenant relativement d\u00e9pressionnaire ; ainsi, la limite pluie-neige chuterait sur les massifs juste avant les d\u00e9parts en cong\u00e9s pour les vacances de ski. Plus au Sud, le temps resterait sec au plus proche de l&rsquo;anticyclone. L&rsquo;anticyclone du Groenland et [&hellip;]<\/p>\n","protected":false},"author":1,"featured_media":0,"comment_status":"open","ping_status":"open","sticky":false,"template":"","format":"standard","meta":{"footnotes":""},"categories":[1],"tags":[38,51,147,20,17,16],"class_list":["post-1092","post","type-post","status-publish","format-standard","hentry","category-tendance-meteo-a-long-terme","tag-38","tag-51","tag-147","tag-froid","tag-meteo","tag-previsions"],"yoast_head":"<!-- This site is optimized with the Yoast SEO plugin v27.5 - https:\/\/yoast.com\/product\/yoast-seo-wordpress\/ -->\n<title>Toute la m\u00e9t\u00e9o du 2 au 11 F\u00e9vrier 2024 orient\u00e9e vers le froid ?<\/title>\n<meta name=\"description\" content=\"Les pr\u00e9visions m\u00e9t\u00e9o orient\u00e9es vers le froid pour la p\u00e9riode du 2 au 11 F\u00e9vrier 2023 ? dans la douceur oc\u00e9anique ? anticyclonique ?\" \/>\n<meta name=\"robots\" content=\"index, follow, max-snippet:-1, max-image-preview:large, max-video-preview:-1\" \/>\n<link rel=\"canonical\" href=\"https:\/\/www.meteolafleche.com\/actualite\/2024\/02\/09\/meteo-du-2-au-11-fevrier-2023-froid\/\" \/>\n<meta property=\"og:locale\" content=\"fr_FR\" \/>\n<meta property=\"og:type\" content=\"article\" \/>\n<meta property=\"og:title\" content=\"Toute la m\u00e9t\u00e9o du 2 au 11 F\u00e9vrier 2024 orient\u00e9e vers le froid ?\" \/>\n<meta property=\"og:description\" content=\"Les pr\u00e9visions m\u00e9t\u00e9o orient\u00e9es vers le froid pour la p\u00e9riode du 2 au 11 F\u00e9vrier 2023 ? dans la douceur oc\u00e9anique ? anticyclonique ?\" \/>\n<meta property=\"og:url\" content=\"https:\/\/www.meteolafleche.com\/actualite\/2024\/02\/09\/meteo-du-2-au-11-fevrier-2023-froid\/\" \/>\n<meta property=\"og:site_name\" content=\"M\u00e9t\u00e9olafleche\" \/>\n<meta property=\"article:publisher\" content=\"https:\/\/fr-fr.facebook.com\/Meteolafleche\/\" \/>\n<meta property=\"article:published_time\" content=\"2024-02-09T09:22:00+00:00\" \/>\n<meta property=\"og:image\" content=\"https:\/\/www.meteolafleche.com\/actualite\/wp-content\/uploads\/2024\/02\/230206_meteo_france.png\" \/>\n<meta name=\"author\" content=\"M\u00e9t\u00e9olafl\u00e8che\" \/>\n<meta name=\"twitter:card\" content=\"summary_large_image\" \/>\n<meta name=\"twitter:creator\" content=\"@Meteolafleche\" \/>\n<meta name=\"twitter:site\" content=\"@Meteolafleche\" \/>\n<meta name=\"twitter:label1\" content=\"\u00c9crit par\" \/>\n\t<meta name=\"twitter:data1\" content=\"M\u00e9t\u00e9olafl\u00e8che\" \/>\n\t<meta name=\"twitter:label2\" content=\"Dur\u00e9e de lecture estim\u00e9e\" \/>\n\t<meta name=\"twitter:data2\" content=\"2 minutes\" \/>\n<script type=\"application\/ld+json\" class=\"yoast-schema-graph\">{\"@context\":\"https:\\\/\\\/schema.org\",\"@graph\":[{\"@type\":\"Article\",\"@id\":\"https:\\\/\\\/www.meteolafleche.com\\\/actualite\\\/2024\\\/02\\\/09\\\/meteo-du-2-au-11-fevrier-2023-froid\\\/#article\",\"isPartOf\":{\"@id\":\"https:\\\/\\\/www.meteolafleche.com\\\/actualite\\\/2024\\\/02\\\/09\\\/meteo-du-2-au-11-fevrier-2023-froid\\\/\"},\"author\":{\"name\":\"M\u00e9t\u00e9olafl\u00e8che\",\"@id\":\"https:\\\/\\\/www.meteolafleche.com\\\/actualite\\\/#\\\/schema\\\/person\\\/a3f335c48c6b0b07b3a7ff55abb5e7a5\"},\"headline\":\"M\u00e9t\u00e9o du 2 au 11 F\u00e9vrier 2024 froid\",\"datePublished\":\"2024-02-09T09:22:00+00:00\",\"mainEntityOfPage\":{\"@id\":\"https:\\\/\\\/www.meteolafleche.com\\\/actualite\\\/2024\\\/02\\\/09\\\/meteo-du-2-au-11-fevrier-2023-froid\\\/\"},\"wordCount\":164,\"commentCount\":1,\"image\":{\"@id\":\"https:\\\/\\\/www.meteolafleche.com\\\/actualite\\\/2024\\\/02\\\/09\\\/meteo-du-2-au-11-fevrier-2023-froid\\\/#primaryimage\"},\"thumbnailUrl\":\"https:\\\/\\\/www.meteolafleche.com\\\/actualite\\\/wp-content\\\/uploads\\\/2024\\\/02\\\/230206_meteo_france.png\",\"keywords\":[\"11\",\"2\",\"2024\",\"froid\",\"m\u00e9t\u00e9o\",\"Pr\u00e9visions\"],\"articleSection\":[\"Tendance m\u00e9t\u00e9o \u00e0 long terme\"],\"inLanguage\":\"fr-FR\",\"potentialAction\":[{\"@type\":\"CommentAction\",\"name\":\"Comment\",\"target\":[\"https:\\\/\\\/www.meteolafleche.com\\\/actualite\\\/2024\\\/02\\\/09\\\/meteo-du-2-au-11-fevrier-2023-froid\\\/#respond\"]}]},{\"@type\":\"WebPage\",\"@id\":\"https:\\\/\\\/www.meteolafleche.com\\\/actualite\\\/2024\\\/02\\\/09\\\/meteo-du-2-au-11-fevrier-2023-froid\\\/\",\"url\":\"https:\\\/\\\/www.meteolafleche.com\\\/actualite\\\/2024\\\/02\\\/09\\\/meteo-du-2-au-11-fevrier-2023-froid\\\/\",\"name\":\"Toute la m\u00e9t\u00e9o du 2 au 11 F\u00e9vrier 2024 orient\u00e9e vers le froid ?\",\"isPartOf\":{\"@id\":\"https:\\\/\\\/www.meteolafleche.com\\\/actualite\\\/#website\"},\"primaryImageOfPage\":{\"@id\":\"https:\\\/\\\/www.meteolafleche.com\\\/actualite\\\/2024\\\/02\\\/09\\\/meteo-du-2-au-11-fevrier-2023-froid\\\/#primaryimage\"},\"image\":{\"@id\":\"https:\\\/\\\/www.meteolafleche.com\\\/actualite\\\/2024\\\/02\\\/09\\\/meteo-du-2-au-11-fevrier-2023-froid\\\/#primaryimage\"},\"thumbnailUrl\":\"https:\\\/\\\/www.meteolafleche.com\\\/actualite\\\/wp-content\\\/uploads\\\/2024\\\/02\\\/230206_meteo_france.png\",\"datePublished\":\"2024-02-09T09:22:00+00:00\",\"author\":{\"@id\":\"https:\\\/\\\/www.meteolafleche.com\\\/actualite\\\/#\\\/schema\\\/person\\\/a3f335c48c6b0b07b3a7ff55abb5e7a5\"},\"description\":\"Les pr\u00e9visions m\u00e9t\u00e9o orient\u00e9es vers le froid pour la p\u00e9riode du 2 au 11 F\u00e9vrier 2023 ? dans la douceur oc\u00e9anique ? anticyclonique ?\",\"breadcrumb\":{\"@id\":\"https:\\\/\\\/www.meteolafleche.com\\\/actualite\\\/2024\\\/02\\\/09\\\/meteo-du-2-au-11-fevrier-2023-froid\\\/#breadcrumb\"},\"inLanguage\":\"fr-FR\",\"potentialAction\":[{\"@type\":\"ReadAction\",\"target\":[\"https:\\\/\\\/www.meteolafleche.com\\\/actualite\\\/2024\\\/02\\\/09\\\/meteo-du-2-au-11-fevrier-2023-froid\\\/\"]}]},{\"@type\":\"ImageObject\",\"inLanguage\":\"fr-FR\",\"@id\":\"https:\\\/\\\/www.meteolafleche.com\\\/actualite\\\/2024\\\/02\\\/09\\\/meteo-du-2-au-11-fevrier-2023-froid\\\/#primaryimage\",\"url\":\"https:\\\/\\\/www.meteolafleche.com\\\/actualite\\\/wp-content\\\/uploads\\\/2024\\\/02\\\/230206_meteo_france.png\",\"contentUrl\":\"https:\\\/\\\/www.meteolafleche.com\\\/actualite\\\/wp-content\\\/uploads\\\/2024\\\/02\\\/230206_meteo_france.png\",\"width\":600,\"height\":502},{\"@type\":\"BreadcrumbList\",\"@id\":\"https:\\\/\\\/www.meteolafleche.com\\\/actualite\\\/2024\\\/02\\\/09\\\/meteo-du-2-au-11-fevrier-2023-froid\\\/#breadcrumb\",\"itemListElement\":[{\"@type\":\"ListItem\",\"position\":1,\"name\":\"Accueil\",\"item\":\"https:\\\/\\\/www.meteolafleche.com\\\/actualite\\\/\"},{\"@type\":\"ListItem\",\"position\":2,\"name\":\"M\u00e9t\u00e9o du 2 au 11 F\u00e9vrier 2024 froid\"}]},{\"@type\":\"WebSite\",\"@id\":\"https:\\\/\\\/www.meteolafleche.com\\\/actualite\\\/#website\",\"url\":\"https:\\\/\\\/www.meteolafleche.com\\\/actualite\\\/\",\"name\":\"M\u00e9t\u00e9olafleche - Blog actualit\u00e9s\",\"description\":\"Actualit\u00e9s m\u00e9t\u00e9o \",\"potentialAction\":[{\"@type\":\"SearchAction\",\"target\":{\"@type\":\"EntryPoint\",\"urlTemplate\":\"https:\\\/\\\/www.meteolafleche.com\\\/actualite\\\/?s={search_term_string}\"},\"query-input\":{\"@type\":\"PropertyValueSpecification\",\"valueRequired\":true,\"valueName\":\"search_term_string\"}}],\"inLanguage\":\"fr-FR\"},{\"@type\":\"Person\",\"@id\":\"https:\\\/\\\/www.meteolafleche.com\\\/actualite\\\/#\\\/schema\\\/person\\\/a3f335c48c6b0b07b3a7ff55abb5e7a5\",\"name\":\"M\u00e9t\u00e9olafl\u00e8che\",\"image\":{\"@type\":\"ImageObject\",\"inLanguage\":\"fr-FR\",\"@id\":\"https:\\\/\\\/secure.gravatar.com\\\/avatar\\\/87018e78a84df868f9910cf7db506cf0e115cd6493382a089a41e0cf87a80762?s=96&d=mm&r=g\",\"url\":\"https:\\\/\\\/secure.gravatar.com\\\/avatar\\\/87018e78a84df868f9910cf7db506cf0e115cd6493382a089a41e0cf87a80762?s=96&d=mm&r=g\",\"contentUrl\":\"https:\\\/\\\/secure.gravatar.com\\\/avatar\\\/87018e78a84df868f9910cf7db506cf0e115cd6493382a089a41e0cf87a80762?s=96&d=mm&r=g\",\"caption\":\"M\u00e9t\u00e9olafl\u00e8che\"},\"sameAs\":[\"http:\\\/\\\/www.meteolafleche.com\\\/actualite\"]}]}<\/script>\n<!-- \/ Yoast SEO plugin. -->","yoast_head_json":{"title":"Toute la m\u00e9t\u00e9o du 2 au 11 F\u00e9vrier 2024 orient\u00e9e vers le froid ?","description":"Les pr\u00e9visions m\u00e9t\u00e9o orient\u00e9es vers le froid pour la p\u00e9riode du 2 au 11 F\u00e9vrier 2023 ? dans la douceur oc\u00e9anique ? anticyclonique ?","robots":{"index":"index","follow":"follow","max-snippet":"max-snippet:-1","max-image-preview":"max-image-preview:large","max-video-preview":"max-video-preview:-1"},"canonical":"https:\/\/www.meteolafleche.com\/actualite\/2024\/02\/09\/meteo-du-2-au-11-fevrier-2023-froid\/","og_locale":"fr_FR","og_type":"article","og_title":"Toute la m\u00e9t\u00e9o du 2 au 11 F\u00e9vrier 2024 orient\u00e9e vers le froid ?","og_description":"Les pr\u00e9visions m\u00e9t\u00e9o orient\u00e9es vers le froid pour la p\u00e9riode du 2 au 11 F\u00e9vrier 2023 ? dans la douceur oc\u00e9anique ? anticyclonique ?","og_url":"https:\/\/www.meteolafleche.com\/actualite\/2024\/02\/09\/meteo-du-2-au-11-fevrier-2023-froid\/","og_site_name":"M\u00e9t\u00e9olafleche","article_publisher":"https:\/\/fr-fr.facebook.com\/Meteolafleche\/","article_published_time":"2024-02-09T09:22:00+00:00","og_image":[{"url":"https:\/\/www.meteolafleche.com\/actualite\/wp-content\/uploads\/2024\/02\/230206_meteo_france.png","type":"","width":"","height":""}],"author":"M\u00e9t\u00e9olafl\u00e8che","twitter_card":"summary_large_image","twitter_creator":"@Meteolafleche","twitter_site":"@Meteolafleche","twitter_misc":{"\u00c9crit par":"M\u00e9t\u00e9olafl\u00e8che","Dur\u00e9e de lecture estim\u00e9e":"2 minutes"},"schema":{"@context":"https:\/\/schema.org","@graph":[{"@type":"Article","@id":"https:\/\/www.meteolafleche.com\/actualite\/2024\/02\/09\/meteo-du-2-au-11-fevrier-2023-froid\/#article","isPartOf":{"@id":"https:\/\/www.meteolafleche.com\/actualite\/2024\/02\/09\/meteo-du-2-au-11-fevrier-2023-froid\/"},"author":{"name":"M\u00e9t\u00e9olafl\u00e8che","@id":"https:\/\/www.meteolafleche.com\/actualite\/#\/schema\/person\/a3f335c48c6b0b07b3a7ff55abb5e7a5"},"headline":"M\u00e9t\u00e9o du 2 au 11 F\u00e9vrier 2024 froid","datePublished":"2024-02-09T09:22:00+00:00","mainEntityOfPage":{"@id":"https:\/\/www.meteolafleche.com\/actualite\/2024\/02\/09\/meteo-du-2-au-11-fevrier-2023-froid\/"},"wordCount":164,"commentCount":1,"image":{"@id":"https:\/\/www.meteolafleche.com\/actualite\/2024\/02\/09\/meteo-du-2-au-11-fevrier-2023-froid\/#primaryimage"},"thumbnailUrl":"https:\/\/www.meteolafleche.com\/actualite\/wp-content\/uploads\/2024\/02\/230206_meteo_france.png","keywords":["11","2","2024","froid","m\u00e9t\u00e9o","Pr\u00e9visions"],"articleSection":["Tendance m\u00e9t\u00e9o \u00e0 long terme"],"inLanguage":"fr-FR","potentialAction":[{"@type":"CommentAction","name":"Comment","target":["https:\/\/www.meteolafleche.com\/actualite\/2024\/02\/09\/meteo-du-2-au-11-fevrier-2023-froid\/#respond"]}]},{"@type":"WebPage","@id":"https:\/\/www.meteolafleche.com\/actualite\/2024\/02\/09\/meteo-du-2-au-11-fevrier-2023-froid\/","url":"https:\/\/www.meteolafleche.com\/actualite\/2024\/02\/09\/meteo-du-2-au-11-fevrier-2023-froid\/","name":"Toute la m\u00e9t\u00e9o du 2 au 11 F\u00e9vrier 2024 orient\u00e9e vers le froid ?","isPartOf":{"@id":"https:\/\/www.meteolafleche.com\/actualite\/#website"},"primaryImageOfPage":{"@id":"https:\/\/www.meteolafleche.com\/actualite\/2024\/02\/09\/meteo-du-2-au-11-fevrier-2023-froid\/#primaryimage"},"image":{"@id":"https:\/\/www.meteolafleche.com\/actualite\/2024\/02\/09\/meteo-du-2-au-11-fevrier-2023-froid\/#primaryimage"},"thumbnailUrl":"https:\/\/www.meteolafleche.com\/actualite\/wp-content\/uploads\/2024\/02\/230206_meteo_france.png","datePublished":"2024-02-09T09:22:00+00:00","author":{"@id":"https:\/\/www.meteolafleche.com\/actualite\/#\/schema\/person\/a3f335c48c6b0b07b3a7ff55abb5e7a5"},"description":"Les pr\u00e9visions m\u00e9t\u00e9o orient\u00e9es vers le froid pour la p\u00e9riode du 2 au 11 F\u00e9vrier 2023 ? dans la douceur oc\u00e9anique ? anticyclonique ?","breadcrumb":{"@id":"https:\/\/www.meteolafleche.com\/actualite\/2024\/02\/09\/meteo-du-2-au-11-fevrier-2023-froid\/#breadcrumb"},"inLanguage":"fr-FR","potentialAction":[{"@type":"ReadAction","target":["https:\/\/www.meteolafleche.com\/actualite\/2024\/02\/09\/meteo-du-2-au-11-fevrier-2023-froid\/"]}]},{"@type":"ImageObject","inLanguage":"fr-FR","@id":"https:\/\/www.meteolafleche.com\/actualite\/2024\/02\/09\/meteo-du-2-au-11-fevrier-2023-froid\/#primaryimage","url":"https:\/\/www.meteolafleche.com\/actualite\/wp-content\/uploads\/2024\/02\/230206_meteo_france.png","contentUrl":"https:\/\/www.meteolafleche.com\/actualite\/wp-content\/uploads\/2024\/02\/230206_meteo_france.png","width":600,"height":502},{"@type":"BreadcrumbList","@id":"https:\/\/www.meteolafleche.com\/actualite\/2024\/02\/09\/meteo-du-2-au-11-fevrier-2023-froid\/#breadcrumb","itemListElement":[{"@type":"ListItem","position":1,"name":"Accueil","item":"https:\/\/www.meteolafleche.com\/actualite\/"},{"@type":"ListItem","position":2,"name":"M\u00e9t\u00e9o du 2 au 11 F\u00e9vrier 2024 froid"}]},{"@type":"WebSite","@id":"https:\/\/www.meteolafleche.com\/actualite\/#website","url":"https:\/\/www.meteolafleche.com\/actualite\/","name":"M\u00e9t\u00e9olafleche - Blog actualit\u00e9s","description":"Actualit\u00e9s m\u00e9t\u00e9o ","potentialAction":[{"@type":"SearchAction","target":{"@type":"EntryPoint","urlTemplate":"https:\/\/www.meteolafleche.com\/actualite\/?s={search_term_string}"},"query-input":{"@type":"PropertyValueSpecification","valueRequired":true,"valueName":"search_term_string"}}],"inLanguage":"fr-FR"},{"@type":"Person","@id":"https:\/\/www.meteolafleche.com\/actualite\/#\/schema\/person\/a3f335c48c6b0b07b3a7ff55abb5e7a5","name":"M\u00e9t\u00e9olafl\u00e8che","image":{"@type":"ImageObject","inLanguage":"fr-FR","@id":"https:\/\/secure.gravatar.com\/avatar\/87018e78a84df868f9910cf7db506cf0e115cd6493382a089a41e0cf87a80762?s=96&d=mm&r=g","url":"https:\/\/secure.gravatar.com\/avatar\/87018e78a84df868f9910cf7db506cf0e115cd6493382a089a41e0cf87a80762?s=96&d=mm&r=g","contentUrl":"https:\/\/secure.gravatar.com\/avatar\/87018e78a84df868f9910cf7db506cf0e115cd6493382a089a41e0cf87a80762?s=96&d=mm&r=g","caption":"M\u00e9t\u00e9olafl\u00e8che"},"sameAs":["http:\/\/www.meteolafleche.com\/actualite"]}]}},"_links":{"self":[{"href":"https:\/\/www.meteolafleche.com\/actualite\/wp-json\/wp\/v2\/posts\/1092","targetHints":{"allow":["GET"]}}],"collection":[{"href":"https:\/\/www.meteolafleche.com\/actualite\/wp-json\/wp\/v2\/posts"}],"about":[{"href":"https:\/\/www.meteolafleche.com\/actualite\/wp-json\/wp\/v2\/types\/post"}],"author":[{"embeddable":true,"href":"https:\/\/www.meteolafleche.com\/actualite\/wp-json\/wp\/v2\/users\/1"}],"replies":[{"embeddable":true,"href":"https:\/\/www.meteolafleche.com\/actualite\/wp-json\/wp\/v2\/comments?post=1092"}],"version-history":[{"count":1,"href":"https:\/\/www.meteolafleche.com\/actualite\/wp-json\/wp\/v2\/posts\/1092\/revisions"}],"predecessor-version":[{"id":1095,"href":"https:\/\/www.meteolafleche.com\/actualite\/wp-json\/wp\/v2\/posts\/1092\/revisions\/1095"}],"wp:attachment":[{"href":"https:\/\/www.meteolafleche.com\/actualite\/wp-json\/wp\/v2\/media?parent=1092"}],"wp:term":[{"taxonomy":"category","embeddable":true,"href":"https:\/\/www.meteolafleche.com\/actualite\/wp-json\/wp\/v2\/categories?post=1092"},{"taxonomy":"post_tag","embeddable":true,"href":"https:\/\/www.meteolafleche.com\/actualite\/wp-json\/wp\/v2\/tags?post=1092"}],"curies":[{"name":"wp","href":"https:\/\/api.w.org\/{rel}","templated":true}]}}