{"id":1069,"date":"2023-12-22T09:35:00","date_gmt":"2023-12-22T08:35:00","guid":{"rendered":"https:\/\/www.meteolafleche.com\/actualite\/?p=1069"},"modified":"2023-12-19T07:57:32","modified_gmt":"2023-12-19T06:57:32","slug":"meteo-du-22-au-31-decembre-2023-reveillon-nouvel-an","status":"publish","type":"post","link":"https:\/\/www.meteolafleche.com\/actualite\/2023\/12\/22\/meteo-du-22-au-31-decembre-2023-reveillon-nouvel-an\/","title":{"rendered":"M\u00e9t\u00e9o du 22 au 31 D\u00e9cembre 2023 Nouvel An"},"content":{"rendered":"<div id=\"meteo-2416327191\" class=\"meteo-avant-contenu meteo-entity-placement\"><script async src=\"\/\/pagead2.googlesyndication.com\/pagead\/js\/adsbygoogle.js?client=ca-pub-0501790310760996\" crossorigin=\"anonymous\"><\/script><ins class=\"adsbygoogle\" style=\"display:block;\" data-ad-client=\"ca-pub-0501790310760996\" \ndata-ad-slot=\"9802369648\" \ndata-ad-format=\"auto\"><\/ins>\n<script> \n(adsbygoogle = window.adsbygoogle || []).push({}); \n<\/script>\n<\/div>\n<p>Vers une Dame Nature bien plus chaleureuse que ce qui \u00e9tait envisag\u00e9 <a href=\"https:\/\/www.meteolafleche.com\/actualite\/2023\/12\/15\/meteo-du-15-au-24-decembre-2023-reveillon-noel\/\">https:\/\/www.meteolafleche.com\/actualite\/2023\/12\/15\/meteo-du-15-au-24-decembre-2023-reveillon-noel\/<\/a><\/p>\n\n\n\n<figure class=\"wp-block-image size-full is-resized\"><img loading=\"lazy\" decoding=\"async\" width=\"600\" height=\"502\" src=\"https:\/\/www.meteolafleche.com\/actualite\/wp-content\/uploads\/2023\/12\/231226_meteo_france_noel.png\" alt=\"M\u00e9t\u00e9o 26 D\u00e9cembre 2023 Noel\" class=\"wp-image-1070\" style=\"width:655px;height:auto\" srcset=\"https:\/\/www.meteolafleche.com\/actualite\/wp-content\/uploads\/2023\/12\/231226_meteo_france_noel.png 600w, https:\/\/www.meteolafleche.com\/actualite\/wp-content\/uploads\/2023\/12\/231226_meteo_france_noel-300x251.png 300w\" sizes=\"auto, (max-width: 600px) 100vw, 600px\" \/><\/figure>\n\n\n\n<p>Il resterait quelques sc\u00e9narios avec la neige en plaine sur le Nord-Est mais sont minoritaires dans la mod\u00e9lisation.<\/p>\n\n\n\n<p>Autrement, le sc\u00e9nario serait le courant d&rsquo;Ouest apportant douceur et humidit\u00e9 sur tout le territoire sauf sur le pourtour m\u00e9diterran\u00e9en.<\/p>\n\n\n\n<p>Le P\u00e8re No\u00ebl aurait du mal \u00e0 l&rsquo;atterrissage dans les chemin\u00e9es si la visibilit\u00e9 le permet \ud83d\ude42<\/p>\n\n\n\n<figure class=\"wp-block-image size-full is-resized\"><img loading=\"lazy\" decoding=\"async\" width=\"600\" height=\"502\" src=\"https:\/\/www.meteolafleche.com\/actualite\/wp-content\/uploads\/2023\/12\/231231_meteo_france_reveillon_nouvel_an.png\" alt=\"M\u00e9t\u00e9o France 31 D\u00e9cembre 2023 R\u00e9veillon Nouvel An\" class=\"wp-image-1071\" style=\"width:655px;height:auto\" srcset=\"https:\/\/www.meteolafleche.com\/actualite\/wp-content\/uploads\/2023\/12\/231231_meteo_france_reveillon_nouvel_an.png 600w, https:\/\/www.meteolafleche.com\/actualite\/wp-content\/uploads\/2023\/12\/231231_meteo_france_reveillon_nouvel_an-300x251.png 300w\" sizes=\"auto, (max-width: 600px) 100vw, 600px\" \/><\/figure>\n\n\n\n<p>Une pouss\u00e9e anticyclonique pourrait se faire par le Sud et l&rsquo;Est laissant pr\u00e9sager de conditions plus s\u00e8ches.<\/p>\n\n\n\n<p>Pour autant, les perturbations ne seraient jamais vraiment bien loin.<\/p>\n\n\n\n<p>C&rsquo;est pourquoi le r\u00e9veillon du Nouvel An se ferait dans l&rsquo;humidit\u00e9 sur l&rsquo;Ouest (et le reste du Nord ?), au sec au Sud.<\/p>\n\n\n\n<p>Une temp\u00eate ne serait pas impossible comme il y a quelques ann\u00e9es <a href=\"https:\/\/www.youtube.com\/watch?v=15qLcEW9pu8\">https:\/\/www.youtube.com\/watch?v=15qLcEW9pu8<\/a><\/p>\n<div id=\"meteo-306721928\" class=\"meteo-apres-le-contenu meteo-entity-placement\"><script async src=\"\/\/pagead2.googlesyndication.com\/pagead\/js\/adsbygoogle.js?client=ca-pub-0501790310760996\" crossorigin=\"anonymous\"><\/script><ins class=\"adsbygoogle\" style=\"display:block;\" data-ad-client=\"ca-pub-0501790310760996\" \ndata-ad-slot=\"7540452242\" \ndata-ad-format=\"auto\"><\/ins>\n<script> \n(adsbygoogle = window.adsbygoogle || []).push({}); \n<\/script>\n<\/div>","protected":false},"excerpt":{"rendered":"<p>Vers une Dame Nature bien plus chaleureuse que ce qui \u00e9tait envisag\u00e9 https:\/\/www.meteolafleche.com\/actualite\/2023\/12\/15\/meteo-du-15-au-24-decembre-2023-reveillon-noel\/ Il resterait quelques sc\u00e9narios avec la neige en plaine sur le Nord-Est mais sont minoritaires dans la mod\u00e9lisation. Autrement, le sc\u00e9nario serait le courant d&rsquo;Ouest apportant douceur et humidit\u00e9 sur tout le territoire sauf sur le pourtour m\u00e9diterran\u00e9en. Le P\u00e8re No\u00ebl aurait [&hellip;]<\/p>\n","protected":false},"author":1,"featured_media":0,"comment_status":"open","ping_status":"open","sticky":false,"template":"","format":"standard","meta":{"footnotes":""},"categories":[1],"tags":[137,65,66,39,17,146],"class_list":["post-1069","post","type-post","status-publish","format-standard","hentry","category-tendance-meteo-a-long-terme","tag-137","tag-65","tag-66","tag-decembre-2","tag-meteo","tag-nouvel-an"],"yoast_head":"<!-- This site is optimized with the Yoast SEO plugin v27.4 - https:\/\/yoast.com\/product\/yoast-seo-wordpress\/ -->\n<title>Toute la m\u00e9t\u00e9o du 22 au 31 D\u00e9cembre 2023 R\u00e9veillon Nouvel An<\/title>\n<meta name=\"description\" content=\"Les tendances m\u00e9t\u00e9o pour la p\u00e9riode des f\u00eates de fin d&#039;ann\u00e9e, du 22 au 31 D\u00e9cembre 2023 - temps tr\u00e8s humide ? froid continental ?\" \/>\n<meta name=\"robots\" content=\"index, follow, max-snippet:-1, max-image-preview:large, max-video-preview:-1\" \/>\n<link rel=\"canonical\" href=\"https:\/\/www.meteolafleche.com\/actualite\/2023\/12\/22\/meteo-du-22-au-31-decembre-2023-reveillon-nouvel-an\/\" \/>\n<meta property=\"og:locale\" content=\"fr_FR\" \/>\n<meta property=\"og:type\" content=\"article\" \/>\n<meta property=\"og:title\" content=\"Toute la m\u00e9t\u00e9o du 22 au 31 D\u00e9cembre 2023 R\u00e9veillon Nouvel An\" \/>\n<meta property=\"og:description\" content=\"Les tendances m\u00e9t\u00e9o pour la p\u00e9riode des f\u00eates de fin d&#039;ann\u00e9e, du 22 au 31 D\u00e9cembre 2023 - temps tr\u00e8s humide ? froid continental ?\" \/>\n<meta property=\"og:url\" content=\"https:\/\/www.meteolafleche.com\/actualite\/2023\/12\/22\/meteo-du-22-au-31-decembre-2023-reveillon-nouvel-an\/\" \/>\n<meta property=\"og:site_name\" content=\"M\u00e9t\u00e9olafleche\" \/>\n<meta property=\"article:publisher\" content=\"https:\/\/fr-fr.facebook.com\/Meteolafleche\/\" \/>\n<meta property=\"article:published_time\" content=\"2023-12-22T08:35:00+00:00\" \/>\n<meta property=\"og:image\" content=\"https:\/\/www.meteolafleche.com\/actualite\/wp-content\/uploads\/2023\/12\/231226_meteo_france_noel.png\" \/>\n<meta name=\"author\" content=\"M\u00e9t\u00e9olafl\u00e8che\" \/>\n<meta name=\"twitter:card\" content=\"summary_large_image\" \/>\n<meta name=\"twitter:creator\" content=\"@Meteolafleche\" \/>\n<meta name=\"twitter:site\" content=\"@Meteolafleche\" \/>\n<meta name=\"twitter:label1\" content=\"\u00c9crit par\" \/>\n\t<meta name=\"twitter:data1\" content=\"M\u00e9t\u00e9olafl\u00e8che\" \/>\n\t<meta name=\"twitter:label2\" content=\"Dur\u00e9e de lecture estim\u00e9e\" \/>\n\t<meta name=\"twitter:data2\" content=\"1 minute\" \/>\n<script type=\"application\/ld+json\" class=\"yoast-schema-graph\">{\"@context\":\"https:\\\/\\\/schema.org\",\"@graph\":[{\"@type\":\"Article\",\"@id\":\"https:\\\/\\\/www.meteolafleche.com\\\/actualite\\\/2023\\\/12\\\/22\\\/meteo-du-22-au-31-decembre-2023-reveillon-nouvel-an\\\/#article\",\"isPartOf\":{\"@id\":\"https:\\\/\\\/www.meteolafleche.com\\\/actualite\\\/2023\\\/12\\\/22\\\/meteo-du-22-au-31-decembre-2023-reveillon-nouvel-an\\\/\"},\"author\":{\"name\":\"M\u00e9t\u00e9olafl\u00e8che\",\"@id\":\"https:\\\/\\\/www.meteolafleche.com\\\/actualite\\\/#\\\/schema\\\/person\\\/a3f335c48c6b0b07b3a7ff55abb5e7a5\"},\"headline\":\"M\u00e9t\u00e9o du 22 au 31 D\u00e9cembre 2023 Nouvel An\",\"datePublished\":\"2023-12-22T08:35:00+00:00\",\"mainEntityOfPage\":{\"@id\":\"https:\\\/\\\/www.meteolafleche.com\\\/actualite\\\/2023\\\/12\\\/22\\\/meteo-du-22-au-31-decembre-2023-reveillon-nouvel-an\\\/\"},\"wordCount\":166,\"commentCount\":1,\"image\":{\"@id\":\"https:\\\/\\\/www.meteolafleche.com\\\/actualite\\\/2023\\\/12\\\/22\\\/meteo-du-22-au-31-decembre-2023-reveillon-nouvel-an\\\/#primaryimage\"},\"thumbnailUrl\":\"https:\\\/\\\/www.meteolafleche.com\\\/actualite\\\/wp-content\\\/uploads\\\/2023\\\/12\\\/231226_meteo_france_noel.png\",\"keywords\":[\"2023\",\"22\",\"31\",\"d\u00e9cembre\",\"m\u00e9t\u00e9o\",\"nouvel an\"],\"articleSection\":[\"Tendance m\u00e9t\u00e9o \u00e0 long terme\"],\"inLanguage\":\"fr-FR\",\"potentialAction\":[{\"@type\":\"CommentAction\",\"name\":\"Comment\",\"target\":[\"https:\\\/\\\/www.meteolafleche.com\\\/actualite\\\/2023\\\/12\\\/22\\\/meteo-du-22-au-31-decembre-2023-reveillon-nouvel-an\\\/#respond\"]}]},{\"@type\":\"WebPage\",\"@id\":\"https:\\\/\\\/www.meteolafleche.com\\\/actualite\\\/2023\\\/12\\\/22\\\/meteo-du-22-au-31-decembre-2023-reveillon-nouvel-an\\\/\",\"url\":\"https:\\\/\\\/www.meteolafleche.com\\\/actualite\\\/2023\\\/12\\\/22\\\/meteo-du-22-au-31-decembre-2023-reveillon-nouvel-an\\\/\",\"name\":\"Toute la m\u00e9t\u00e9o du 22 au 31 D\u00e9cembre 2023 R\u00e9veillon Nouvel An\",\"isPartOf\":{\"@id\":\"https:\\\/\\\/www.meteolafleche.com\\\/actualite\\\/#website\"},\"primaryImageOfPage\":{\"@id\":\"https:\\\/\\\/www.meteolafleche.com\\\/actualite\\\/2023\\\/12\\\/22\\\/meteo-du-22-au-31-decembre-2023-reveillon-nouvel-an\\\/#primaryimage\"},\"image\":{\"@id\":\"https:\\\/\\\/www.meteolafleche.com\\\/actualite\\\/2023\\\/12\\\/22\\\/meteo-du-22-au-31-decembre-2023-reveillon-nouvel-an\\\/#primaryimage\"},\"thumbnailUrl\":\"https:\\\/\\\/www.meteolafleche.com\\\/actualite\\\/wp-content\\\/uploads\\\/2023\\\/12\\\/231226_meteo_france_noel.png\",\"datePublished\":\"2023-12-22T08:35:00+00:00\",\"author\":{\"@id\":\"https:\\\/\\\/www.meteolafleche.com\\\/actualite\\\/#\\\/schema\\\/person\\\/a3f335c48c6b0b07b3a7ff55abb5e7a5\"},\"description\":\"Les tendances m\u00e9t\u00e9o pour la p\u00e9riode des f\u00eates de fin d'ann\u00e9e, du 22 au 31 D\u00e9cembre 2023 - temps tr\u00e8s humide ? froid continental ?\",\"breadcrumb\":{\"@id\":\"https:\\\/\\\/www.meteolafleche.com\\\/actualite\\\/2023\\\/12\\\/22\\\/meteo-du-22-au-31-decembre-2023-reveillon-nouvel-an\\\/#breadcrumb\"},\"inLanguage\":\"fr-FR\",\"potentialAction\":[{\"@type\":\"ReadAction\",\"target\":[\"https:\\\/\\\/www.meteolafleche.com\\\/actualite\\\/2023\\\/12\\\/22\\\/meteo-du-22-au-31-decembre-2023-reveillon-nouvel-an\\\/\"]}]},{\"@type\":\"ImageObject\",\"inLanguage\":\"fr-FR\",\"@id\":\"https:\\\/\\\/www.meteolafleche.com\\\/actualite\\\/2023\\\/12\\\/22\\\/meteo-du-22-au-31-decembre-2023-reveillon-nouvel-an\\\/#primaryimage\",\"url\":\"https:\\\/\\\/www.meteolafleche.com\\\/actualite\\\/wp-content\\\/uploads\\\/2023\\\/12\\\/231226_meteo_france_noel.png\",\"contentUrl\":\"https:\\\/\\\/www.meteolafleche.com\\\/actualite\\\/wp-content\\\/uploads\\\/2023\\\/12\\\/231226_meteo_france_noel.png\",\"width\":600,\"height\":502},{\"@type\":\"BreadcrumbList\",\"@id\":\"https:\\\/\\\/www.meteolafleche.com\\\/actualite\\\/2023\\\/12\\\/22\\\/meteo-du-22-au-31-decembre-2023-reveillon-nouvel-an\\\/#breadcrumb\",\"itemListElement\":[{\"@type\":\"ListItem\",\"position\":1,\"name\":\"Accueil\",\"item\":\"https:\\\/\\\/www.meteolafleche.com\\\/actualite\\\/\"},{\"@type\":\"ListItem\",\"position\":2,\"name\":\"M\u00e9t\u00e9o du 22 au 31 D\u00e9cembre 2023 Nouvel An\"}]},{\"@type\":\"WebSite\",\"@id\":\"https:\\\/\\\/www.meteolafleche.com\\\/actualite\\\/#website\",\"url\":\"https:\\\/\\\/www.meteolafleche.com\\\/actualite\\\/\",\"name\":\"M\u00e9t\u00e9olafleche - Blog actualit\u00e9s\",\"description\":\"Actualit\u00e9s m\u00e9t\u00e9o \",\"potentialAction\":[{\"@type\":\"SearchAction\",\"target\":{\"@type\":\"EntryPoint\",\"urlTemplate\":\"https:\\\/\\\/www.meteolafleche.com\\\/actualite\\\/?s={search_term_string}\"},\"query-input\":{\"@type\":\"PropertyValueSpecification\",\"valueRequired\":true,\"valueName\":\"search_term_string\"}}],\"inLanguage\":\"fr-FR\"},{\"@type\":\"Person\",\"@id\":\"https:\\\/\\\/www.meteolafleche.com\\\/actualite\\\/#\\\/schema\\\/person\\\/a3f335c48c6b0b07b3a7ff55abb5e7a5\",\"name\":\"M\u00e9t\u00e9olafl\u00e8che\",\"image\":{\"@type\":\"ImageObject\",\"inLanguage\":\"fr-FR\",\"@id\":\"https:\\\/\\\/secure.gravatar.com\\\/avatar\\\/87018e78a84df868f9910cf7db506cf0e115cd6493382a089a41e0cf87a80762?s=96&d=mm&r=g\",\"url\":\"https:\\\/\\\/secure.gravatar.com\\\/avatar\\\/87018e78a84df868f9910cf7db506cf0e115cd6493382a089a41e0cf87a80762?s=96&d=mm&r=g\",\"contentUrl\":\"https:\\\/\\\/secure.gravatar.com\\\/avatar\\\/87018e78a84df868f9910cf7db506cf0e115cd6493382a089a41e0cf87a80762?s=96&d=mm&r=g\",\"caption\":\"M\u00e9t\u00e9olafl\u00e8che\"},\"sameAs\":[\"http:\\\/\\\/www.meteolafleche.com\\\/actualite\"]}]}<\/script>\n<!-- \/ Yoast SEO plugin. -->","yoast_head_json":{"title":"Toute la m\u00e9t\u00e9o du 22 au 31 D\u00e9cembre 2023 R\u00e9veillon Nouvel An","description":"Les tendances m\u00e9t\u00e9o pour la p\u00e9riode des f\u00eates de fin d'ann\u00e9e, du 22 au 31 D\u00e9cembre 2023 - temps tr\u00e8s humide ? froid continental ?","robots":{"index":"index","follow":"follow","max-snippet":"max-snippet:-1","max-image-preview":"max-image-preview:large","max-video-preview":"max-video-preview:-1"},"canonical":"https:\/\/www.meteolafleche.com\/actualite\/2023\/12\/22\/meteo-du-22-au-31-decembre-2023-reveillon-nouvel-an\/","og_locale":"fr_FR","og_type":"article","og_title":"Toute la m\u00e9t\u00e9o du 22 au 31 D\u00e9cembre 2023 R\u00e9veillon Nouvel An","og_description":"Les tendances m\u00e9t\u00e9o pour la p\u00e9riode des f\u00eates de fin d'ann\u00e9e, du 22 au 31 D\u00e9cembre 2023 - temps tr\u00e8s humide ? froid continental ?","og_url":"https:\/\/www.meteolafleche.com\/actualite\/2023\/12\/22\/meteo-du-22-au-31-decembre-2023-reveillon-nouvel-an\/","og_site_name":"M\u00e9t\u00e9olafleche","article_publisher":"https:\/\/fr-fr.facebook.com\/Meteolafleche\/","article_published_time":"2023-12-22T08:35:00+00:00","og_image":[{"url":"https:\/\/www.meteolafleche.com\/actualite\/wp-content\/uploads\/2023\/12\/231226_meteo_france_noel.png","type":"","width":"","height":""}],"author":"M\u00e9t\u00e9olafl\u00e8che","twitter_card":"summary_large_image","twitter_creator":"@Meteolafleche","twitter_site":"@Meteolafleche","twitter_misc":{"\u00c9crit par":"M\u00e9t\u00e9olafl\u00e8che","Dur\u00e9e de lecture estim\u00e9e":"1 minute"},"schema":{"@context":"https:\/\/schema.org","@graph":[{"@type":"Article","@id":"https:\/\/www.meteolafleche.com\/actualite\/2023\/12\/22\/meteo-du-22-au-31-decembre-2023-reveillon-nouvel-an\/#article","isPartOf":{"@id":"https:\/\/www.meteolafleche.com\/actualite\/2023\/12\/22\/meteo-du-22-au-31-decembre-2023-reveillon-nouvel-an\/"},"author":{"name":"M\u00e9t\u00e9olafl\u00e8che","@id":"https:\/\/www.meteolafleche.com\/actualite\/#\/schema\/person\/a3f335c48c6b0b07b3a7ff55abb5e7a5"},"headline":"M\u00e9t\u00e9o du 22 au 31 D\u00e9cembre 2023 Nouvel An","datePublished":"2023-12-22T08:35:00+00:00","mainEntityOfPage":{"@id":"https:\/\/www.meteolafleche.com\/actualite\/2023\/12\/22\/meteo-du-22-au-31-decembre-2023-reveillon-nouvel-an\/"},"wordCount":166,"commentCount":1,"image":{"@id":"https:\/\/www.meteolafleche.com\/actualite\/2023\/12\/22\/meteo-du-22-au-31-decembre-2023-reveillon-nouvel-an\/#primaryimage"},"thumbnailUrl":"https:\/\/www.meteolafleche.com\/actualite\/wp-content\/uploads\/2023\/12\/231226_meteo_france_noel.png","keywords":["2023","22","31","d\u00e9cembre","m\u00e9t\u00e9o","nouvel an"],"articleSection":["Tendance m\u00e9t\u00e9o \u00e0 long terme"],"inLanguage":"fr-FR","potentialAction":[{"@type":"CommentAction","name":"Comment","target":["https:\/\/www.meteolafleche.com\/actualite\/2023\/12\/22\/meteo-du-22-au-31-decembre-2023-reveillon-nouvel-an\/#respond"]}]},{"@type":"WebPage","@id":"https:\/\/www.meteolafleche.com\/actualite\/2023\/12\/22\/meteo-du-22-au-31-decembre-2023-reveillon-nouvel-an\/","url":"https:\/\/www.meteolafleche.com\/actualite\/2023\/12\/22\/meteo-du-22-au-31-decembre-2023-reveillon-nouvel-an\/","name":"Toute la m\u00e9t\u00e9o du 22 au 31 D\u00e9cembre 2023 R\u00e9veillon Nouvel An","isPartOf":{"@id":"https:\/\/www.meteolafleche.com\/actualite\/#website"},"primaryImageOfPage":{"@id":"https:\/\/www.meteolafleche.com\/actualite\/2023\/12\/22\/meteo-du-22-au-31-decembre-2023-reveillon-nouvel-an\/#primaryimage"},"image":{"@id":"https:\/\/www.meteolafleche.com\/actualite\/2023\/12\/22\/meteo-du-22-au-31-decembre-2023-reveillon-nouvel-an\/#primaryimage"},"thumbnailUrl":"https:\/\/www.meteolafleche.com\/actualite\/wp-content\/uploads\/2023\/12\/231226_meteo_france_noel.png","datePublished":"2023-12-22T08:35:00+00:00","author":{"@id":"https:\/\/www.meteolafleche.com\/actualite\/#\/schema\/person\/a3f335c48c6b0b07b3a7ff55abb5e7a5"},"description":"Les tendances m\u00e9t\u00e9o pour la p\u00e9riode des f\u00eates de fin d'ann\u00e9e, du 22 au 31 D\u00e9cembre 2023 - temps tr\u00e8s humide ? froid continental ?","breadcrumb":{"@id":"https:\/\/www.meteolafleche.com\/actualite\/2023\/12\/22\/meteo-du-22-au-31-decembre-2023-reveillon-nouvel-an\/#breadcrumb"},"inLanguage":"fr-FR","potentialAction":[{"@type":"ReadAction","target":["https:\/\/www.meteolafleche.com\/actualite\/2023\/12\/22\/meteo-du-22-au-31-decembre-2023-reveillon-nouvel-an\/"]}]},{"@type":"ImageObject","inLanguage":"fr-FR","@id":"https:\/\/www.meteolafleche.com\/actualite\/2023\/12\/22\/meteo-du-22-au-31-decembre-2023-reveillon-nouvel-an\/#primaryimage","url":"https:\/\/www.meteolafleche.com\/actualite\/wp-content\/uploads\/2023\/12\/231226_meteo_france_noel.png","contentUrl":"https:\/\/www.meteolafleche.com\/actualite\/wp-content\/uploads\/2023\/12\/231226_meteo_france_noel.png","width":600,"height":502},{"@type":"BreadcrumbList","@id":"https:\/\/www.meteolafleche.com\/actualite\/2023\/12\/22\/meteo-du-22-au-31-decembre-2023-reveillon-nouvel-an\/#breadcrumb","itemListElement":[{"@type":"ListItem","position":1,"name":"Accueil","item":"https:\/\/www.meteolafleche.com\/actualite\/"},{"@type":"ListItem","position":2,"name":"M\u00e9t\u00e9o du 22 au 31 D\u00e9cembre 2023 Nouvel An"}]},{"@type":"WebSite","@id":"https:\/\/www.meteolafleche.com\/actualite\/#website","url":"https:\/\/www.meteolafleche.com\/actualite\/","name":"M\u00e9t\u00e9olafleche - Blog actualit\u00e9s","description":"Actualit\u00e9s m\u00e9t\u00e9o ","potentialAction":[{"@type":"SearchAction","target":{"@type":"EntryPoint","urlTemplate":"https:\/\/www.meteolafleche.com\/actualite\/?s={search_term_string}"},"query-input":{"@type":"PropertyValueSpecification","valueRequired":true,"valueName":"search_term_string"}}],"inLanguage":"fr-FR"},{"@type":"Person","@id":"https:\/\/www.meteolafleche.com\/actualite\/#\/schema\/person\/a3f335c48c6b0b07b3a7ff55abb5e7a5","name":"M\u00e9t\u00e9olafl\u00e8che","image":{"@type":"ImageObject","inLanguage":"fr-FR","@id":"https:\/\/secure.gravatar.com\/avatar\/87018e78a84df868f9910cf7db506cf0e115cd6493382a089a41e0cf87a80762?s=96&d=mm&r=g","url":"https:\/\/secure.gravatar.com\/avatar\/87018e78a84df868f9910cf7db506cf0e115cd6493382a089a41e0cf87a80762?s=96&d=mm&r=g","contentUrl":"https:\/\/secure.gravatar.com\/avatar\/87018e78a84df868f9910cf7db506cf0e115cd6493382a089a41e0cf87a80762?s=96&d=mm&r=g","caption":"M\u00e9t\u00e9olafl\u00e8che"},"sameAs":["http:\/\/www.meteolafleche.com\/actualite"]}]}},"_links":{"self":[{"href":"https:\/\/www.meteolafleche.com\/actualite\/wp-json\/wp\/v2\/posts\/1069","targetHints":{"allow":["GET"]}}],"collection":[{"href":"https:\/\/www.meteolafleche.com\/actualite\/wp-json\/wp\/v2\/posts"}],"about":[{"href":"https:\/\/www.meteolafleche.com\/actualite\/wp-json\/wp\/v2\/types\/post"}],"author":[{"embeddable":true,"href":"https:\/\/www.meteolafleche.com\/actualite\/wp-json\/wp\/v2\/users\/1"}],"replies":[{"embeddable":true,"href":"https:\/\/www.meteolafleche.com\/actualite\/wp-json\/wp\/v2\/comments?post=1069"}],"version-history":[{"count":1,"href":"https:\/\/www.meteolafleche.com\/actualite\/wp-json\/wp\/v2\/posts\/1069\/revisions"}],"predecessor-version":[{"id":1072,"href":"https:\/\/www.meteolafleche.com\/actualite\/wp-json\/wp\/v2\/posts\/1069\/revisions\/1072"}],"wp:attachment":[{"href":"https:\/\/www.meteolafleche.com\/actualite\/wp-json\/wp\/v2\/media?parent=1069"}],"wp:term":[{"taxonomy":"category","embeddable":true,"href":"https:\/\/www.meteolafleche.com\/actualite\/wp-json\/wp\/v2\/categories?post=1069"},{"taxonomy":"post_tag","embeddable":true,"href":"https:\/\/www.meteolafleche.com\/actualite\/wp-json\/wp\/v2\/tags?post=1069"}],"curies":[{"name":"wp","href":"https:\/\/api.w.org\/{rel}","templated":true}]}}