{"id":1060,"date":"2023-12-08T10:37:00","date_gmt":"2023-12-08T09:37:00","guid":{"rendered":"https:\/\/www.meteolafleche.com\/actualite\/?p=1060"},"modified":"2023-12-05T08:51:02","modified_gmt":"2023-12-05T07:51:02","slug":"meteo-du-8-au-17-decembre-2023-humide","status":"publish","type":"post","link":"https:\/\/www.meteolafleche.com\/actualite\/2023\/12\/08\/meteo-du-8-au-17-decembre-2023-humide\/","title":{"rendered":"M\u00e9t\u00e9o du 8 au 17 D\u00e9cembre 2023 humide"},"content":{"rendered":"<div id=\"meteo-3336911008\" class=\"meteo-avant-contenu meteo-entity-placement\"><script async src=\"\/\/pagead2.googlesyndication.com\/pagead\/js\/adsbygoogle.js?client=ca-pub-0501790310760996\" crossorigin=\"anonymous\"><\/script><ins class=\"adsbygoogle\" style=\"display:block;\" data-ad-client=\"ca-pub-0501790310760996\" \ndata-ad-slot=\"9802369648\" \ndata-ad-format=\"auto\"><\/ins>\n<script> \n(adsbygoogle = window.adsbygoogle || []).push({}); \n<\/script>\n<\/div>\n<p>Dame Nature serait finalement davantage dans l&rsquo;humidit\u00e9 contrastant avec la pr\u00e9c\u00e9dente pr\u00e9vision <a href=\"https:\/\/www.meteolafleche.com\/actualite\/2023\/12\/01\/meteo-du-1er-au-10-decembre-2023-froid\/\">https:\/\/www.meteolafleche.com\/actualite\/2023\/12\/01\/meteo-du-1er-au-10-decembre-2023-froid\/<\/a><\/p>\n\n\n\n<figure class=\"wp-block-image size-full is-resized\"><img loading=\"lazy\" decoding=\"async\" width=\"600\" height=\"502\" src=\"https:\/\/www.meteolafleche.com\/actualite\/wp-content\/uploads\/2023\/12\/231212_meteo_france.png\" alt=\"M\u00e9t\u00e9o 12 D\u00e9cembre 2023 France\" class=\"wp-image-1061\" style=\"width:655px;height:auto\" srcset=\"https:\/\/www.meteolafleche.com\/actualite\/wp-content\/uploads\/2023\/12\/231212_meteo_france.png 600w, https:\/\/www.meteolafleche.com\/actualite\/wp-content\/uploads\/2023\/12\/231212_meteo_france-300x251.png 300w\" sizes=\"auto, (max-width: 600px) 100vw, 600px\" \/><\/figure>\n\n\n\n<p>Une nouvelle cyclog\u00e9n\u00e8se intense prendrait forme sur les iles britanniques.<\/p>\n\n\n\n<p>Une d\u00e9pression pourrait donner un nouveau et fort coup de vent principalement sur les c\u00f4tes de la Manche.<\/p>\n\n\n\n<figure class=\"wp-block-image size-full\"><img loading=\"lazy\" decoding=\"async\" width=\"600\" height=\"502\" src=\"https:\/\/www.meteolafleche.com\/actualite\/wp-content\/uploads\/2023\/12\/231217_meteo_france.png\" alt=\"M\u00e9t\u00e9o 17 D\u00e9cembre 2023 France\" class=\"wp-image-1062\" srcset=\"https:\/\/www.meteolafleche.com\/actualite\/wp-content\/uploads\/2023\/12\/231217_meteo_france.png 600w, https:\/\/www.meteolafleche.com\/actualite\/wp-content\/uploads\/2023\/12\/231217_meteo_france-300x251.png 300w\" sizes=\"auto, (max-width: 600px) 100vw, 600px\" \/><\/figure>\n\n\n\n<p>On ne serait pas en train de retrouver le zonal (flux oc\u00e9anique intense ?) si courant dans les ann\u00e9es 90 ?<\/p>\n\n\n\n<p>La mod\u00e9lisation irait dans ce sens m\u00eame si une pouss\u00e9e subtropicale ne serait pas \u00e0 exclure.<\/p>\n\n\n\n<p>En attendant, il faudrait surveiller les accumulations d&rsquo;eau.<\/p>\n\n\n\n<p>De plus, pour la neige, ce ne serait pas le cas cette ann\u00e9e contrairement \u00e0 l&rsquo;ann\u00e9e derni\u00e8re <a href=\"https:\/\/www.youtube.com\/watch?v=Bu2-Obd62i0\">https:\/\/www.youtube.com\/watch?v=Bu2-Obd62i0<\/a><\/p>\n<div id=\"meteo-3609507619\" class=\"meteo-apres-le-contenu meteo-entity-placement\"><script async src=\"\/\/pagead2.googlesyndication.com\/pagead\/js\/adsbygoogle.js?client=ca-pub-0501790310760996\" crossorigin=\"anonymous\"><\/script><ins class=\"adsbygoogle\" style=\"display:block;\" data-ad-client=\"ca-pub-0501790310760996\" \ndata-ad-slot=\"7540452242\" \ndata-ad-format=\"auto\"><\/ins>\n<script> \n(adsbygoogle = window.adsbygoogle || []).push({}); \n<\/script>\n<\/div>","protected":false},"excerpt":{"rendered":"<p>Dame Nature serait finalement davantage dans l&rsquo;humidit\u00e9 contrastant avec la pr\u00e9c\u00e9dente pr\u00e9vision https:\/\/www.meteolafleche.com\/actualite\/2023\/12\/01\/meteo-du-1er-au-10-decembre-2023-froid\/ Une nouvelle cyclog\u00e9n\u00e8se intense prendrait forme sur les iles britanniques. Une d\u00e9pression pourrait donner un nouveau et fort coup de vent principalement sur les c\u00f4tes de la Manche. On ne serait pas en train de retrouver le zonal (flux oc\u00e9anique intense ?) [&hellip;]<\/p>\n","protected":false},"author":1,"featured_media":0,"comment_status":"open","ping_status":"open","sticky":false,"template":"","format":"standard","meta":{"footnotes":""},"categories":[1],"tags":[117,137,105,39,90,17,16],"class_list":["post-1060","post","type-post","status-publish","format-standard","hentry","category-tendance-meteo-a-long-terme","tag-117","tag-137","tag-105","tag-decembre-2","tag-humide","tag-meteo","tag-previsions"],"yoast_head":"<!-- This site is optimized with the Yoast SEO plugin v27.4 - https:\/\/yoast.com\/product\/yoast-seo-wordpress\/ -->\n<title>Toute la m\u00e9t\u00e9o du 8 au 17 D\u00e9cembre 2023 humide et douce<\/title>\n<meta name=\"description\" content=\"Le temps pour la p\u00e9riode du 8 au 17 D\u00e9cembre 2023 orient\u00e9 vers l&#039;humidit\u00e9 et la douceur ? plus anticyclonique et froid finalement ?\" \/>\n<meta name=\"robots\" content=\"index, follow, max-snippet:-1, max-image-preview:large, max-video-preview:-1\" \/>\n<link rel=\"canonical\" href=\"https:\/\/www.meteolafleche.com\/actualite\/2023\/12\/08\/meteo-du-8-au-17-decembre-2023-humide\/\" \/>\n<meta property=\"og:locale\" content=\"fr_FR\" \/>\n<meta property=\"og:type\" content=\"article\" \/>\n<meta property=\"og:title\" content=\"Toute la m\u00e9t\u00e9o du 8 au 17 D\u00e9cembre 2023 humide et douce\" \/>\n<meta property=\"og:description\" content=\"Le temps pour la p\u00e9riode du 8 au 17 D\u00e9cembre 2023 orient\u00e9 vers l&#039;humidit\u00e9 et la douceur ? plus anticyclonique et froid finalement ?\" \/>\n<meta property=\"og:url\" content=\"https:\/\/www.meteolafleche.com\/actualite\/2023\/12\/08\/meteo-du-8-au-17-decembre-2023-humide\/\" \/>\n<meta property=\"og:site_name\" content=\"M\u00e9t\u00e9olafleche\" \/>\n<meta property=\"article:publisher\" content=\"https:\/\/fr-fr.facebook.com\/Meteolafleche\/\" \/>\n<meta property=\"article:published_time\" content=\"2023-12-08T09:37:00+00:00\" \/>\n<meta property=\"og:image\" content=\"https:\/\/www.meteolafleche.com\/actualite\/wp-content\/uploads\/2023\/12\/231212_meteo_france.png\" \/>\n<meta name=\"author\" content=\"M\u00e9t\u00e9olafl\u00e8che\" \/>\n<meta name=\"twitter:card\" content=\"summary_large_image\" \/>\n<meta name=\"twitter:creator\" content=\"@Meteolafleche\" \/>\n<meta name=\"twitter:site\" content=\"@Meteolafleche\" \/>\n<meta name=\"twitter:label1\" content=\"\u00c9crit par\" \/>\n\t<meta name=\"twitter:data1\" content=\"M\u00e9t\u00e9olafl\u00e8che\" \/>\n\t<meta name=\"twitter:label2\" content=\"Dur\u00e9e de lecture estim\u00e9e\" \/>\n\t<meta name=\"twitter:data2\" content=\"1 minute\" \/>\n<script type=\"application\/ld+json\" class=\"yoast-schema-graph\">{\"@context\":\"https:\\\/\\\/schema.org\",\"@graph\":[{\"@type\":\"Article\",\"@id\":\"https:\\\/\\\/www.meteolafleche.com\\\/actualite\\\/2023\\\/12\\\/08\\\/meteo-du-8-au-17-decembre-2023-humide\\\/#article\",\"isPartOf\":{\"@id\":\"https:\\\/\\\/www.meteolafleche.com\\\/actualite\\\/2023\\\/12\\\/08\\\/meteo-du-8-au-17-decembre-2023-humide\\\/\"},\"author\":{\"name\":\"M\u00e9t\u00e9olafl\u00e8che\",\"@id\":\"https:\\\/\\\/www.meteolafleche.com\\\/actualite\\\/#\\\/schema\\\/person\\\/a3f335c48c6b0b07b3a7ff55abb5e7a5\"},\"headline\":\"M\u00e9t\u00e9o du 8 au 17 D\u00e9cembre 2023 humide\",\"datePublished\":\"2023-12-08T09:37:00+00:00\",\"mainEntityOfPage\":{\"@id\":\"https:\\\/\\\/www.meteolafleche.com\\\/actualite\\\/2023\\\/12\\\/08\\\/meteo-du-8-au-17-decembre-2023-humide\\\/\"},\"wordCount\":138,\"commentCount\":1,\"image\":{\"@id\":\"https:\\\/\\\/www.meteolafleche.com\\\/actualite\\\/2023\\\/12\\\/08\\\/meteo-du-8-au-17-decembre-2023-humide\\\/#primaryimage\"},\"thumbnailUrl\":\"https:\\\/\\\/www.meteolafleche.com\\\/actualite\\\/wp-content\\\/uploads\\\/2023\\\/12\\\/231212_meteo_france.png\",\"keywords\":[\"17\",\"2023\",\"8\",\"d\u00e9cembre\",\"humide\",\"m\u00e9t\u00e9o\",\"Pr\u00e9visions\"],\"articleSection\":[\"Tendance m\u00e9t\u00e9o \u00e0 long terme\"],\"inLanguage\":\"fr-FR\",\"potentialAction\":[{\"@type\":\"CommentAction\",\"name\":\"Comment\",\"target\":[\"https:\\\/\\\/www.meteolafleche.com\\\/actualite\\\/2023\\\/12\\\/08\\\/meteo-du-8-au-17-decembre-2023-humide\\\/#respond\"]}]},{\"@type\":\"WebPage\",\"@id\":\"https:\\\/\\\/www.meteolafleche.com\\\/actualite\\\/2023\\\/12\\\/08\\\/meteo-du-8-au-17-decembre-2023-humide\\\/\",\"url\":\"https:\\\/\\\/www.meteolafleche.com\\\/actualite\\\/2023\\\/12\\\/08\\\/meteo-du-8-au-17-decembre-2023-humide\\\/\",\"name\":\"Toute la m\u00e9t\u00e9o du 8 au 17 D\u00e9cembre 2023 humide et douce\",\"isPartOf\":{\"@id\":\"https:\\\/\\\/www.meteolafleche.com\\\/actualite\\\/#website\"},\"primaryImageOfPage\":{\"@id\":\"https:\\\/\\\/www.meteolafleche.com\\\/actualite\\\/2023\\\/12\\\/08\\\/meteo-du-8-au-17-decembre-2023-humide\\\/#primaryimage\"},\"image\":{\"@id\":\"https:\\\/\\\/www.meteolafleche.com\\\/actualite\\\/2023\\\/12\\\/08\\\/meteo-du-8-au-17-decembre-2023-humide\\\/#primaryimage\"},\"thumbnailUrl\":\"https:\\\/\\\/www.meteolafleche.com\\\/actualite\\\/wp-content\\\/uploads\\\/2023\\\/12\\\/231212_meteo_france.png\",\"datePublished\":\"2023-12-08T09:37:00+00:00\",\"author\":{\"@id\":\"https:\\\/\\\/www.meteolafleche.com\\\/actualite\\\/#\\\/schema\\\/person\\\/a3f335c48c6b0b07b3a7ff55abb5e7a5\"},\"description\":\"Le temps pour la p\u00e9riode du 8 au 17 D\u00e9cembre 2023 orient\u00e9 vers l'humidit\u00e9 et la douceur ? plus anticyclonique et froid finalement ?\",\"breadcrumb\":{\"@id\":\"https:\\\/\\\/www.meteolafleche.com\\\/actualite\\\/2023\\\/12\\\/08\\\/meteo-du-8-au-17-decembre-2023-humide\\\/#breadcrumb\"},\"inLanguage\":\"fr-FR\",\"potentialAction\":[{\"@type\":\"ReadAction\",\"target\":[\"https:\\\/\\\/www.meteolafleche.com\\\/actualite\\\/2023\\\/12\\\/08\\\/meteo-du-8-au-17-decembre-2023-humide\\\/\"]}]},{\"@type\":\"ImageObject\",\"inLanguage\":\"fr-FR\",\"@id\":\"https:\\\/\\\/www.meteolafleche.com\\\/actualite\\\/2023\\\/12\\\/08\\\/meteo-du-8-au-17-decembre-2023-humide\\\/#primaryimage\",\"url\":\"https:\\\/\\\/www.meteolafleche.com\\\/actualite\\\/wp-content\\\/uploads\\\/2023\\\/12\\\/231212_meteo_france.png\",\"contentUrl\":\"https:\\\/\\\/www.meteolafleche.com\\\/actualite\\\/wp-content\\\/uploads\\\/2023\\\/12\\\/231212_meteo_france.png\",\"width\":600,\"height\":502},{\"@type\":\"BreadcrumbList\",\"@id\":\"https:\\\/\\\/www.meteolafleche.com\\\/actualite\\\/2023\\\/12\\\/08\\\/meteo-du-8-au-17-decembre-2023-humide\\\/#breadcrumb\",\"itemListElement\":[{\"@type\":\"ListItem\",\"position\":1,\"name\":\"Accueil\",\"item\":\"https:\\\/\\\/www.meteolafleche.com\\\/actualite\\\/\"},{\"@type\":\"ListItem\",\"position\":2,\"name\":\"M\u00e9t\u00e9o du 8 au 17 D\u00e9cembre 2023 humide\"}]},{\"@type\":\"WebSite\",\"@id\":\"https:\\\/\\\/www.meteolafleche.com\\\/actualite\\\/#website\",\"url\":\"https:\\\/\\\/www.meteolafleche.com\\\/actualite\\\/\",\"name\":\"M\u00e9t\u00e9olafleche - Blog actualit\u00e9s\",\"description\":\"Actualit\u00e9s m\u00e9t\u00e9o \",\"potentialAction\":[{\"@type\":\"SearchAction\",\"target\":{\"@type\":\"EntryPoint\",\"urlTemplate\":\"https:\\\/\\\/www.meteolafleche.com\\\/actualite\\\/?s={search_term_string}\"},\"query-input\":{\"@type\":\"PropertyValueSpecification\",\"valueRequired\":true,\"valueName\":\"search_term_string\"}}],\"inLanguage\":\"fr-FR\"},{\"@type\":\"Person\",\"@id\":\"https:\\\/\\\/www.meteolafleche.com\\\/actualite\\\/#\\\/schema\\\/person\\\/a3f335c48c6b0b07b3a7ff55abb5e7a5\",\"name\":\"M\u00e9t\u00e9olafl\u00e8che\",\"image\":{\"@type\":\"ImageObject\",\"inLanguage\":\"fr-FR\",\"@id\":\"https:\\\/\\\/secure.gravatar.com\\\/avatar\\\/87018e78a84df868f9910cf7db506cf0e115cd6493382a089a41e0cf87a80762?s=96&d=mm&r=g\",\"url\":\"https:\\\/\\\/secure.gravatar.com\\\/avatar\\\/87018e78a84df868f9910cf7db506cf0e115cd6493382a089a41e0cf87a80762?s=96&d=mm&r=g\",\"contentUrl\":\"https:\\\/\\\/secure.gravatar.com\\\/avatar\\\/87018e78a84df868f9910cf7db506cf0e115cd6493382a089a41e0cf87a80762?s=96&d=mm&r=g\",\"caption\":\"M\u00e9t\u00e9olafl\u00e8che\"},\"sameAs\":[\"http:\\\/\\\/www.meteolafleche.com\\\/actualite\"]}]}<\/script>\n<!-- \/ Yoast SEO plugin. -->","yoast_head_json":{"title":"Toute la m\u00e9t\u00e9o du 8 au 17 D\u00e9cembre 2023 humide et douce","description":"Le temps pour la p\u00e9riode du 8 au 17 D\u00e9cembre 2023 orient\u00e9 vers l'humidit\u00e9 et la douceur ? plus anticyclonique et froid finalement ?","robots":{"index":"index","follow":"follow","max-snippet":"max-snippet:-1","max-image-preview":"max-image-preview:large","max-video-preview":"max-video-preview:-1"},"canonical":"https:\/\/www.meteolafleche.com\/actualite\/2023\/12\/08\/meteo-du-8-au-17-decembre-2023-humide\/","og_locale":"fr_FR","og_type":"article","og_title":"Toute la m\u00e9t\u00e9o du 8 au 17 D\u00e9cembre 2023 humide et douce","og_description":"Le temps pour la p\u00e9riode du 8 au 17 D\u00e9cembre 2023 orient\u00e9 vers l'humidit\u00e9 et la douceur ? plus anticyclonique et froid finalement ?","og_url":"https:\/\/www.meteolafleche.com\/actualite\/2023\/12\/08\/meteo-du-8-au-17-decembre-2023-humide\/","og_site_name":"M\u00e9t\u00e9olafleche","article_publisher":"https:\/\/fr-fr.facebook.com\/Meteolafleche\/","article_published_time":"2023-12-08T09:37:00+00:00","og_image":[{"url":"https:\/\/www.meteolafleche.com\/actualite\/wp-content\/uploads\/2023\/12\/231212_meteo_france.png","type":"","width":"","height":""}],"author":"M\u00e9t\u00e9olafl\u00e8che","twitter_card":"summary_large_image","twitter_creator":"@Meteolafleche","twitter_site":"@Meteolafleche","twitter_misc":{"\u00c9crit par":"M\u00e9t\u00e9olafl\u00e8che","Dur\u00e9e de lecture estim\u00e9e":"1 minute"},"schema":{"@context":"https:\/\/schema.org","@graph":[{"@type":"Article","@id":"https:\/\/www.meteolafleche.com\/actualite\/2023\/12\/08\/meteo-du-8-au-17-decembre-2023-humide\/#article","isPartOf":{"@id":"https:\/\/www.meteolafleche.com\/actualite\/2023\/12\/08\/meteo-du-8-au-17-decembre-2023-humide\/"},"author":{"name":"M\u00e9t\u00e9olafl\u00e8che","@id":"https:\/\/www.meteolafleche.com\/actualite\/#\/schema\/person\/a3f335c48c6b0b07b3a7ff55abb5e7a5"},"headline":"M\u00e9t\u00e9o du 8 au 17 D\u00e9cembre 2023 humide","datePublished":"2023-12-08T09:37:00+00:00","mainEntityOfPage":{"@id":"https:\/\/www.meteolafleche.com\/actualite\/2023\/12\/08\/meteo-du-8-au-17-decembre-2023-humide\/"},"wordCount":138,"commentCount":1,"image":{"@id":"https:\/\/www.meteolafleche.com\/actualite\/2023\/12\/08\/meteo-du-8-au-17-decembre-2023-humide\/#primaryimage"},"thumbnailUrl":"https:\/\/www.meteolafleche.com\/actualite\/wp-content\/uploads\/2023\/12\/231212_meteo_france.png","keywords":["17","2023","8","d\u00e9cembre","humide","m\u00e9t\u00e9o","Pr\u00e9visions"],"articleSection":["Tendance m\u00e9t\u00e9o \u00e0 long terme"],"inLanguage":"fr-FR","potentialAction":[{"@type":"CommentAction","name":"Comment","target":["https:\/\/www.meteolafleche.com\/actualite\/2023\/12\/08\/meteo-du-8-au-17-decembre-2023-humide\/#respond"]}]},{"@type":"WebPage","@id":"https:\/\/www.meteolafleche.com\/actualite\/2023\/12\/08\/meteo-du-8-au-17-decembre-2023-humide\/","url":"https:\/\/www.meteolafleche.com\/actualite\/2023\/12\/08\/meteo-du-8-au-17-decembre-2023-humide\/","name":"Toute la m\u00e9t\u00e9o du 8 au 17 D\u00e9cembre 2023 humide et douce","isPartOf":{"@id":"https:\/\/www.meteolafleche.com\/actualite\/#website"},"primaryImageOfPage":{"@id":"https:\/\/www.meteolafleche.com\/actualite\/2023\/12\/08\/meteo-du-8-au-17-decembre-2023-humide\/#primaryimage"},"image":{"@id":"https:\/\/www.meteolafleche.com\/actualite\/2023\/12\/08\/meteo-du-8-au-17-decembre-2023-humide\/#primaryimage"},"thumbnailUrl":"https:\/\/www.meteolafleche.com\/actualite\/wp-content\/uploads\/2023\/12\/231212_meteo_france.png","datePublished":"2023-12-08T09:37:00+00:00","author":{"@id":"https:\/\/www.meteolafleche.com\/actualite\/#\/schema\/person\/a3f335c48c6b0b07b3a7ff55abb5e7a5"},"description":"Le temps pour la p\u00e9riode du 8 au 17 D\u00e9cembre 2023 orient\u00e9 vers l'humidit\u00e9 et la douceur ? plus anticyclonique et froid finalement ?","breadcrumb":{"@id":"https:\/\/www.meteolafleche.com\/actualite\/2023\/12\/08\/meteo-du-8-au-17-decembre-2023-humide\/#breadcrumb"},"inLanguage":"fr-FR","potentialAction":[{"@type":"ReadAction","target":["https:\/\/www.meteolafleche.com\/actualite\/2023\/12\/08\/meteo-du-8-au-17-decembre-2023-humide\/"]}]},{"@type":"ImageObject","inLanguage":"fr-FR","@id":"https:\/\/www.meteolafleche.com\/actualite\/2023\/12\/08\/meteo-du-8-au-17-decembre-2023-humide\/#primaryimage","url":"https:\/\/www.meteolafleche.com\/actualite\/wp-content\/uploads\/2023\/12\/231212_meteo_france.png","contentUrl":"https:\/\/www.meteolafleche.com\/actualite\/wp-content\/uploads\/2023\/12\/231212_meteo_france.png","width":600,"height":502},{"@type":"BreadcrumbList","@id":"https:\/\/www.meteolafleche.com\/actualite\/2023\/12\/08\/meteo-du-8-au-17-decembre-2023-humide\/#breadcrumb","itemListElement":[{"@type":"ListItem","position":1,"name":"Accueil","item":"https:\/\/www.meteolafleche.com\/actualite\/"},{"@type":"ListItem","position":2,"name":"M\u00e9t\u00e9o du 8 au 17 D\u00e9cembre 2023 humide"}]},{"@type":"WebSite","@id":"https:\/\/www.meteolafleche.com\/actualite\/#website","url":"https:\/\/www.meteolafleche.com\/actualite\/","name":"M\u00e9t\u00e9olafleche - Blog actualit\u00e9s","description":"Actualit\u00e9s m\u00e9t\u00e9o ","potentialAction":[{"@type":"SearchAction","target":{"@type":"EntryPoint","urlTemplate":"https:\/\/www.meteolafleche.com\/actualite\/?s={search_term_string}"},"query-input":{"@type":"PropertyValueSpecification","valueRequired":true,"valueName":"search_term_string"}}],"inLanguage":"fr-FR"},{"@type":"Person","@id":"https:\/\/www.meteolafleche.com\/actualite\/#\/schema\/person\/a3f335c48c6b0b07b3a7ff55abb5e7a5","name":"M\u00e9t\u00e9olafl\u00e8che","image":{"@type":"ImageObject","inLanguage":"fr-FR","@id":"https:\/\/secure.gravatar.com\/avatar\/87018e78a84df868f9910cf7db506cf0e115cd6493382a089a41e0cf87a80762?s=96&d=mm&r=g","url":"https:\/\/secure.gravatar.com\/avatar\/87018e78a84df868f9910cf7db506cf0e115cd6493382a089a41e0cf87a80762?s=96&d=mm&r=g","contentUrl":"https:\/\/secure.gravatar.com\/avatar\/87018e78a84df868f9910cf7db506cf0e115cd6493382a089a41e0cf87a80762?s=96&d=mm&r=g","caption":"M\u00e9t\u00e9olafl\u00e8che"},"sameAs":["http:\/\/www.meteolafleche.com\/actualite"]}]}},"_links":{"self":[{"href":"https:\/\/www.meteolafleche.com\/actualite\/wp-json\/wp\/v2\/posts\/1060","targetHints":{"allow":["GET"]}}],"collection":[{"href":"https:\/\/www.meteolafleche.com\/actualite\/wp-json\/wp\/v2\/posts"}],"about":[{"href":"https:\/\/www.meteolafleche.com\/actualite\/wp-json\/wp\/v2\/types\/post"}],"author":[{"embeddable":true,"href":"https:\/\/www.meteolafleche.com\/actualite\/wp-json\/wp\/v2\/users\/1"}],"replies":[{"embeddable":true,"href":"https:\/\/www.meteolafleche.com\/actualite\/wp-json\/wp\/v2\/comments?post=1060"}],"version-history":[{"count":1,"href":"https:\/\/www.meteolafleche.com\/actualite\/wp-json\/wp\/v2\/posts\/1060\/revisions"}],"predecessor-version":[{"id":1063,"href":"https:\/\/www.meteolafleche.com\/actualite\/wp-json\/wp\/v2\/posts\/1060\/revisions\/1063"}],"wp:attachment":[{"href":"https:\/\/www.meteolafleche.com\/actualite\/wp-json\/wp\/v2\/media?parent=1060"}],"wp:term":[{"taxonomy":"category","embeddable":true,"href":"https:\/\/www.meteolafleche.com\/actualite\/wp-json\/wp\/v2\/categories?post=1060"},{"taxonomy":"post_tag","embeddable":true,"href":"https:\/\/www.meteolafleche.com\/actualite\/wp-json\/wp\/v2\/tags?post=1060"}],"curies":[{"name":"wp","href":"https:\/\/api.w.org\/{rel}","templated":true}]}}