{"id":1032,"date":"2023-10-20T10:53:00","date_gmt":"2023-10-20T08:53:00","guid":{"rendered":"https:\/\/www.meteolafleche.com\/actualite\/?p=1032"},"modified":"2023-10-17T15:16:11","modified_gmt":"2023-10-17T13:16:11","slug":"meteo-du-20-au-29-octobre-2023-heure-hiver","status":"publish","type":"post","link":"https:\/\/www.meteolafleche.com\/actualite\/2023\/10\/20\/meteo-du-20-au-29-octobre-2023-heure-hiver\/","title":{"rendered":"M\u00e9t\u00e9o du 20 au 29 Octobre 2023 heure d&rsquo;hiver"},"content":{"rendered":"<div id=\"meteo-3401234889\" class=\"meteo-avant-contenu meteo-entity-placement\"><script async src=\"\/\/pagead2.googlesyndication.com\/pagead\/js\/adsbygoogle.js?client=ca-pub-0501790310760996\" crossorigin=\"anonymous\"><\/script><ins class=\"adsbygoogle\" style=\"display:block;\" data-ad-client=\"ca-pub-0501790310760996\" \ndata-ad-slot=\"9802369648\" \ndata-ad-format=\"auto\"><\/ins>\n<script> \n(adsbygoogle = window.adsbygoogle || []).push({}); \n<\/script>\n<\/div>\n<p>Un changement radical par rapport aux derniers jours <a href=\"https:\/\/www.meteolafleche.com\/actualite\/2023\/10\/13\/meteo-du-13-au-22-octobre-2023-vacances-toussaint\/\">https:\/\/www.meteolafleche.com\/actualite\/2023\/10\/13\/meteo-du-13-au-22-octobre-2023-vacances-toussaint\/<\/a><\/p>\n\n\n\n<figure class=\"wp-block-image size-full\"><img loading=\"lazy\" decoding=\"async\" width=\"600\" height=\"502\" src=\"https:\/\/www.meteolafleche.com\/actualite\/wp-content\/uploads\/2023\/10\/231024_meteo_france.png\" alt=\"M\u00e9t\u00e9o France 24 Octobre 2023 d\u00e9but des vacances de la Toussaint\" class=\"wp-image-1033\" srcset=\"https:\/\/www.meteolafleche.com\/actualite\/wp-content\/uploads\/2023\/10\/231024_meteo_france.png 600w, https:\/\/www.meteolafleche.com\/actualite\/wp-content\/uploads\/2023\/10\/231024_meteo_france-300x251.png 300w\" sizes=\"auto, (max-width: 600px) 100vw, 600px\" \/><\/figure>\n\n\n\n<p>La r\u00e9currence d\u00e9pressionnaire sur l&rsquo;Ouest et au Sud ?<\/p>\n\n\n\n<p>Les mod\u00e8les iraient dans ce sens avec toujours cette fameuse goutte froide portuguaise et espagnole : ce serait comme si elle avait sign\u00e9 un bail de plusieurs ann\u00e9es tellement elle est pr\u00e9sente&#8230;<\/p>\n\n\n\n<p>Par cons\u00e9quent, c\u00f4t\u00e9 temps, l&rsquo;instabilit\u00e9 serait de mise rappellant un peu le d\u00e9but de l&rsquo;automne.<\/p>\n\n\n\n<figure class=\"wp-block-image size-full is-resized\"><img loading=\"lazy\" decoding=\"async\" width=\"600\" height=\"502\" src=\"https:\/\/www.meteolafleche.com\/actualite\/wp-content\/uploads\/2023\/10\/231029_meteo_france.png\" alt=\"M\u00e9t\u00e9o France 29 Octobre 2023 heure d'hiver\" class=\"wp-image-1034\" style=\"aspect-ratio:1.1952191235059761;width:655px;height:auto\" srcset=\"https:\/\/www.meteolafleche.com\/actualite\/wp-content\/uploads\/2023\/10\/231029_meteo_france.png 600w, https:\/\/www.meteolafleche.com\/actualite\/wp-content\/uploads\/2023\/10\/231029_meteo_france-300x251.png 300w\" sizes=\"auto, (max-width: 600px) 100vw, 600px\" \/><\/figure>\n\n\n\n<p>Peu de changements avec toujours les hautes pressions Scandinaves et britanniques.<\/p>\n\n\n\n<p>Les basses pressions occuperaient le reste du terrain \u00e0 savoir essentiellement le Sud de la France.<\/p>\n\n\n\n<p>Le pourtour m\u00e9diterran\u00e9en verrait alors encore de nombreuses pr\u00e9cipitations dans une telle configuration.<\/p>\n\n\n\n<p>Le timing resterait mauvais par rapport aux vacances.<\/p>\n\n\n\n<p>C\u00f4t\u00e9 mer, l&rsquo;agitation serait de mise un peu comme il y a quelques ann\u00e9es <a href=\"https:\/\/www.youtube.com\/watch?v=2cwTWGBw_gs\">https:\/\/www.youtube.com\/watch?v=2cwTWGBw_gs<\/a><\/p>\n<div id=\"meteo-2567698076\" class=\"meteo-apres-le-contenu meteo-entity-placement\"><script async src=\"\/\/pagead2.googlesyndication.com\/pagead\/js\/adsbygoogle.js?client=ca-pub-0501790310760996\" crossorigin=\"anonymous\"><\/script><ins class=\"adsbygoogle\" style=\"display:block;\" data-ad-client=\"ca-pub-0501790310760996\" \ndata-ad-slot=\"7540452242\" \ndata-ad-format=\"auto\"><\/ins>\n<script> \n(adsbygoogle = window.adsbygoogle || []).push({}); \n<\/script>\n<\/div>","protected":false},"excerpt":{"rendered":"<p>Un changement radical par rapport aux derniers jours https:\/\/www.meteolafleche.com\/actualite\/2023\/10\/13\/meteo-du-13-au-22-octobre-2023-vacances-toussaint\/ La r\u00e9currence d\u00e9pressionnaire sur l&rsquo;Ouest et au Sud ? Les mod\u00e8les iraient dans ce sens avec toujours cette fameuse goutte froide portuguaise et espagnole : ce serait comme si elle avait sign\u00e9 un bail de plusieurs ann\u00e9es tellement elle est pr\u00e9sente&#8230; Par cons\u00e9quent, c\u00f4t\u00e9 temps, l&rsquo;instabilit\u00e9 [&hellip;]<\/p>\n","protected":false},"author":1,"featured_media":0,"comment_status":"open","ping_status":"open","sticky":false,"template":"","format":"standard","meta":{"footnotes":""},"categories":[1],"tags":[42,137,53,144,36,17,115,16],"class_list":["post-1032","post","type-post","status-publish","format-standard","hentry","category-tendance-meteo-a-long-terme","tag-42","tag-137","tag-53","tag-heure","tag-hiver","tag-meteo","tag-octobre","tag-previsions"],"yoast_head":"<!-- This site is optimized with the Yoast SEO plugin v27.5 - https:\/\/yoast.com\/product\/yoast-seo-wordpress\/ -->\n<title>Toute la m\u00e9t\u00e9o du 20 au 29 Octobre 2023 \u00e0 l&#039;heure d&#039;hiver<\/title>\n<meta name=\"description\" content=\"Les tendances m\u00e9t\u00e9o pour la p\u00e9riode des vacances de la Toussaint entre le 20 et le 29 Octobre 2023 - temps d\u00e9pressionnaire ?\" \/>\n<meta name=\"robots\" content=\"index, follow, max-snippet:-1, max-image-preview:large, max-video-preview:-1\" \/>\n<link rel=\"canonical\" href=\"http:\/\/www.meteolafleche.com\/actualite\/2023\/10\/20\/meteo-du-20-au-29-octobre-2023-heure-hiver\/\" \/>\n<meta property=\"og:locale\" content=\"fr_FR\" \/>\n<meta property=\"og:type\" content=\"article\" \/>\n<meta property=\"og:title\" content=\"Toute la m\u00e9t\u00e9o du 20 au 29 Octobre 2023 \u00e0 l&#039;heure d&#039;hiver\" \/>\n<meta property=\"og:description\" content=\"Les tendances m\u00e9t\u00e9o pour la p\u00e9riode des vacances de la Toussaint entre le 20 et le 29 Octobre 2023 - temps d\u00e9pressionnaire ?\" \/>\n<meta property=\"og:url\" content=\"http:\/\/www.meteolafleche.com\/actualite\/2023\/10\/20\/meteo-du-20-au-29-octobre-2023-heure-hiver\/\" \/>\n<meta property=\"og:site_name\" content=\"M\u00e9t\u00e9olafleche\" \/>\n<meta property=\"article:publisher\" content=\"https:\/\/fr-fr.facebook.com\/Meteolafleche\/\" \/>\n<meta property=\"article:published_time\" content=\"2023-10-20T08:53:00+00:00\" \/>\n<meta property=\"og:image\" content=\"https:\/\/www.meteolafleche.com\/actualite\/wp-content\/uploads\/2023\/10\/231024_meteo_france.png\" \/>\n<meta name=\"author\" content=\"M\u00e9t\u00e9olafl\u00e8che\" \/>\n<meta name=\"twitter:card\" content=\"summary_large_image\" \/>\n<meta name=\"twitter:creator\" content=\"@Meteolafleche\" \/>\n<meta name=\"twitter:site\" content=\"@Meteolafleche\" \/>\n<meta name=\"twitter:label1\" content=\"\u00c9crit par\" \/>\n\t<meta name=\"twitter:data1\" content=\"M\u00e9t\u00e9olafl\u00e8che\" \/>\n\t<meta name=\"twitter:label2\" content=\"Dur\u00e9e de lecture estim\u00e9e\" \/>\n\t<meta name=\"twitter:data2\" content=\"2 minutes\" \/>\n<script type=\"application\/ld+json\" class=\"yoast-schema-graph\">{\"@context\":\"https:\\\/\\\/schema.org\",\"@graph\":[{\"@type\":\"Article\",\"@id\":\"http:\\\/\\\/www.meteolafleche.com\\\/actualite\\\/2023\\\/10\\\/20\\\/meteo-du-20-au-29-octobre-2023-heure-hiver\\\/#article\",\"isPartOf\":{\"@id\":\"http:\\\/\\\/www.meteolafleche.com\\\/actualite\\\/2023\\\/10\\\/20\\\/meteo-du-20-au-29-octobre-2023-heure-hiver\\\/\"},\"author\":{\"name\":\"M\u00e9t\u00e9olafl\u00e8che\",\"@id\":\"https:\\\/\\\/www.meteolafleche.com\\\/actualite\\\/#\\\/schema\\\/person\\\/a3f335c48c6b0b07b3a7ff55abb5e7a5\"},\"headline\":\"M\u00e9t\u00e9o du 20 au 29 Octobre 2023 heure d&rsquo;hiver\",\"datePublished\":\"2023-10-20T08:53:00+00:00\",\"mainEntityOfPage\":{\"@id\":\"http:\\\/\\\/www.meteolafleche.com\\\/actualite\\\/2023\\\/10\\\/20\\\/meteo-du-20-au-29-octobre-2023-heure-hiver\\\/\"},\"wordCount\":161,\"commentCount\":1,\"image\":{\"@id\":\"http:\\\/\\\/www.meteolafleche.com\\\/actualite\\\/2023\\\/10\\\/20\\\/meteo-du-20-au-29-octobre-2023-heure-hiver\\\/#primaryimage\"},\"thumbnailUrl\":\"https:\\\/\\\/www.meteolafleche.com\\\/actualite\\\/wp-content\\\/uploads\\\/2023\\\/10\\\/231024_meteo_france.png\",\"keywords\":[\"20\",\"2023\",\"29\",\"heure\",\"hiver\",\"m\u00e9t\u00e9o\",\"octobre\",\"Pr\u00e9visions\"],\"articleSection\":[\"Tendance m\u00e9t\u00e9o \u00e0 long terme\"],\"inLanguage\":\"fr-FR\",\"potentialAction\":[{\"@type\":\"CommentAction\",\"name\":\"Comment\",\"target\":[\"http:\\\/\\\/www.meteolafleche.com\\\/actualite\\\/2023\\\/10\\\/20\\\/meteo-du-20-au-29-octobre-2023-heure-hiver\\\/#respond\"]}]},{\"@type\":\"WebPage\",\"@id\":\"http:\\\/\\\/www.meteolafleche.com\\\/actualite\\\/2023\\\/10\\\/20\\\/meteo-du-20-au-29-octobre-2023-heure-hiver\\\/\",\"url\":\"http:\\\/\\\/www.meteolafleche.com\\\/actualite\\\/2023\\\/10\\\/20\\\/meteo-du-20-au-29-octobre-2023-heure-hiver\\\/\",\"name\":\"Toute la m\u00e9t\u00e9o du 20 au 29 Octobre 2023 \u00e0 l'heure d'hiver\",\"isPartOf\":{\"@id\":\"https:\\\/\\\/www.meteolafleche.com\\\/actualite\\\/#website\"},\"primaryImageOfPage\":{\"@id\":\"http:\\\/\\\/www.meteolafleche.com\\\/actualite\\\/2023\\\/10\\\/20\\\/meteo-du-20-au-29-octobre-2023-heure-hiver\\\/#primaryimage\"},\"image\":{\"@id\":\"http:\\\/\\\/www.meteolafleche.com\\\/actualite\\\/2023\\\/10\\\/20\\\/meteo-du-20-au-29-octobre-2023-heure-hiver\\\/#primaryimage\"},\"thumbnailUrl\":\"https:\\\/\\\/www.meteolafleche.com\\\/actualite\\\/wp-content\\\/uploads\\\/2023\\\/10\\\/231024_meteo_france.png\",\"datePublished\":\"2023-10-20T08:53:00+00:00\",\"author\":{\"@id\":\"https:\\\/\\\/www.meteolafleche.com\\\/actualite\\\/#\\\/schema\\\/person\\\/a3f335c48c6b0b07b3a7ff55abb5e7a5\"},\"description\":\"Les tendances m\u00e9t\u00e9o pour la p\u00e9riode des vacances de la Toussaint entre le 20 et le 29 Octobre 2023 - temps d\u00e9pressionnaire ?\",\"breadcrumb\":{\"@id\":\"http:\\\/\\\/www.meteolafleche.com\\\/actualite\\\/2023\\\/10\\\/20\\\/meteo-du-20-au-29-octobre-2023-heure-hiver\\\/#breadcrumb\"},\"inLanguage\":\"fr-FR\",\"potentialAction\":[{\"@type\":\"ReadAction\",\"target\":[\"http:\\\/\\\/www.meteolafleche.com\\\/actualite\\\/2023\\\/10\\\/20\\\/meteo-du-20-au-29-octobre-2023-heure-hiver\\\/\"]}]},{\"@type\":\"ImageObject\",\"inLanguage\":\"fr-FR\",\"@id\":\"http:\\\/\\\/www.meteolafleche.com\\\/actualite\\\/2023\\\/10\\\/20\\\/meteo-du-20-au-29-octobre-2023-heure-hiver\\\/#primaryimage\",\"url\":\"https:\\\/\\\/www.meteolafleche.com\\\/actualite\\\/wp-content\\\/uploads\\\/2023\\\/10\\\/231024_meteo_france.png\",\"contentUrl\":\"https:\\\/\\\/www.meteolafleche.com\\\/actualite\\\/wp-content\\\/uploads\\\/2023\\\/10\\\/231024_meteo_france.png\",\"width\":600,\"height\":502},{\"@type\":\"BreadcrumbList\",\"@id\":\"http:\\\/\\\/www.meteolafleche.com\\\/actualite\\\/2023\\\/10\\\/20\\\/meteo-du-20-au-29-octobre-2023-heure-hiver\\\/#breadcrumb\",\"itemListElement\":[{\"@type\":\"ListItem\",\"position\":1,\"name\":\"Accueil\",\"item\":\"https:\\\/\\\/www.meteolafleche.com\\\/actualite\\\/\"},{\"@type\":\"ListItem\",\"position\":2,\"name\":\"M\u00e9t\u00e9o du 20 au 29 Octobre 2023 heure d&rsquo;hiver\"}]},{\"@type\":\"WebSite\",\"@id\":\"https:\\\/\\\/www.meteolafleche.com\\\/actualite\\\/#website\",\"url\":\"https:\\\/\\\/www.meteolafleche.com\\\/actualite\\\/\",\"name\":\"M\u00e9t\u00e9olafleche - Blog actualit\u00e9s\",\"description\":\"Actualit\u00e9s m\u00e9t\u00e9o \",\"potentialAction\":[{\"@type\":\"SearchAction\",\"target\":{\"@type\":\"EntryPoint\",\"urlTemplate\":\"https:\\\/\\\/www.meteolafleche.com\\\/actualite\\\/?s={search_term_string}\"},\"query-input\":{\"@type\":\"PropertyValueSpecification\",\"valueRequired\":true,\"valueName\":\"search_term_string\"}}],\"inLanguage\":\"fr-FR\"},{\"@type\":\"Person\",\"@id\":\"https:\\\/\\\/www.meteolafleche.com\\\/actualite\\\/#\\\/schema\\\/person\\\/a3f335c48c6b0b07b3a7ff55abb5e7a5\",\"name\":\"M\u00e9t\u00e9olafl\u00e8che\",\"image\":{\"@type\":\"ImageObject\",\"inLanguage\":\"fr-FR\",\"@id\":\"https:\\\/\\\/secure.gravatar.com\\\/avatar\\\/87018e78a84df868f9910cf7db506cf0e115cd6493382a089a41e0cf87a80762?s=96&d=mm&r=g\",\"url\":\"https:\\\/\\\/secure.gravatar.com\\\/avatar\\\/87018e78a84df868f9910cf7db506cf0e115cd6493382a089a41e0cf87a80762?s=96&d=mm&r=g\",\"contentUrl\":\"https:\\\/\\\/secure.gravatar.com\\\/avatar\\\/87018e78a84df868f9910cf7db506cf0e115cd6493382a089a41e0cf87a80762?s=96&d=mm&r=g\",\"caption\":\"M\u00e9t\u00e9olafl\u00e8che\"},\"sameAs\":[\"http:\\\/\\\/www.meteolafleche.com\\\/actualite\"]}]}<\/script>\n<!-- \/ Yoast SEO plugin. -->","yoast_head_json":{"title":"Toute la m\u00e9t\u00e9o du 20 au 29 Octobre 2023 \u00e0 l'heure d'hiver","description":"Les tendances m\u00e9t\u00e9o pour la p\u00e9riode des vacances de la Toussaint entre le 20 et le 29 Octobre 2023 - temps d\u00e9pressionnaire ?","robots":{"index":"index","follow":"follow","max-snippet":"max-snippet:-1","max-image-preview":"max-image-preview:large","max-video-preview":"max-video-preview:-1"},"canonical":"http:\/\/www.meteolafleche.com\/actualite\/2023\/10\/20\/meteo-du-20-au-29-octobre-2023-heure-hiver\/","og_locale":"fr_FR","og_type":"article","og_title":"Toute la m\u00e9t\u00e9o du 20 au 29 Octobre 2023 \u00e0 l'heure d'hiver","og_description":"Les tendances m\u00e9t\u00e9o pour la p\u00e9riode des vacances de la Toussaint entre le 20 et le 29 Octobre 2023 - temps d\u00e9pressionnaire ?","og_url":"http:\/\/www.meteolafleche.com\/actualite\/2023\/10\/20\/meteo-du-20-au-29-octobre-2023-heure-hiver\/","og_site_name":"M\u00e9t\u00e9olafleche","article_publisher":"https:\/\/fr-fr.facebook.com\/Meteolafleche\/","article_published_time":"2023-10-20T08:53:00+00:00","og_image":[{"url":"https:\/\/www.meteolafleche.com\/actualite\/wp-content\/uploads\/2023\/10\/231024_meteo_france.png","type":"","width":"","height":""}],"author":"M\u00e9t\u00e9olafl\u00e8che","twitter_card":"summary_large_image","twitter_creator":"@Meteolafleche","twitter_site":"@Meteolafleche","twitter_misc":{"\u00c9crit par":"M\u00e9t\u00e9olafl\u00e8che","Dur\u00e9e de lecture estim\u00e9e":"2 minutes"},"schema":{"@context":"https:\/\/schema.org","@graph":[{"@type":"Article","@id":"http:\/\/www.meteolafleche.com\/actualite\/2023\/10\/20\/meteo-du-20-au-29-octobre-2023-heure-hiver\/#article","isPartOf":{"@id":"http:\/\/www.meteolafleche.com\/actualite\/2023\/10\/20\/meteo-du-20-au-29-octobre-2023-heure-hiver\/"},"author":{"name":"M\u00e9t\u00e9olafl\u00e8che","@id":"https:\/\/www.meteolafleche.com\/actualite\/#\/schema\/person\/a3f335c48c6b0b07b3a7ff55abb5e7a5"},"headline":"M\u00e9t\u00e9o du 20 au 29 Octobre 2023 heure d&rsquo;hiver","datePublished":"2023-10-20T08:53:00+00:00","mainEntityOfPage":{"@id":"http:\/\/www.meteolafleche.com\/actualite\/2023\/10\/20\/meteo-du-20-au-29-octobre-2023-heure-hiver\/"},"wordCount":161,"commentCount":1,"image":{"@id":"http:\/\/www.meteolafleche.com\/actualite\/2023\/10\/20\/meteo-du-20-au-29-octobre-2023-heure-hiver\/#primaryimage"},"thumbnailUrl":"https:\/\/www.meteolafleche.com\/actualite\/wp-content\/uploads\/2023\/10\/231024_meteo_france.png","keywords":["20","2023","29","heure","hiver","m\u00e9t\u00e9o","octobre","Pr\u00e9visions"],"articleSection":["Tendance m\u00e9t\u00e9o \u00e0 long terme"],"inLanguage":"fr-FR","potentialAction":[{"@type":"CommentAction","name":"Comment","target":["http:\/\/www.meteolafleche.com\/actualite\/2023\/10\/20\/meteo-du-20-au-29-octobre-2023-heure-hiver\/#respond"]}]},{"@type":"WebPage","@id":"http:\/\/www.meteolafleche.com\/actualite\/2023\/10\/20\/meteo-du-20-au-29-octobre-2023-heure-hiver\/","url":"http:\/\/www.meteolafleche.com\/actualite\/2023\/10\/20\/meteo-du-20-au-29-octobre-2023-heure-hiver\/","name":"Toute la m\u00e9t\u00e9o du 20 au 29 Octobre 2023 \u00e0 l'heure d'hiver","isPartOf":{"@id":"https:\/\/www.meteolafleche.com\/actualite\/#website"},"primaryImageOfPage":{"@id":"http:\/\/www.meteolafleche.com\/actualite\/2023\/10\/20\/meteo-du-20-au-29-octobre-2023-heure-hiver\/#primaryimage"},"image":{"@id":"http:\/\/www.meteolafleche.com\/actualite\/2023\/10\/20\/meteo-du-20-au-29-octobre-2023-heure-hiver\/#primaryimage"},"thumbnailUrl":"https:\/\/www.meteolafleche.com\/actualite\/wp-content\/uploads\/2023\/10\/231024_meteo_france.png","datePublished":"2023-10-20T08:53:00+00:00","author":{"@id":"https:\/\/www.meteolafleche.com\/actualite\/#\/schema\/person\/a3f335c48c6b0b07b3a7ff55abb5e7a5"},"description":"Les tendances m\u00e9t\u00e9o pour la p\u00e9riode des vacances de la Toussaint entre le 20 et le 29 Octobre 2023 - temps d\u00e9pressionnaire ?","breadcrumb":{"@id":"http:\/\/www.meteolafleche.com\/actualite\/2023\/10\/20\/meteo-du-20-au-29-octobre-2023-heure-hiver\/#breadcrumb"},"inLanguage":"fr-FR","potentialAction":[{"@type":"ReadAction","target":["http:\/\/www.meteolafleche.com\/actualite\/2023\/10\/20\/meteo-du-20-au-29-octobre-2023-heure-hiver\/"]}]},{"@type":"ImageObject","inLanguage":"fr-FR","@id":"http:\/\/www.meteolafleche.com\/actualite\/2023\/10\/20\/meteo-du-20-au-29-octobre-2023-heure-hiver\/#primaryimage","url":"https:\/\/www.meteolafleche.com\/actualite\/wp-content\/uploads\/2023\/10\/231024_meteo_france.png","contentUrl":"https:\/\/www.meteolafleche.com\/actualite\/wp-content\/uploads\/2023\/10\/231024_meteo_france.png","width":600,"height":502},{"@type":"BreadcrumbList","@id":"http:\/\/www.meteolafleche.com\/actualite\/2023\/10\/20\/meteo-du-20-au-29-octobre-2023-heure-hiver\/#breadcrumb","itemListElement":[{"@type":"ListItem","position":1,"name":"Accueil","item":"https:\/\/www.meteolafleche.com\/actualite\/"},{"@type":"ListItem","position":2,"name":"M\u00e9t\u00e9o du 20 au 29 Octobre 2023 heure d&rsquo;hiver"}]},{"@type":"WebSite","@id":"https:\/\/www.meteolafleche.com\/actualite\/#website","url":"https:\/\/www.meteolafleche.com\/actualite\/","name":"M\u00e9t\u00e9olafleche - Blog actualit\u00e9s","description":"Actualit\u00e9s m\u00e9t\u00e9o ","potentialAction":[{"@type":"SearchAction","target":{"@type":"EntryPoint","urlTemplate":"https:\/\/www.meteolafleche.com\/actualite\/?s={search_term_string}"},"query-input":{"@type":"PropertyValueSpecification","valueRequired":true,"valueName":"search_term_string"}}],"inLanguage":"fr-FR"},{"@type":"Person","@id":"https:\/\/www.meteolafleche.com\/actualite\/#\/schema\/person\/a3f335c48c6b0b07b3a7ff55abb5e7a5","name":"M\u00e9t\u00e9olafl\u00e8che","image":{"@type":"ImageObject","inLanguage":"fr-FR","@id":"https:\/\/secure.gravatar.com\/avatar\/87018e78a84df868f9910cf7db506cf0e115cd6493382a089a41e0cf87a80762?s=96&d=mm&r=g","url":"https:\/\/secure.gravatar.com\/avatar\/87018e78a84df868f9910cf7db506cf0e115cd6493382a089a41e0cf87a80762?s=96&d=mm&r=g","contentUrl":"https:\/\/secure.gravatar.com\/avatar\/87018e78a84df868f9910cf7db506cf0e115cd6493382a089a41e0cf87a80762?s=96&d=mm&r=g","caption":"M\u00e9t\u00e9olafl\u00e8che"},"sameAs":["http:\/\/www.meteolafleche.com\/actualite"]}]}},"_links":{"self":[{"href":"https:\/\/www.meteolafleche.com\/actualite\/wp-json\/wp\/v2\/posts\/1032","targetHints":{"allow":["GET"]}}],"collection":[{"href":"https:\/\/www.meteolafleche.com\/actualite\/wp-json\/wp\/v2\/posts"}],"about":[{"href":"https:\/\/www.meteolafleche.com\/actualite\/wp-json\/wp\/v2\/types\/post"}],"author":[{"embeddable":true,"href":"https:\/\/www.meteolafleche.com\/actualite\/wp-json\/wp\/v2\/users\/1"}],"replies":[{"embeddable":true,"href":"https:\/\/www.meteolafleche.com\/actualite\/wp-json\/wp\/v2\/comments?post=1032"}],"version-history":[{"count":1,"href":"https:\/\/www.meteolafleche.com\/actualite\/wp-json\/wp\/v2\/posts\/1032\/revisions"}],"predecessor-version":[{"id":1035,"href":"https:\/\/www.meteolafleche.com\/actualite\/wp-json\/wp\/v2\/posts\/1032\/revisions\/1035"}],"wp:attachment":[{"href":"https:\/\/www.meteolafleche.com\/actualite\/wp-json\/wp\/v2\/media?parent=1032"}],"wp:term":[{"taxonomy":"category","embeddable":true,"href":"https:\/\/www.meteolafleche.com\/actualite\/wp-json\/wp\/v2\/categories?post=1032"},{"taxonomy":"post_tag","embeddable":true,"href":"https:\/\/www.meteolafleche.com\/actualite\/wp-json\/wp\/v2\/tags?post=1032"}],"curies":[{"name":"wp","href":"https:\/\/api.w.org\/{rel}","templated":true}]}}