{"id":827,"date":"2022-12-11T15:23:55","date_gmt":"2022-12-11T14:23:55","guid":{"rendered":"https:\/\/www.meteolafleche.com\/actualite\/?p=827"},"modified":"2022-12-11T15:23:57","modified_gmt":"2022-12-11T14:23:57","slug":"episodes-neigeux-12-13-decembre-2022-topo","status":"publish","type":"post","link":"http:\/\/www.meteolafleche.com\/actualite\/2022\/12\/11\/episodes-neigeux-12-13-decembre-2022-topo\/","title":{"rendered":"Episode neigeux Lundi 12 et Mardi 13 D\u00e9cembre 2022 ? petit topo"},"content":{"rendered":"<div id=\"meteo-611271174\" class=\"meteo-avant-contenu meteo-entity-placement\"><script async src=\"\/\/pagead2.googlesyndication.com\/pagead\/js\/adsbygoogle.js?client=ca-pub-0501790310760996\" crossorigin=\"anonymous\"><\/script><ins class=\"adsbygoogle\" style=\"display:block;\" data-ad-client=\"ca-pub-0501790310760996\" \ndata-ad-slot=\"9802369648\" \ndata-ad-format=\"auto\"><\/ins>\n<script> \n(adsbygoogle = window.adsbygoogle || []).push({}); \n<\/script>\n<\/div>\n<p>La pr\u00e9vision m\u00e9t\u00e9orologique est rendue compliqu\u00e9e \u00e0 \u00e9ch\u00e9ance courte (48 heures) par la r\u00e9currence des gouttes froides ; ces derni\u00e8res occuperaient une nouvelle fois le Golfe de Gascogne, l&rsquo;Espagne, le Portugal.<br>En \u00e9t\u00e9, cette situation a donn\u00e9 lieu \u00e0 des \u00ab\u00a0plumes\u00a0\u00bb de chaleur suivies parfois d&rsquo;orage souvent confirm\u00e9es 72 heures avant.<br>Courant D\u00e9cembre et plus globalement durant l&rsquo;hiver, cette situation peut donner lieu \u00e0 un froid vif et parfois humide.<\/p>\n\n\n\n<p>Pour rappel, nous avions effectu\u00e9 il y a quelques ann\u00e9es un topo sur les situations favorables \u00e0 la neige dans le Grand Ouest ; ce top avait \u00e9t\u00e9 fait via <a href=\"https:\/\/www.meteolafleche.com\/Dossiers\/neigeplainegrandouest.html\">https:\/\/www.meteolafleche.com\/Dossiers\/neigeplainegrandouest.html<\/a><\/p>\n\n\n\n<p>Ce qui compte essentiellement sont les temp\u00e9ratures en altitude : bien souvent, il faut -5\u00b0C \u00e0 l&rsquo;altitude 850 hPa (environ 1450 m\u00e8tres) et -25\u00b0C \u00e0 l&rsquo;altitude 500 hPa (environ 5550 m\u00e8tres) pour avoir de la neige, m\u00eame si au sol il y a 5 voire parfois 10\u00b0C !<\/p>\n\n\n\n<p>Concernant les prochains jours, la pr\u00e9vision de neige en plaine va clairement d\u00e9pendre de l&rsquo;intensit\u00e9 et du positionnement non pas d&rsquo;une mais d&rsquo;au moins deux d\u00e9pressions.<\/p>\n\n\n\n<figure class=\"wp-block-image size-large\"><img loading=\"lazy\" decoding=\"async\" width=\"1024\" height=\"486\" src=\"https:\/\/www.meteolafleche.com\/actualite\/wp-content\/uploads\/2022\/12\/221212_premiere_offensive_neigeuse-1024x486.png\" alt=\"Neige Lundi 12 D\u00e9cembre 2022 Sud de la France\" class=\"wp-image-828\" srcset=\"http:\/\/www.meteolafleche.com\/actualite\/wp-content\/uploads\/2022\/12\/221212_premiere_offensive_neigeuse-1024x486.png 1024w, http:\/\/www.meteolafleche.com\/actualite\/wp-content\/uploads\/2022\/12\/221212_premiere_offensive_neigeuse-300x142.png 300w, http:\/\/www.meteolafleche.com\/actualite\/wp-content\/uploads\/2022\/12\/221212_premiere_offensive_neigeuse-768x365.png 768w, http:\/\/www.meteolafleche.com\/actualite\/wp-content\/uploads\/2022\/12\/221212_premiere_offensive_neigeuse-624x296.png 624w, http:\/\/www.meteolafleche.com\/actualite\/wp-content\/uploads\/2022\/12\/221212_premiere_offensive_neigeuse.png 1114w\" sizes=\"auto, (max-width: 1024px) 100vw, 1024px\" \/><\/figure>\n\n\n\n<p><br>La premi\u00e8re d\u00e9pression, appel\u00e9e COLLEEN, circulerait sur le Golfe de Gascogne ; le conflit de masses d&rsquo;air entre l&rsquo;air oc\u00e9anique et le flux continental devrait se situer au niveau de Bordeaux, Toulouse : \u00e0 l&rsquo;Est et au Nord de cette zone, le risque de neige sur les collines voire en plaine serait particuli\u00e8rement important entre Lundi 12 D\u00e9cembre 2022 apr\u00e8s-midi et Mardi 13 D\u00e9cembre 2022 matin.<br>Au Nord de la France, le risque de neige est plus ou moins mod\u00e9lis\u00e9 sous formes d&rsquo;averses dites pr\u00e9 frontales (\u00e0 l&rsquo;avant de la perturbation).<\/p>\n\n\n\n<figure class=\"wp-block-image size-full\"><img loading=\"lazy\" decoding=\"async\" width=\"782\" height=\"535\" src=\"https:\/\/www.meteolafleche.com\/actualite\/wp-content\/uploads\/2022\/12\/221213_premiere_offensive_neigeuse-2.png\" alt=\"Neige Mardi 13 D\u00e9cembre 2022\" class=\"wp-image-831\" srcset=\"http:\/\/www.meteolafleche.com\/actualite\/wp-content\/uploads\/2022\/12\/221213_premiere_offensive_neigeuse-2.png 782w, http:\/\/www.meteolafleche.com\/actualite\/wp-content\/uploads\/2022\/12\/221213_premiere_offensive_neigeuse-2-300x205.png 300w, http:\/\/www.meteolafleche.com\/actualite\/wp-content\/uploads\/2022\/12\/221213_premiere_offensive_neigeuse-2-768x525.png 768w, http:\/\/www.meteolafleche.com\/actualite\/wp-content\/uploads\/2022\/12\/221213_premiere_offensive_neigeuse-2-624x427.png 624w\" sizes=\"auto, (max-width: 782px) 100vw, 782px\" \/><\/figure>\n\n\n\n<p>En parall\u00e8le, une autre d\u00e9pression, intitul\u00e9e DORA, plus virulente, pourrait remonter jusqu&rsquo;au large du Finist\u00e8re. <br>Mardi 13 D\u00e9cembre 2022 au petit matin, elle advecterait un air doux sur le Sud notamment sur l&rsquo;Aquitaine ; cependant, elle renforcerait le flux continental.<br>D&rsquo;o\u00f9 un conflit de masses d&rsquo;air qui pourrait se produire soit sur le Sud Bretagne soit sur la Vend\u00e9e, le Poitou, le Nord du Massif Central et le Nord des Alpes : d&rsquo;ailleurs, sur ces derniers secteurs, il faudrait surveiller le risque d&rsquo;avalanches.<br><br>Avec -5\u00b0C \u00e0 850 hPa et -25\u00b0C \u00e0 500 hPa, -3\u00b0C au sol, le risque de neige dite de redoux (ou neige collante) serait important sur la Bretagne, le Maine et Loire, le Centre, et plus globalement sur une vaste zone allant de la Normandie \u00e0 l&rsquo;Alsace en passant par l&rsquo;Ile de France (fiabilit\u00e9 2,75\/5).<\/p>\n\n\n\n<p>Lors de ce type d&rsquo;\u00e9pisode, ce ne sont pas quelques centim\u00e8tres qui pourraient tomber mais parfois 10 cm avant que le redoux ne fasse tout fondre !<br><br>Par la suite, Mercredi 14  le conflit de masses d&rsquo;air serait report\u00e9 au niveau de la Seine : ainsi, le risque neigeux concernerait le Nord et l&rsquo;Est de la Seine, \u00e0 savoir la Picardie, le Nord, le Pas de Calais, les Ardennes voire les Vosges.<\/p>\n\n\n\n<p>Cependant, la fiabilit\u00e9 tombe 2,5\/5 (50%).<\/p>\n\n\n\n<p>Sur les massifs, le risque d&rsquo;avalanches serait au maximum avec le redoux fragilisant le manteau neigeux.<br><br>Jeudi 15, Vendredi 16 et Samedi 17, le refroidissement serait possible en altitude laissant penser au retour de la neige sur l&rsquo;ensemble des massifs.<br>On surveillerait le refroidissement vers les c\u00f4tes de la Manche et le Nord-Ouest de la France : de l\u00e0 \u00e0 envisager un nouveau risque de neige, la fiabilit\u00e9 est beaucoup trop lointaine pour en donner les d\u00e9tails.<\/p>\n<div id=\"meteo-1954471007\" class=\"meteo-apres-le-contenu meteo-entity-placement\"><script async src=\"\/\/pagead2.googlesyndication.com\/pagead\/js\/adsbygoogle.js?client=ca-pub-0501790310760996\" crossorigin=\"anonymous\"><\/script><ins class=\"adsbygoogle\" style=\"display:block;\" data-ad-client=\"ca-pub-0501790310760996\" \ndata-ad-slot=\"7540452242\" \ndata-ad-format=\"auto\"><\/ins>\n<script> \n(adsbygoogle = window.adsbygoogle || []).push({}); \n<\/script>\n<\/div>","protected":false},"excerpt":{"rendered":"<p>La pr\u00e9vision m\u00e9t\u00e9orologique est rendue compliqu\u00e9e \u00e0 \u00e9ch\u00e9ance courte (48 heures) par la r\u00e9currence des gouttes froides ; ces derni\u00e8res occuperaient une nouvelle fois le Golfe de Gascogne, l&rsquo;Espagne, le Portugal.En \u00e9t\u00e9, cette situation a donn\u00e9 lieu \u00e0 des \u00ab\u00a0plumes\u00a0\u00bb de chaleur suivies parfois d&rsquo;orage souvent confirm\u00e9es 72 heures avant.Courant D\u00e9cembre et plus globalement durant [&hellip;]<\/p>\n","protected":false},"author":1,"featured_media":0,"comment_status":"open","ping_status":"open","sticky":false,"template":"","format":"standard","meta":{"footnotes":""},"categories":[5],"tags":[108,48,122,23,17,31,16],"class_list":["post-827","post","type-post","status-publish","format-standard","hentry","category-previsions-meteo-a-court-terme","tag-108","tag-48","tag-122","tag-decembre","tag-meteo","tag-neige","tag-previsions"],"yoast_head":"<!-- This site is optimized with the Yoast SEO plugin v27.5 - https:\/\/yoast.com\/product\/yoast-seo-wordpress\/ -->\n<title>Topo sur les possibles \u00e9pisodes neigeux 12 et 13 D\u00e9cembre 2022<\/title>\n<meta name=\"description\" content=\"Les analyses sur le risque de fortes chutes de neige en plaine les Lundi 12 et Mardi 13 D\u00e9cembre 2022 sur la France\" \/>\n<meta name=\"robots\" content=\"index, follow, max-snippet:-1, max-image-preview:large, max-video-preview:-1\" \/>\n<link rel=\"canonical\" href=\"http:\/\/www.meteolafleche.com\/actualite\/2022\/12\/11\/episodes-neigeux-12-13-decembre-2022-topo\/\" \/>\n<meta property=\"og:locale\" content=\"fr_FR\" \/>\n<meta property=\"og:type\" content=\"article\" \/>\n<meta property=\"og:title\" content=\"Topo sur les possibles \u00e9pisodes neigeux 12 et 13 D\u00e9cembre 2022\" \/>\n<meta property=\"og:description\" content=\"Les analyses sur le risque de fortes chutes de neige en plaine les Lundi 12 et Mardi 13 D\u00e9cembre 2022 sur la France\" \/>\n<meta property=\"og:url\" content=\"http:\/\/www.meteolafleche.com\/actualite\/2022\/12\/11\/episodes-neigeux-12-13-decembre-2022-topo\/\" \/>\n<meta property=\"og:site_name\" content=\"M\u00e9t\u00e9olafleche\" \/>\n<meta property=\"article:publisher\" content=\"https:\/\/fr-fr.facebook.com\/Meteolafleche\/\" \/>\n<meta property=\"article:published_time\" content=\"2022-12-11T14:23:55+00:00\" \/>\n<meta property=\"article:modified_time\" content=\"2022-12-11T14:23:57+00:00\" \/>\n<meta property=\"og:image\" content=\"https:\/\/www.meteolafleche.com\/actualite\/wp-content\/uploads\/2022\/12\/221212_premiere_offensive_neigeuse-1024x486.png\" \/>\n<meta name=\"author\" content=\"M\u00e9t\u00e9olafl\u00e8che\" \/>\n<meta name=\"twitter:card\" content=\"summary_large_image\" \/>\n<meta name=\"twitter:creator\" content=\"@Meteolafleche\" \/>\n<meta name=\"twitter:site\" content=\"@Meteolafleche\" \/>\n<meta name=\"twitter:label1\" content=\"\u00c9crit par\" \/>\n\t<meta name=\"twitter:data1\" content=\"M\u00e9t\u00e9olafl\u00e8che\" \/>\n\t<meta name=\"twitter:label2\" content=\"Dur\u00e9e de lecture estim\u00e9e\" \/>\n\t<meta name=\"twitter:data2\" content=\"4 minutes\" \/>\n<script type=\"application\/ld+json\" class=\"yoast-schema-graph\">{\"@context\":\"https:\\\/\\\/schema.org\",\"@graph\":[{\"@type\":\"Article\",\"@id\":\"http:\\\/\\\/www.meteolafleche.com\\\/actualite\\\/2022\\\/12\\\/11\\\/episodes-neigeux-12-13-decembre-2022-topo\\\/#article\",\"isPartOf\":{\"@id\":\"http:\\\/\\\/www.meteolafleche.com\\\/actualite\\\/2022\\\/12\\\/11\\\/episodes-neigeux-12-13-decembre-2022-topo\\\/\"},\"author\":{\"name\":\"M\u00e9t\u00e9olafl\u00e8che\",\"@id\":\"http:\\\/\\\/www.meteolafleche.com\\\/actualite\\\/#\\\/schema\\\/person\\\/a3f335c48c6b0b07b3a7ff55abb5e7a5\"},\"headline\":\"Episode neigeux Lundi 12 et Mardi 13 D\u00e9cembre 2022 ? petit topo\",\"datePublished\":\"2022-12-11T14:23:55+00:00\",\"dateModified\":\"2022-12-11T14:23:57+00:00\",\"mainEntityOfPage\":{\"@id\":\"http:\\\/\\\/www.meteolafleche.com\\\/actualite\\\/2022\\\/12\\\/11\\\/episodes-neigeux-12-13-decembre-2022-topo\\\/\"},\"wordCount\":568,\"commentCount\":0,\"image\":{\"@id\":\"http:\\\/\\\/www.meteolafleche.com\\\/actualite\\\/2022\\\/12\\\/11\\\/episodes-neigeux-12-13-decembre-2022-topo\\\/#primaryimage\"},\"thumbnailUrl\":\"https:\\\/\\\/www.meteolafleche.com\\\/actualite\\\/wp-content\\\/uploads\\\/2022\\\/12\\\/221212_premiere_offensive_neigeuse-1024x486.png\",\"keywords\":[\"12\",\"13\",\"2022\",\"decembre\",\"m\u00e9t\u00e9o\",\"neige\",\"Pr\u00e9visions\"],\"articleSection\":[\"Pr\u00e9visions m\u00e9t\u00e9o \u00e0 court terme\"],\"inLanguage\":\"fr-FR\",\"potentialAction\":[{\"@type\":\"CommentAction\",\"name\":\"Comment\",\"target\":[\"http:\\\/\\\/www.meteolafleche.com\\\/actualite\\\/2022\\\/12\\\/11\\\/episodes-neigeux-12-13-decembre-2022-topo\\\/#respond\"]}]},{\"@type\":\"WebPage\",\"@id\":\"http:\\\/\\\/www.meteolafleche.com\\\/actualite\\\/2022\\\/12\\\/11\\\/episodes-neigeux-12-13-decembre-2022-topo\\\/\",\"url\":\"http:\\\/\\\/www.meteolafleche.com\\\/actualite\\\/2022\\\/12\\\/11\\\/episodes-neigeux-12-13-decembre-2022-topo\\\/\",\"name\":\"Topo sur les possibles \u00e9pisodes neigeux 12 et 13 D\u00e9cembre 2022\",\"isPartOf\":{\"@id\":\"http:\\\/\\\/www.meteolafleche.com\\\/actualite\\\/#website\"},\"primaryImageOfPage\":{\"@id\":\"http:\\\/\\\/www.meteolafleche.com\\\/actualite\\\/2022\\\/12\\\/11\\\/episodes-neigeux-12-13-decembre-2022-topo\\\/#primaryimage\"},\"image\":{\"@id\":\"http:\\\/\\\/www.meteolafleche.com\\\/actualite\\\/2022\\\/12\\\/11\\\/episodes-neigeux-12-13-decembre-2022-topo\\\/#primaryimage\"},\"thumbnailUrl\":\"https:\\\/\\\/www.meteolafleche.com\\\/actualite\\\/wp-content\\\/uploads\\\/2022\\\/12\\\/221212_premiere_offensive_neigeuse-1024x486.png\",\"datePublished\":\"2022-12-11T14:23:55+00:00\",\"dateModified\":\"2022-12-11T14:23:57+00:00\",\"author\":{\"@id\":\"http:\\\/\\\/www.meteolafleche.com\\\/actualite\\\/#\\\/schema\\\/person\\\/a3f335c48c6b0b07b3a7ff55abb5e7a5\"},\"description\":\"Les analyses sur le risque de fortes chutes de neige en plaine les Lundi 12 et Mardi 13 D\u00e9cembre 2022 sur la France\",\"breadcrumb\":{\"@id\":\"http:\\\/\\\/www.meteolafleche.com\\\/actualite\\\/2022\\\/12\\\/11\\\/episodes-neigeux-12-13-decembre-2022-topo\\\/#breadcrumb\"},\"inLanguage\":\"fr-FR\",\"potentialAction\":[{\"@type\":\"ReadAction\",\"target\":[\"http:\\\/\\\/www.meteolafleche.com\\\/actualite\\\/2022\\\/12\\\/11\\\/episodes-neigeux-12-13-decembre-2022-topo\\\/\"]}]},{\"@type\":\"ImageObject\",\"inLanguage\":\"fr-FR\",\"@id\":\"http:\\\/\\\/www.meteolafleche.com\\\/actualite\\\/2022\\\/12\\\/11\\\/episodes-neigeux-12-13-decembre-2022-topo\\\/#primaryimage\",\"url\":\"http:\\\/\\\/www.meteolafleche.com\\\/actualite\\\/wp-content\\\/uploads\\\/2022\\\/12\\\/221212_premiere_offensive_neigeuse.png\",\"contentUrl\":\"http:\\\/\\\/www.meteolafleche.com\\\/actualite\\\/wp-content\\\/uploads\\\/2022\\\/12\\\/221212_premiere_offensive_neigeuse.png\",\"width\":1114,\"height\":529},{\"@type\":\"BreadcrumbList\",\"@id\":\"http:\\\/\\\/www.meteolafleche.com\\\/actualite\\\/2022\\\/12\\\/11\\\/episodes-neigeux-12-13-decembre-2022-topo\\\/#breadcrumb\",\"itemListElement\":[{\"@type\":\"ListItem\",\"position\":1,\"name\":\"Accueil\",\"item\":\"http:\\\/\\\/www.meteolafleche.com\\\/actualite\\\/\"},{\"@type\":\"ListItem\",\"position\":2,\"name\":\"Episode neigeux Lundi 12 et Mardi 13 D\u00e9cembre 2022 ? petit topo\"}]},{\"@type\":\"WebSite\",\"@id\":\"http:\\\/\\\/www.meteolafleche.com\\\/actualite\\\/#website\",\"url\":\"http:\\\/\\\/www.meteolafleche.com\\\/actualite\\\/\",\"name\":\"M\u00e9t\u00e9olafleche - Blog actualit\u00e9s\",\"description\":\"Actualit\u00e9s m\u00e9t\u00e9o \",\"potentialAction\":[{\"@type\":\"SearchAction\",\"target\":{\"@type\":\"EntryPoint\",\"urlTemplate\":\"http:\\\/\\\/www.meteolafleche.com\\\/actualite\\\/?s={search_term_string}\"},\"query-input\":{\"@type\":\"PropertyValueSpecification\",\"valueRequired\":true,\"valueName\":\"search_term_string\"}}],\"inLanguage\":\"fr-FR\"},{\"@type\":\"Person\",\"@id\":\"http:\\\/\\\/www.meteolafleche.com\\\/actualite\\\/#\\\/schema\\\/person\\\/a3f335c48c6b0b07b3a7ff55abb5e7a5\",\"name\":\"M\u00e9t\u00e9olafl\u00e8che\",\"image\":{\"@type\":\"ImageObject\",\"inLanguage\":\"fr-FR\",\"@id\":\"https:\\\/\\\/secure.gravatar.com\\\/avatar\\\/87018e78a84df868f9910cf7db506cf0e115cd6493382a089a41e0cf87a80762?s=96&d=mm&r=g\",\"url\":\"https:\\\/\\\/secure.gravatar.com\\\/avatar\\\/87018e78a84df868f9910cf7db506cf0e115cd6493382a089a41e0cf87a80762?s=96&d=mm&r=g\",\"contentUrl\":\"https:\\\/\\\/secure.gravatar.com\\\/avatar\\\/87018e78a84df868f9910cf7db506cf0e115cd6493382a089a41e0cf87a80762?s=96&d=mm&r=g\",\"caption\":\"M\u00e9t\u00e9olafl\u00e8che\"},\"sameAs\":[\"http:\\\/\\\/www.meteolafleche.com\\\/actualite\"]}]}<\/script>\n<!-- \/ Yoast SEO plugin. -->","yoast_head_json":{"title":"Topo sur les possibles \u00e9pisodes neigeux 12 et 13 D\u00e9cembre 2022","description":"Les analyses sur le risque de fortes chutes de neige en plaine les Lundi 12 et Mardi 13 D\u00e9cembre 2022 sur la France","robots":{"index":"index","follow":"follow","max-snippet":"max-snippet:-1","max-image-preview":"max-image-preview:large","max-video-preview":"max-video-preview:-1"},"canonical":"http:\/\/www.meteolafleche.com\/actualite\/2022\/12\/11\/episodes-neigeux-12-13-decembre-2022-topo\/","og_locale":"fr_FR","og_type":"article","og_title":"Topo sur les possibles \u00e9pisodes neigeux 12 et 13 D\u00e9cembre 2022","og_description":"Les analyses sur le risque de fortes chutes de neige en plaine les Lundi 12 et Mardi 13 D\u00e9cembre 2022 sur la France","og_url":"http:\/\/www.meteolafleche.com\/actualite\/2022\/12\/11\/episodes-neigeux-12-13-decembre-2022-topo\/","og_site_name":"M\u00e9t\u00e9olafleche","article_publisher":"https:\/\/fr-fr.facebook.com\/Meteolafleche\/","article_published_time":"2022-12-11T14:23:55+00:00","article_modified_time":"2022-12-11T14:23:57+00:00","og_image":[{"url":"https:\/\/www.meteolafleche.com\/actualite\/wp-content\/uploads\/2022\/12\/221212_premiere_offensive_neigeuse-1024x486.png","type":"","width":"","height":""}],"author":"M\u00e9t\u00e9olafl\u00e8che","twitter_card":"summary_large_image","twitter_creator":"@Meteolafleche","twitter_site":"@Meteolafleche","twitter_misc":{"\u00c9crit par":"M\u00e9t\u00e9olafl\u00e8che","Dur\u00e9e de lecture estim\u00e9e":"4 minutes"},"schema":{"@context":"https:\/\/schema.org","@graph":[{"@type":"Article","@id":"http:\/\/www.meteolafleche.com\/actualite\/2022\/12\/11\/episodes-neigeux-12-13-decembre-2022-topo\/#article","isPartOf":{"@id":"http:\/\/www.meteolafleche.com\/actualite\/2022\/12\/11\/episodes-neigeux-12-13-decembre-2022-topo\/"},"author":{"name":"M\u00e9t\u00e9olafl\u00e8che","@id":"http:\/\/www.meteolafleche.com\/actualite\/#\/schema\/person\/a3f335c48c6b0b07b3a7ff55abb5e7a5"},"headline":"Episode neigeux Lundi 12 et Mardi 13 D\u00e9cembre 2022 ? petit topo","datePublished":"2022-12-11T14:23:55+00:00","dateModified":"2022-12-11T14:23:57+00:00","mainEntityOfPage":{"@id":"http:\/\/www.meteolafleche.com\/actualite\/2022\/12\/11\/episodes-neigeux-12-13-decembre-2022-topo\/"},"wordCount":568,"commentCount":0,"image":{"@id":"http:\/\/www.meteolafleche.com\/actualite\/2022\/12\/11\/episodes-neigeux-12-13-decembre-2022-topo\/#primaryimage"},"thumbnailUrl":"https:\/\/www.meteolafleche.com\/actualite\/wp-content\/uploads\/2022\/12\/221212_premiere_offensive_neigeuse-1024x486.png","keywords":["12","13","2022","decembre","m\u00e9t\u00e9o","neige","Pr\u00e9visions"],"articleSection":["Pr\u00e9visions m\u00e9t\u00e9o \u00e0 court terme"],"inLanguage":"fr-FR","potentialAction":[{"@type":"CommentAction","name":"Comment","target":["http:\/\/www.meteolafleche.com\/actualite\/2022\/12\/11\/episodes-neigeux-12-13-decembre-2022-topo\/#respond"]}]},{"@type":"WebPage","@id":"http:\/\/www.meteolafleche.com\/actualite\/2022\/12\/11\/episodes-neigeux-12-13-decembre-2022-topo\/","url":"http:\/\/www.meteolafleche.com\/actualite\/2022\/12\/11\/episodes-neigeux-12-13-decembre-2022-topo\/","name":"Topo sur les possibles \u00e9pisodes neigeux 12 et 13 D\u00e9cembre 2022","isPartOf":{"@id":"http:\/\/www.meteolafleche.com\/actualite\/#website"},"primaryImageOfPage":{"@id":"http:\/\/www.meteolafleche.com\/actualite\/2022\/12\/11\/episodes-neigeux-12-13-decembre-2022-topo\/#primaryimage"},"image":{"@id":"http:\/\/www.meteolafleche.com\/actualite\/2022\/12\/11\/episodes-neigeux-12-13-decembre-2022-topo\/#primaryimage"},"thumbnailUrl":"https:\/\/www.meteolafleche.com\/actualite\/wp-content\/uploads\/2022\/12\/221212_premiere_offensive_neigeuse-1024x486.png","datePublished":"2022-12-11T14:23:55+00:00","dateModified":"2022-12-11T14:23:57+00:00","author":{"@id":"http:\/\/www.meteolafleche.com\/actualite\/#\/schema\/person\/a3f335c48c6b0b07b3a7ff55abb5e7a5"},"description":"Les analyses sur le risque de fortes chutes de neige en plaine les Lundi 12 et Mardi 13 D\u00e9cembre 2022 sur la France","breadcrumb":{"@id":"http:\/\/www.meteolafleche.com\/actualite\/2022\/12\/11\/episodes-neigeux-12-13-decembre-2022-topo\/#breadcrumb"},"inLanguage":"fr-FR","potentialAction":[{"@type":"ReadAction","target":["http:\/\/www.meteolafleche.com\/actualite\/2022\/12\/11\/episodes-neigeux-12-13-decembre-2022-topo\/"]}]},{"@type":"ImageObject","inLanguage":"fr-FR","@id":"http:\/\/www.meteolafleche.com\/actualite\/2022\/12\/11\/episodes-neigeux-12-13-decembre-2022-topo\/#primaryimage","url":"http:\/\/www.meteolafleche.com\/actualite\/wp-content\/uploads\/2022\/12\/221212_premiere_offensive_neigeuse.png","contentUrl":"http:\/\/www.meteolafleche.com\/actualite\/wp-content\/uploads\/2022\/12\/221212_premiere_offensive_neigeuse.png","width":1114,"height":529},{"@type":"BreadcrumbList","@id":"http:\/\/www.meteolafleche.com\/actualite\/2022\/12\/11\/episodes-neigeux-12-13-decembre-2022-topo\/#breadcrumb","itemListElement":[{"@type":"ListItem","position":1,"name":"Accueil","item":"http:\/\/www.meteolafleche.com\/actualite\/"},{"@type":"ListItem","position":2,"name":"Episode neigeux Lundi 12 et Mardi 13 D\u00e9cembre 2022 ? petit topo"}]},{"@type":"WebSite","@id":"http:\/\/www.meteolafleche.com\/actualite\/#website","url":"http:\/\/www.meteolafleche.com\/actualite\/","name":"M\u00e9t\u00e9olafleche - Blog actualit\u00e9s","description":"Actualit\u00e9s m\u00e9t\u00e9o ","potentialAction":[{"@type":"SearchAction","target":{"@type":"EntryPoint","urlTemplate":"http:\/\/www.meteolafleche.com\/actualite\/?s={search_term_string}"},"query-input":{"@type":"PropertyValueSpecification","valueRequired":true,"valueName":"search_term_string"}}],"inLanguage":"fr-FR"},{"@type":"Person","@id":"http:\/\/www.meteolafleche.com\/actualite\/#\/schema\/person\/a3f335c48c6b0b07b3a7ff55abb5e7a5","name":"M\u00e9t\u00e9olafl\u00e8che","image":{"@type":"ImageObject","inLanguage":"fr-FR","@id":"https:\/\/secure.gravatar.com\/avatar\/87018e78a84df868f9910cf7db506cf0e115cd6493382a089a41e0cf87a80762?s=96&d=mm&r=g","url":"https:\/\/secure.gravatar.com\/avatar\/87018e78a84df868f9910cf7db506cf0e115cd6493382a089a41e0cf87a80762?s=96&d=mm&r=g","contentUrl":"https:\/\/secure.gravatar.com\/avatar\/87018e78a84df868f9910cf7db506cf0e115cd6493382a089a41e0cf87a80762?s=96&d=mm&r=g","caption":"M\u00e9t\u00e9olafl\u00e8che"},"sameAs":["http:\/\/www.meteolafleche.com\/actualite"]}]}},"_links":{"self":[{"href":"http:\/\/www.meteolafleche.com\/actualite\/wp-json\/wp\/v2\/posts\/827","targetHints":{"allow":["GET"]}}],"collection":[{"href":"http:\/\/www.meteolafleche.com\/actualite\/wp-json\/wp\/v2\/posts"}],"about":[{"href":"http:\/\/www.meteolafleche.com\/actualite\/wp-json\/wp\/v2\/types\/post"}],"author":[{"embeddable":true,"href":"http:\/\/www.meteolafleche.com\/actualite\/wp-json\/wp\/v2\/users\/1"}],"replies":[{"embeddable":true,"href":"http:\/\/www.meteolafleche.com\/actualite\/wp-json\/wp\/v2\/comments?post=827"}],"version-history":[{"count":1,"href":"http:\/\/www.meteolafleche.com\/actualite\/wp-json\/wp\/v2\/posts\/827\/revisions"}],"predecessor-version":[{"id":832,"href":"http:\/\/www.meteolafleche.com\/actualite\/wp-json\/wp\/v2\/posts\/827\/revisions\/832"}],"wp:attachment":[{"href":"http:\/\/www.meteolafleche.com\/actualite\/wp-json\/wp\/v2\/media?parent=827"}],"wp:term":[{"taxonomy":"category","embeddable":true,"href":"http:\/\/www.meteolafleche.com\/actualite\/wp-json\/wp\/v2\/categories?post=827"},{"taxonomy":"post_tag","embeddable":true,"href":"http:\/\/www.meteolafleche.com\/actualite\/wp-json\/wp\/v2\/tags?post=827"}],"curies":[{"name":"wp","href":"https:\/\/api.w.org\/{rel}","templated":true}]}}