{"id":821,"date":"2022-12-09T11:49:00","date_gmt":"2022-12-09T10:49:00","guid":{"rendered":"http:\/\/www.meteolafleche.com\/actualite\/?p=821"},"modified":"2022-12-06T15:59:00","modified_gmt":"2022-12-06T14:59:00","slug":"meteo-du-9-au-18-decembre-2022-debut-des-vacances-de-noel","status":"publish","type":"post","link":"http:\/\/www.meteolafleche.com\/actualite\/2022\/12\/09\/meteo-du-9-au-18-decembre-2022-debut-des-vacances-de-noel\/","title":{"rendered":"M\u00e9t\u00e9o du 9 au 18 D\u00e9cembre 2022 d\u00e9but des vacances de Noel"},"content":{"rendered":"<div id=\"meteo-714675068\" class=\"meteo-avant-contenu meteo-entity-placement\"><script async src=\"\/\/pagead2.googlesyndication.com\/pagead\/js\/adsbygoogle.js?client=ca-pub-0501790310760996\" crossorigin=\"anonymous\"><\/script><ins class=\"adsbygoogle\" style=\"display:block;\" data-ad-client=\"ca-pub-0501790310760996\" \ndata-ad-slot=\"9802369648\" \ndata-ad-format=\"auto\"><\/ins>\n<script> \n(adsbygoogle = window.adsbygoogle || []).push({}); \n<\/script>\n<\/div>\n<p>Un temps beaucoup plus froid en perspective par rapport au d\u00e9but du mois <a href=\"http:\/\/www.meteolafleche.com\/actualite\/2022\/12\/02\/meteo-du-25-novembre-au-4-decembre-2022-humide\/\">http:\/\/www.meteolafleche.com\/actualite\/2022\/12\/02\/meteo-du-25-novembre-au-4-decembre-2022-humide\/<\/a><\/p>\n\n\n\n<figure class=\"wp-block-image size-full\"><img loading=\"lazy\" decoding=\"async\" width=\"600\" height=\"502\" src=\"http:\/\/www.meteolafleche.com\/actualite\/wp-content\/uploads\/2022\/12\/221213_meteo_france.png\" alt=\"M\u00e9t\u00e9o 13 D\u00e9cembre 2022\" class=\"wp-image-822\" srcset=\"http:\/\/www.meteolafleche.com\/actualite\/wp-content\/uploads\/2022\/12\/221213_meteo_france.png 600w, http:\/\/www.meteolafleche.com\/actualite\/wp-content\/uploads\/2022\/12\/221213_meteo_france-300x251.png 300w\" sizes=\"auto, (max-width: 600px) 100vw, 600px\" \/><\/figure>\n\n\n\n<p>Une nouvelle d\u00e9pression circulerait d&rsquo;Ouest en Est, non pas sur le Royaume Uni, mais sur la France.<\/p>\n\n\n\n<p>Par cons\u00e9quent, de fortes pr\u00e9cipitations \u00e0 pr\u00e9voir suivies d&rsquo;un tr\u00e8s net refroidissement ; la limite pluie-neige chuterait pour atteindre localement les plaines du Nord-Est.<\/p>\n\n\n\n<figure class=\"wp-block-image size-full\"><img loading=\"lazy\" decoding=\"async\" width=\"600\" height=\"502\" src=\"http:\/\/www.meteolafleche.com\/actualite\/wp-content\/uploads\/2022\/12\/221218_meteo_france.png\" alt=\"M\u00e9t\u00e9o 18 D\u00e9cembre 2022\" class=\"wp-image-823\" srcset=\"http:\/\/www.meteolafleche.com\/actualite\/wp-content\/uploads\/2022\/12\/221218_meteo_france.png 600w, http:\/\/www.meteolafleche.com\/actualite\/wp-content\/uploads\/2022\/12\/221218_meteo_france-300x251.png 300w\" sizes=\"auto, (max-width: 600px) 100vw, 600px\" \/><\/figure>\n\n\n\n<p>Le blocage anticyclonique pourrait se poursuivre et m\u00eame s&rsquo;accentuer sur les \u00eeles britanniques.<\/p>\n\n\n\n<p>En France, il prendrait la forme d&rsquo;un flux d&rsquo;Est en continu.<\/p>\n\n\n\n<p>Les temp\u00e9ratures n&rsquo;\u00e9volueraient pas v\u00e9ritablement et les averses de neige seraient fr\u00e9quentes sur l&rsquo;Alsace, la Lorraine, la Franche Comt\u00e9, la Bourgogne.<br>Sur le reste du pays, les averses se feraient sous forme de pluie au moment des premiers d\u00e9parts en vacances de Noel.<\/p>\n\n\n\n<p>Il va falloir patienter avant de retrouver des temp\u00eates comme en 2015 <a href=\"https:\/\/www.youtube.com\/watch?v=y48IxK01DOs\">https:\/\/www.youtube.com\/watch?v=y48IxK01DOs<\/a><\/p>\n<div id=\"meteo-2540182628\" class=\"meteo-apres-le-contenu meteo-entity-placement\"><script async src=\"\/\/pagead2.googlesyndication.com\/pagead\/js\/adsbygoogle.js?client=ca-pub-0501790310760996\" crossorigin=\"anonymous\"><\/script><ins class=\"adsbygoogle\" style=\"display:block;\" data-ad-client=\"ca-pub-0501790310760996\" \ndata-ad-slot=\"7540452242\" \ndata-ad-format=\"auto\"><\/ins>\n<script> \n(adsbygoogle = window.adsbygoogle || []).push({}); \n<\/script>\n<\/div>","protected":false},"excerpt":{"rendered":"<p>Un temps beaucoup plus froid en perspective par rapport au d\u00e9but du mois http:\/\/www.meteolafleche.com\/actualite\/2022\/12\/02\/meteo-du-25-novembre-au-4-decembre-2022-humide\/ Une nouvelle d\u00e9pression circulerait d&rsquo;Ouest en Est, non pas sur le Royaume Uni, mais sur la France. Par cons\u00e9quent, de fortes pr\u00e9cipitations \u00e0 pr\u00e9voir suivies d&rsquo;un tr\u00e8s net refroidissement ; la limite pluie-neige chuterait pour atteindre localement les plaines du Nord-Est. [&hellip;]<\/p>\n","protected":false},"author":1,"featured_media":0,"comment_status":"open","ping_status":"open","sticky":false,"template":"","format":"standard","meta":{"footnotes":""},"categories":[1],"tags":[99,122,88,17,14,16],"class_list":["post-821","post","type-post","status-publish","format-standard","hentry","category-tendance-meteo-a-long-terme","tag-99","tag-122","tag-88","tag-meteo","tag-novembre","tag-previsions"],"yoast_head":"<!-- This site is optimized with the Yoast SEO plugin v27.5 - https:\/\/yoast.com\/product\/yoast-seo-wordpress\/ -->\n<title>Toute la m\u00e9t\u00e9o du 9 au 18 D\u00e9cembre 2022 avant vacances de Noel<\/title>\n<meta name=\"description\" content=\"Les tendances m\u00e9t\u00e9o pour la p\u00e9riode du 9 au 18 D\u00e9cembre 2022 pr\u00e9c\u00e9dant les vacances de Noel - vers un temps hivernal avec de la neige ?\" \/>\n<meta name=\"robots\" content=\"index, follow, max-snippet:-1, max-image-preview:large, max-video-preview:-1\" \/>\n<link rel=\"canonical\" href=\"https:\/\/www.meteolafleche.com\/actualite\/2022\/12\/09\/meteo-du-9-au-18-decembre-2022-debut-des-vacances-de-noel\/\" \/>\n<meta property=\"og:locale\" content=\"fr_FR\" \/>\n<meta property=\"og:type\" content=\"article\" \/>\n<meta property=\"og:title\" content=\"Toute la m\u00e9t\u00e9o du 9 au 18 D\u00e9cembre 2022 avant vacances de Noel\" \/>\n<meta property=\"og:description\" content=\"Les tendances m\u00e9t\u00e9o pour la p\u00e9riode du 9 au 18 D\u00e9cembre 2022 pr\u00e9c\u00e9dant les vacances de Noel - vers un temps hivernal avec de la neige ?\" \/>\n<meta property=\"og:url\" content=\"https:\/\/www.meteolafleche.com\/actualite\/2022\/12\/09\/meteo-du-9-au-18-decembre-2022-debut-des-vacances-de-noel\/\" \/>\n<meta property=\"og:site_name\" content=\"M\u00e9t\u00e9olafleche\" \/>\n<meta property=\"article:publisher\" content=\"https:\/\/fr-fr.facebook.com\/Meteolafleche\/\" \/>\n<meta property=\"article:published_time\" content=\"2022-12-09T10:49:00+00:00\" \/>\n<meta property=\"og:image\" content=\"http:\/\/www.meteolafleche.com\/actualite\/wp-content\/uploads\/2022\/12\/221213_meteo_france.png\" \/>\n<meta name=\"author\" content=\"M\u00e9t\u00e9olafl\u00e8che\" \/>\n<meta name=\"twitter:card\" content=\"summary_large_image\" \/>\n<meta name=\"twitter:creator\" content=\"@Meteolafleche\" \/>\n<meta name=\"twitter:site\" content=\"@Meteolafleche\" \/>\n<meta name=\"twitter:label1\" content=\"\u00c9crit par\" \/>\n\t<meta name=\"twitter:data1\" content=\"M\u00e9t\u00e9olafl\u00e8che\" \/>\n\t<meta name=\"twitter:label2\" content=\"Dur\u00e9e de lecture estim\u00e9e\" \/>\n\t<meta name=\"twitter:data2\" content=\"2 minutes\" \/>\n<script type=\"application\/ld+json\" class=\"yoast-schema-graph\">{\"@context\":\"https:\\\/\\\/schema.org\",\"@graph\":[{\"@type\":\"Article\",\"@id\":\"https:\\\/\\\/www.meteolafleche.com\\\/actualite\\\/2022\\\/12\\\/09\\\/meteo-du-9-au-18-decembre-2022-debut-des-vacances-de-noel\\\/#article\",\"isPartOf\":{\"@id\":\"https:\\\/\\\/www.meteolafleche.com\\\/actualite\\\/2022\\\/12\\\/09\\\/meteo-du-9-au-18-decembre-2022-debut-des-vacances-de-noel\\\/\"},\"author\":{\"name\":\"M\u00e9t\u00e9olafl\u00e8che\",\"@id\":\"http:\\\/\\\/www.meteolafleche.com\\\/actualite\\\/#\\\/schema\\\/person\\\/a3f335c48c6b0b07b3a7ff55abb5e7a5\"},\"headline\":\"M\u00e9t\u00e9o du 9 au 18 D\u00e9cembre 2022 d\u00e9but des vacances de Noel\",\"datePublished\":\"2022-12-09T10:49:00+00:00\",\"mainEntityOfPage\":{\"@id\":\"https:\\\/\\\/www.meteolafleche.com\\\/actualite\\\/2022\\\/12\\\/09\\\/meteo-du-9-au-18-decembre-2022-debut-des-vacances-de-noel\\\/\"},\"wordCount\":174,\"commentCount\":1,\"image\":{\"@id\":\"https:\\\/\\\/www.meteolafleche.com\\\/actualite\\\/2022\\\/12\\\/09\\\/meteo-du-9-au-18-decembre-2022-debut-des-vacances-de-noel\\\/#primaryimage\"},\"thumbnailUrl\":\"http:\\\/\\\/www.meteolafleche.com\\\/actualite\\\/wp-content\\\/uploads\\\/2022\\\/12\\\/221213_meteo_france.png\",\"keywords\":[\"18\",\"2022\",\"9\",\"m\u00e9t\u00e9o\",\"novembre\",\"Pr\u00e9visions\"],\"articleSection\":[\"Tendance m\u00e9t\u00e9o \u00e0 long terme\"],\"inLanguage\":\"fr-FR\",\"potentialAction\":[{\"@type\":\"CommentAction\",\"name\":\"Comment\",\"target\":[\"https:\\\/\\\/www.meteolafleche.com\\\/actualite\\\/2022\\\/12\\\/09\\\/meteo-du-9-au-18-decembre-2022-debut-des-vacances-de-noel\\\/#respond\"]}]},{\"@type\":\"WebPage\",\"@id\":\"https:\\\/\\\/www.meteolafleche.com\\\/actualite\\\/2022\\\/12\\\/09\\\/meteo-du-9-au-18-decembre-2022-debut-des-vacances-de-noel\\\/\",\"url\":\"https:\\\/\\\/www.meteolafleche.com\\\/actualite\\\/2022\\\/12\\\/09\\\/meteo-du-9-au-18-decembre-2022-debut-des-vacances-de-noel\\\/\",\"name\":\"Toute la m\u00e9t\u00e9o du 9 au 18 D\u00e9cembre 2022 avant vacances de Noel\",\"isPartOf\":{\"@id\":\"http:\\\/\\\/www.meteolafleche.com\\\/actualite\\\/#website\"},\"primaryImageOfPage\":{\"@id\":\"https:\\\/\\\/www.meteolafleche.com\\\/actualite\\\/2022\\\/12\\\/09\\\/meteo-du-9-au-18-decembre-2022-debut-des-vacances-de-noel\\\/#primaryimage\"},\"image\":{\"@id\":\"https:\\\/\\\/www.meteolafleche.com\\\/actualite\\\/2022\\\/12\\\/09\\\/meteo-du-9-au-18-decembre-2022-debut-des-vacances-de-noel\\\/#primaryimage\"},\"thumbnailUrl\":\"http:\\\/\\\/www.meteolafleche.com\\\/actualite\\\/wp-content\\\/uploads\\\/2022\\\/12\\\/221213_meteo_france.png\",\"datePublished\":\"2022-12-09T10:49:00+00:00\",\"author\":{\"@id\":\"http:\\\/\\\/www.meteolafleche.com\\\/actualite\\\/#\\\/schema\\\/person\\\/a3f335c48c6b0b07b3a7ff55abb5e7a5\"},\"description\":\"Les tendances m\u00e9t\u00e9o pour la p\u00e9riode du 9 au 18 D\u00e9cembre 2022 pr\u00e9c\u00e9dant les vacances de Noel - vers un temps hivernal avec de la neige ?\",\"breadcrumb\":{\"@id\":\"https:\\\/\\\/www.meteolafleche.com\\\/actualite\\\/2022\\\/12\\\/09\\\/meteo-du-9-au-18-decembre-2022-debut-des-vacances-de-noel\\\/#breadcrumb\"},\"inLanguage\":\"fr-FR\",\"potentialAction\":[{\"@type\":\"ReadAction\",\"target\":[\"https:\\\/\\\/www.meteolafleche.com\\\/actualite\\\/2022\\\/12\\\/09\\\/meteo-du-9-au-18-decembre-2022-debut-des-vacances-de-noel\\\/\"]}]},{\"@type\":\"ImageObject\",\"inLanguage\":\"fr-FR\",\"@id\":\"https:\\\/\\\/www.meteolafleche.com\\\/actualite\\\/2022\\\/12\\\/09\\\/meteo-du-9-au-18-decembre-2022-debut-des-vacances-de-noel\\\/#primaryimage\",\"url\":\"http:\\\/\\\/www.meteolafleche.com\\\/actualite\\\/wp-content\\\/uploads\\\/2022\\\/12\\\/221213_meteo_france.png\",\"contentUrl\":\"http:\\\/\\\/www.meteolafleche.com\\\/actualite\\\/wp-content\\\/uploads\\\/2022\\\/12\\\/221213_meteo_france.png\"},{\"@type\":\"BreadcrumbList\",\"@id\":\"https:\\\/\\\/www.meteolafleche.com\\\/actualite\\\/2022\\\/12\\\/09\\\/meteo-du-9-au-18-decembre-2022-debut-des-vacances-de-noel\\\/#breadcrumb\",\"itemListElement\":[{\"@type\":\"ListItem\",\"position\":1,\"name\":\"Accueil\",\"item\":\"http:\\\/\\\/www.meteolafleche.com\\\/actualite\\\/\"},{\"@type\":\"ListItem\",\"position\":2,\"name\":\"M\u00e9t\u00e9o du 9 au 18 D\u00e9cembre 2022 d\u00e9but des vacances de Noel\"}]},{\"@type\":\"WebSite\",\"@id\":\"http:\\\/\\\/www.meteolafleche.com\\\/actualite\\\/#website\",\"url\":\"http:\\\/\\\/www.meteolafleche.com\\\/actualite\\\/\",\"name\":\"M\u00e9t\u00e9olafleche - Blog actualit\u00e9s\",\"description\":\"Actualit\u00e9s m\u00e9t\u00e9o \",\"potentialAction\":[{\"@type\":\"SearchAction\",\"target\":{\"@type\":\"EntryPoint\",\"urlTemplate\":\"http:\\\/\\\/www.meteolafleche.com\\\/actualite\\\/?s={search_term_string}\"},\"query-input\":{\"@type\":\"PropertyValueSpecification\",\"valueRequired\":true,\"valueName\":\"search_term_string\"}}],\"inLanguage\":\"fr-FR\"},{\"@type\":\"Person\",\"@id\":\"http:\\\/\\\/www.meteolafleche.com\\\/actualite\\\/#\\\/schema\\\/person\\\/a3f335c48c6b0b07b3a7ff55abb5e7a5\",\"name\":\"M\u00e9t\u00e9olafl\u00e8che\",\"image\":{\"@type\":\"ImageObject\",\"inLanguage\":\"fr-FR\",\"@id\":\"https:\\\/\\\/secure.gravatar.com\\\/avatar\\\/87018e78a84df868f9910cf7db506cf0e115cd6493382a089a41e0cf87a80762?s=96&d=mm&r=g\",\"url\":\"https:\\\/\\\/secure.gravatar.com\\\/avatar\\\/87018e78a84df868f9910cf7db506cf0e115cd6493382a089a41e0cf87a80762?s=96&d=mm&r=g\",\"contentUrl\":\"https:\\\/\\\/secure.gravatar.com\\\/avatar\\\/87018e78a84df868f9910cf7db506cf0e115cd6493382a089a41e0cf87a80762?s=96&d=mm&r=g\",\"caption\":\"M\u00e9t\u00e9olafl\u00e8che\"},\"sameAs\":[\"http:\\\/\\\/www.meteolafleche.com\\\/actualite\"]}]}<\/script>\n<!-- \/ Yoast SEO plugin. -->","yoast_head_json":{"title":"Toute la m\u00e9t\u00e9o du 9 au 18 D\u00e9cembre 2022 avant vacances de Noel","description":"Les tendances m\u00e9t\u00e9o pour la p\u00e9riode du 9 au 18 D\u00e9cembre 2022 pr\u00e9c\u00e9dant les vacances de Noel - vers un temps hivernal avec de la neige ?","robots":{"index":"index","follow":"follow","max-snippet":"max-snippet:-1","max-image-preview":"max-image-preview:large","max-video-preview":"max-video-preview:-1"},"canonical":"https:\/\/www.meteolafleche.com\/actualite\/2022\/12\/09\/meteo-du-9-au-18-decembre-2022-debut-des-vacances-de-noel\/","og_locale":"fr_FR","og_type":"article","og_title":"Toute la m\u00e9t\u00e9o du 9 au 18 D\u00e9cembre 2022 avant vacances de Noel","og_description":"Les tendances m\u00e9t\u00e9o pour la p\u00e9riode du 9 au 18 D\u00e9cembre 2022 pr\u00e9c\u00e9dant les vacances de Noel - vers un temps hivernal avec de la neige ?","og_url":"https:\/\/www.meteolafleche.com\/actualite\/2022\/12\/09\/meteo-du-9-au-18-decembre-2022-debut-des-vacances-de-noel\/","og_site_name":"M\u00e9t\u00e9olafleche","article_publisher":"https:\/\/fr-fr.facebook.com\/Meteolafleche\/","article_published_time":"2022-12-09T10:49:00+00:00","og_image":[{"url":"http:\/\/www.meteolafleche.com\/actualite\/wp-content\/uploads\/2022\/12\/221213_meteo_france.png","type":"","width":"","height":""}],"author":"M\u00e9t\u00e9olafl\u00e8che","twitter_card":"summary_large_image","twitter_creator":"@Meteolafleche","twitter_site":"@Meteolafleche","twitter_misc":{"\u00c9crit par":"M\u00e9t\u00e9olafl\u00e8che","Dur\u00e9e de lecture estim\u00e9e":"2 minutes"},"schema":{"@context":"https:\/\/schema.org","@graph":[{"@type":"Article","@id":"https:\/\/www.meteolafleche.com\/actualite\/2022\/12\/09\/meteo-du-9-au-18-decembre-2022-debut-des-vacances-de-noel\/#article","isPartOf":{"@id":"https:\/\/www.meteolafleche.com\/actualite\/2022\/12\/09\/meteo-du-9-au-18-decembre-2022-debut-des-vacances-de-noel\/"},"author":{"name":"M\u00e9t\u00e9olafl\u00e8che","@id":"http:\/\/www.meteolafleche.com\/actualite\/#\/schema\/person\/a3f335c48c6b0b07b3a7ff55abb5e7a5"},"headline":"M\u00e9t\u00e9o du 9 au 18 D\u00e9cembre 2022 d\u00e9but des vacances de Noel","datePublished":"2022-12-09T10:49:00+00:00","mainEntityOfPage":{"@id":"https:\/\/www.meteolafleche.com\/actualite\/2022\/12\/09\/meteo-du-9-au-18-decembre-2022-debut-des-vacances-de-noel\/"},"wordCount":174,"commentCount":1,"image":{"@id":"https:\/\/www.meteolafleche.com\/actualite\/2022\/12\/09\/meteo-du-9-au-18-decembre-2022-debut-des-vacances-de-noel\/#primaryimage"},"thumbnailUrl":"http:\/\/www.meteolafleche.com\/actualite\/wp-content\/uploads\/2022\/12\/221213_meteo_france.png","keywords":["18","2022","9","m\u00e9t\u00e9o","novembre","Pr\u00e9visions"],"articleSection":["Tendance m\u00e9t\u00e9o \u00e0 long terme"],"inLanguage":"fr-FR","potentialAction":[{"@type":"CommentAction","name":"Comment","target":["https:\/\/www.meteolafleche.com\/actualite\/2022\/12\/09\/meteo-du-9-au-18-decembre-2022-debut-des-vacances-de-noel\/#respond"]}]},{"@type":"WebPage","@id":"https:\/\/www.meteolafleche.com\/actualite\/2022\/12\/09\/meteo-du-9-au-18-decembre-2022-debut-des-vacances-de-noel\/","url":"https:\/\/www.meteolafleche.com\/actualite\/2022\/12\/09\/meteo-du-9-au-18-decembre-2022-debut-des-vacances-de-noel\/","name":"Toute la m\u00e9t\u00e9o du 9 au 18 D\u00e9cembre 2022 avant vacances de Noel","isPartOf":{"@id":"http:\/\/www.meteolafleche.com\/actualite\/#website"},"primaryImageOfPage":{"@id":"https:\/\/www.meteolafleche.com\/actualite\/2022\/12\/09\/meteo-du-9-au-18-decembre-2022-debut-des-vacances-de-noel\/#primaryimage"},"image":{"@id":"https:\/\/www.meteolafleche.com\/actualite\/2022\/12\/09\/meteo-du-9-au-18-decembre-2022-debut-des-vacances-de-noel\/#primaryimage"},"thumbnailUrl":"http:\/\/www.meteolafleche.com\/actualite\/wp-content\/uploads\/2022\/12\/221213_meteo_france.png","datePublished":"2022-12-09T10:49:00+00:00","author":{"@id":"http:\/\/www.meteolafleche.com\/actualite\/#\/schema\/person\/a3f335c48c6b0b07b3a7ff55abb5e7a5"},"description":"Les tendances m\u00e9t\u00e9o pour la p\u00e9riode du 9 au 18 D\u00e9cembre 2022 pr\u00e9c\u00e9dant les vacances de Noel - vers un temps hivernal avec de la neige ?","breadcrumb":{"@id":"https:\/\/www.meteolafleche.com\/actualite\/2022\/12\/09\/meteo-du-9-au-18-decembre-2022-debut-des-vacances-de-noel\/#breadcrumb"},"inLanguage":"fr-FR","potentialAction":[{"@type":"ReadAction","target":["https:\/\/www.meteolafleche.com\/actualite\/2022\/12\/09\/meteo-du-9-au-18-decembre-2022-debut-des-vacances-de-noel\/"]}]},{"@type":"ImageObject","inLanguage":"fr-FR","@id":"https:\/\/www.meteolafleche.com\/actualite\/2022\/12\/09\/meteo-du-9-au-18-decembre-2022-debut-des-vacances-de-noel\/#primaryimage","url":"http:\/\/www.meteolafleche.com\/actualite\/wp-content\/uploads\/2022\/12\/221213_meteo_france.png","contentUrl":"http:\/\/www.meteolafleche.com\/actualite\/wp-content\/uploads\/2022\/12\/221213_meteo_france.png"},{"@type":"BreadcrumbList","@id":"https:\/\/www.meteolafleche.com\/actualite\/2022\/12\/09\/meteo-du-9-au-18-decembre-2022-debut-des-vacances-de-noel\/#breadcrumb","itemListElement":[{"@type":"ListItem","position":1,"name":"Accueil","item":"http:\/\/www.meteolafleche.com\/actualite\/"},{"@type":"ListItem","position":2,"name":"M\u00e9t\u00e9o du 9 au 18 D\u00e9cembre 2022 d\u00e9but des vacances de Noel"}]},{"@type":"WebSite","@id":"http:\/\/www.meteolafleche.com\/actualite\/#website","url":"http:\/\/www.meteolafleche.com\/actualite\/","name":"M\u00e9t\u00e9olafleche - Blog actualit\u00e9s","description":"Actualit\u00e9s m\u00e9t\u00e9o ","potentialAction":[{"@type":"SearchAction","target":{"@type":"EntryPoint","urlTemplate":"http:\/\/www.meteolafleche.com\/actualite\/?s={search_term_string}"},"query-input":{"@type":"PropertyValueSpecification","valueRequired":true,"valueName":"search_term_string"}}],"inLanguage":"fr-FR"},{"@type":"Person","@id":"http:\/\/www.meteolafleche.com\/actualite\/#\/schema\/person\/a3f335c48c6b0b07b3a7ff55abb5e7a5","name":"M\u00e9t\u00e9olafl\u00e8che","image":{"@type":"ImageObject","inLanguage":"fr-FR","@id":"https:\/\/secure.gravatar.com\/avatar\/87018e78a84df868f9910cf7db506cf0e115cd6493382a089a41e0cf87a80762?s=96&d=mm&r=g","url":"https:\/\/secure.gravatar.com\/avatar\/87018e78a84df868f9910cf7db506cf0e115cd6493382a089a41e0cf87a80762?s=96&d=mm&r=g","contentUrl":"https:\/\/secure.gravatar.com\/avatar\/87018e78a84df868f9910cf7db506cf0e115cd6493382a089a41e0cf87a80762?s=96&d=mm&r=g","caption":"M\u00e9t\u00e9olafl\u00e8che"},"sameAs":["http:\/\/www.meteolafleche.com\/actualite"]}]}},"_links":{"self":[{"href":"http:\/\/www.meteolafleche.com\/actualite\/wp-json\/wp\/v2\/posts\/821","targetHints":{"allow":["GET"]}}],"collection":[{"href":"http:\/\/www.meteolafleche.com\/actualite\/wp-json\/wp\/v2\/posts"}],"about":[{"href":"http:\/\/www.meteolafleche.com\/actualite\/wp-json\/wp\/v2\/types\/post"}],"author":[{"embeddable":true,"href":"http:\/\/www.meteolafleche.com\/actualite\/wp-json\/wp\/v2\/users\/1"}],"replies":[{"embeddable":true,"href":"http:\/\/www.meteolafleche.com\/actualite\/wp-json\/wp\/v2\/comments?post=821"}],"version-history":[{"count":2,"href":"http:\/\/www.meteolafleche.com\/actualite\/wp-json\/wp\/v2\/posts\/821\/revisions"}],"predecessor-version":[{"id":825,"href":"http:\/\/www.meteolafleche.com\/actualite\/wp-json\/wp\/v2\/posts\/821\/revisions\/825"}],"wp:attachment":[{"href":"http:\/\/www.meteolafleche.com\/actualite\/wp-json\/wp\/v2\/media?parent=821"}],"wp:term":[{"taxonomy":"category","embeddable":true,"href":"http:\/\/www.meteolafleche.com\/actualite\/wp-json\/wp\/v2\/categories?post=821"},{"taxonomy":"post_tag","embeddable":true,"href":"http:\/\/www.meteolafleche.com\/actualite\/wp-json\/wp\/v2\/tags?post=821"}],"curies":[{"name":"wp","href":"https:\/\/api.w.org\/{rel}","templated":true}]}}