{"id":812,"date":"2022-11-18T10:41:00","date_gmt":"2022-11-18T09:41:00","guid":{"rendered":"http:\/\/www.meteolafleche.com\/actualite\/?p=812"},"modified":"2022-11-16T13:46:12","modified_gmt":"2022-11-16T12:46:12","slug":"meteo-du-18-au-27-novembre-2022-humide","status":"publish","type":"post","link":"http:\/\/www.meteolafleche.com\/actualite\/2022\/11\/18\/meteo-du-18-au-27-novembre-2022-humide\/","title":{"rendered":"M\u00e9t\u00e9o du 18 au 27 Novembre 2022 humide"},"content":{"rendered":"<div id=\"meteo-103063093\" class=\"meteo-avant-contenu meteo-entity-placement\"><script async src=\"\/\/pagead2.googlesyndication.com\/pagead\/js\/adsbygoogle.js?client=ca-pub-0501790310760996\" crossorigin=\"anonymous\"><\/script><ins class=\"adsbygoogle\" style=\"display:block;\" data-ad-client=\"ca-pub-0501790310760996\" \ndata-ad-slot=\"9802369648\" \ndata-ad-format=\"auto\"><\/ins>\n<script> \n(adsbygoogle = window.adsbygoogle || []).push({}); \n<\/script>\n<\/div>\n<p>Pas de v\u00e9ritables changements par rapport au d\u00e9but du mois <a href=\"http:\/\/www.meteolafleche.com\/actualite\/2022\/11\/11\/meteo-du-4-au-13-novembre-2022-humide\/\">http:\/\/www.meteolafleche.com\/actualite\/2022\/11\/11\/meteo-du-4-au-13-novembre-2022-humide\/<\/a><\/p>\n\n\n\n<figure class=\"wp-block-image size-full\"><img loading=\"lazy\" decoding=\"async\" width=\"600\" height=\"502\" src=\"http:\/\/www.meteolafleche.com\/actualite\/wp-content\/uploads\/2022\/11\/221122_meteo_france.png\" alt=\"M\u00e9t\u00e9o 22 Novembre 2022 France\" class=\"wp-image-813\" srcset=\"http:\/\/www.meteolafleche.com\/actualite\/wp-content\/uploads\/2022\/11\/221122_meteo_france.png 600w, http:\/\/www.meteolafleche.com\/actualite\/wp-content\/uploads\/2022\/11\/221122_meteo_france-300x251.png 300w\" sizes=\"auto, (max-width: 600px) 100vw, 600px\" \/><\/figure>\n\n\n\n<p>Le courant d\u00e9pressionnaire serait toujours autant actif avec son lots de pr\u00e9cipitations ; les nappes phr\u00e9atiques en profiteraient pour se remplir davantage.<\/p>\n\n\n\n<p>Dans un tel flux oc\u00e9anique, les temp\u00e9ratures garderaient une certaine douceur.<\/p>\n\n\n\n<figure class=\"wp-block-image size-full\"><img loading=\"lazy\" decoding=\"async\" width=\"600\" height=\"502\" src=\"http:\/\/www.meteolafleche.com\/actualite\/wp-content\/uploads\/2022\/11\/221127_meteo_france.png\" alt=\"M\u00e9t\u00e9o 27 Novembre 2022 France\" class=\"wp-image-814\" srcset=\"http:\/\/www.meteolafleche.com\/actualite\/wp-content\/uploads\/2022\/11\/221127_meteo_france.png 600w, http:\/\/www.meteolafleche.com\/actualite\/wp-content\/uploads\/2022\/11\/221127_meteo_france-300x251.png 300w\" sizes=\"auto, (max-width: 600px) 100vw, 600px\" \/><\/figure>\n\n\n\n<p>Vers une amorce de changement ? Le champ de pression remonterait par les \u00eeles britanniques puis sur l&rsquo;Espagne, le Portugal, la Scandinavie.<\/p>\n\n\n\n<p>La circulation oc\u00e9anique serait alors coup\u00e9e net ; le flux deviendrait continental : la conjonction \u00e9claircies nocturnes et vent moyen tr\u00e8s faible (5 km\/h) aboutirait \u00e0 une chute des temp\u00e9ratures minimales.<\/p>\n\n\n\n<p>Les maximales auraient du mal \u00e0 atteindre au Nord les 8 voire 10\u00b0C de part le vent de Nord-Est vivifiant, au Sud les 15\u00b0C.<\/p>\n\n\n\n<p>Une entr\u00e9e dans l&rsquo;hiver m\u00e9t\u00e9o avec quelques jours d&rsquo;avance ?<\/p>\n<div id=\"meteo-4089784882\" class=\"meteo-apres-le-contenu meteo-entity-placement\"><script async src=\"\/\/pagead2.googlesyndication.com\/pagead\/js\/adsbygoogle.js?client=ca-pub-0501790310760996\" crossorigin=\"anonymous\"><\/script><ins class=\"adsbygoogle\" style=\"display:block;\" data-ad-client=\"ca-pub-0501790310760996\" \ndata-ad-slot=\"7540452242\" \ndata-ad-format=\"auto\"><\/ins>\n<script> \n(adsbygoogle = window.adsbygoogle || []).push({}); \n<\/script>\n<\/div>","protected":false},"excerpt":{"rendered":"<p>Pas de v\u00e9ritables changements par rapport au d\u00e9but du mois http:\/\/www.meteolafleche.com\/actualite\/2022\/11\/11\/meteo-du-4-au-13-novembre-2022-humide\/ Le courant d\u00e9pressionnaire serait toujours autant actif avec son lots de pr\u00e9cipitations ; les nappes phr\u00e9atiques en profiteraient pour se remplir davantage. Dans un tel flux oc\u00e9anique, les temp\u00e9ratures garderaient une certaine douceur. Vers une amorce de changement ? Le champ de pression remonterait [&hellip;]<\/p>\n","protected":false},"author":1,"featured_media":0,"comment_status":"open","ping_status":"open","sticky":false,"template":"","format":"standard","meta":{"footnotes":""},"categories":[1],"tags":[99,122,21,17,14,16],"class_list":["post-812","post","type-post","status-publish","format-standard","hentry","category-tendance-meteo-a-long-terme","tag-99","tag-122","tag-21","tag-meteo","tag-novembre","tag-previsions"],"yoast_head":"<!-- This site is optimized with the Yoast SEO plugin v27.5 - https:\/\/yoast.com\/product\/yoast-seo-wordpress\/ -->\n<title>Toute la m\u00e9t\u00e9o du 18 au 27 Novembre 2022 humide et venteuse ?<\/title>\n<meta name=\"description\" content=\"Les tendances m\u00e9t\u00e9o pour la p\u00e9riode du 18 au 27 Novembre 2022 avec une tendance vers les fortes pluies et le vent turbulent ?\" \/>\n<meta name=\"robots\" content=\"index, follow, max-snippet:-1, max-image-preview:large, max-video-preview:-1\" \/>\n<link rel=\"canonical\" href=\"http:\/\/www.meteolafleche.com\/actualite\/2022\/11\/18\/meteo-du-18-au-27-novembre-2022-humide\/\" \/>\n<meta property=\"og:locale\" content=\"fr_FR\" \/>\n<meta property=\"og:type\" content=\"article\" \/>\n<meta property=\"og:title\" content=\"Toute la m\u00e9t\u00e9o du 18 au 27 Novembre 2022 humide et venteuse ?\" \/>\n<meta property=\"og:description\" content=\"Les tendances m\u00e9t\u00e9o pour la p\u00e9riode du 18 au 27 Novembre 2022 avec une tendance vers les fortes pluies et le vent turbulent ?\" \/>\n<meta property=\"og:url\" content=\"http:\/\/www.meteolafleche.com\/actualite\/2022\/11\/18\/meteo-du-18-au-27-novembre-2022-humide\/\" \/>\n<meta property=\"og:site_name\" content=\"M\u00e9t\u00e9olafleche\" \/>\n<meta property=\"article:publisher\" content=\"https:\/\/fr-fr.facebook.com\/Meteolafleche\/\" \/>\n<meta property=\"article:published_time\" content=\"2022-11-18T09:41:00+00:00\" \/>\n<meta property=\"og:image\" content=\"http:\/\/www.meteolafleche.com\/actualite\/wp-content\/uploads\/2022\/11\/221122_meteo_france.png\" \/>\n<meta name=\"author\" content=\"M\u00e9t\u00e9olafl\u00e8che\" \/>\n<meta name=\"twitter:card\" content=\"summary_large_image\" \/>\n<meta name=\"twitter:creator\" content=\"@Meteolafleche\" \/>\n<meta name=\"twitter:site\" content=\"@Meteolafleche\" \/>\n<meta name=\"twitter:label1\" content=\"\u00c9crit par\" \/>\n\t<meta name=\"twitter:data1\" content=\"M\u00e9t\u00e9olafl\u00e8che\" \/>\n\t<meta name=\"twitter:label2\" content=\"Dur\u00e9e de lecture estim\u00e9e\" \/>\n\t<meta name=\"twitter:data2\" content=\"2 minutes\" \/>\n<script type=\"application\/ld+json\" class=\"yoast-schema-graph\">{\"@context\":\"https:\\\/\\\/schema.org\",\"@graph\":[{\"@type\":\"Article\",\"@id\":\"http:\\\/\\\/www.meteolafleche.com\\\/actualite\\\/2022\\\/11\\\/18\\\/meteo-du-18-au-27-novembre-2022-humide\\\/#article\",\"isPartOf\":{\"@id\":\"http:\\\/\\\/www.meteolafleche.com\\\/actualite\\\/2022\\\/11\\\/18\\\/meteo-du-18-au-27-novembre-2022-humide\\\/\"},\"author\":{\"name\":\"M\u00e9t\u00e9olafl\u00e8che\",\"@id\":\"https:\\\/\\\/www.meteolafleche.com\\\/actualite\\\/#\\\/schema\\\/person\\\/a3f335c48c6b0b07b3a7ff55abb5e7a5\"},\"headline\":\"M\u00e9t\u00e9o du 18 au 27 Novembre 2022 humide\",\"datePublished\":\"2022-11-18T09:41:00+00:00\",\"mainEntityOfPage\":{\"@id\":\"http:\\\/\\\/www.meteolafleche.com\\\/actualite\\\/2022\\\/11\\\/18\\\/meteo-du-18-au-27-novembre-2022-humide\\\/\"},\"wordCount\":152,\"commentCount\":1,\"image\":{\"@id\":\"http:\\\/\\\/www.meteolafleche.com\\\/actualite\\\/2022\\\/11\\\/18\\\/meteo-du-18-au-27-novembre-2022-humide\\\/#primaryimage\"},\"thumbnailUrl\":\"http:\\\/\\\/www.meteolafleche.com\\\/actualite\\\/wp-content\\\/uploads\\\/2022\\\/11\\\/221122_meteo_france.png\",\"keywords\":[\"18\",\"2022\",\"27\",\"m\u00e9t\u00e9o\",\"novembre\",\"Pr\u00e9visions\"],\"articleSection\":[\"Tendance m\u00e9t\u00e9o \u00e0 long terme\"],\"inLanguage\":\"fr-FR\",\"potentialAction\":[{\"@type\":\"CommentAction\",\"name\":\"Comment\",\"target\":[\"http:\\\/\\\/www.meteolafleche.com\\\/actualite\\\/2022\\\/11\\\/18\\\/meteo-du-18-au-27-novembre-2022-humide\\\/#respond\"]}]},{\"@type\":\"WebPage\",\"@id\":\"http:\\\/\\\/www.meteolafleche.com\\\/actualite\\\/2022\\\/11\\\/18\\\/meteo-du-18-au-27-novembre-2022-humide\\\/\",\"url\":\"http:\\\/\\\/www.meteolafleche.com\\\/actualite\\\/2022\\\/11\\\/18\\\/meteo-du-18-au-27-novembre-2022-humide\\\/\",\"name\":\"Toute la m\u00e9t\u00e9o du 18 au 27 Novembre 2022 humide et venteuse ?\",\"isPartOf\":{\"@id\":\"https:\\\/\\\/www.meteolafleche.com\\\/actualite\\\/#website\"},\"primaryImageOfPage\":{\"@id\":\"http:\\\/\\\/www.meteolafleche.com\\\/actualite\\\/2022\\\/11\\\/18\\\/meteo-du-18-au-27-novembre-2022-humide\\\/#primaryimage\"},\"image\":{\"@id\":\"http:\\\/\\\/www.meteolafleche.com\\\/actualite\\\/2022\\\/11\\\/18\\\/meteo-du-18-au-27-novembre-2022-humide\\\/#primaryimage\"},\"thumbnailUrl\":\"http:\\\/\\\/www.meteolafleche.com\\\/actualite\\\/wp-content\\\/uploads\\\/2022\\\/11\\\/221122_meteo_france.png\",\"datePublished\":\"2022-11-18T09:41:00+00:00\",\"author\":{\"@id\":\"https:\\\/\\\/www.meteolafleche.com\\\/actualite\\\/#\\\/schema\\\/person\\\/a3f335c48c6b0b07b3a7ff55abb5e7a5\"},\"description\":\"Les tendances m\u00e9t\u00e9o pour la p\u00e9riode du 18 au 27 Novembre 2022 avec une tendance vers les fortes pluies et le vent turbulent ?\",\"breadcrumb\":{\"@id\":\"http:\\\/\\\/www.meteolafleche.com\\\/actualite\\\/2022\\\/11\\\/18\\\/meteo-du-18-au-27-novembre-2022-humide\\\/#breadcrumb\"},\"inLanguage\":\"fr-FR\",\"potentialAction\":[{\"@type\":\"ReadAction\",\"target\":[\"http:\\\/\\\/www.meteolafleche.com\\\/actualite\\\/2022\\\/11\\\/18\\\/meteo-du-18-au-27-novembre-2022-humide\\\/\"]}]},{\"@type\":\"ImageObject\",\"inLanguage\":\"fr-FR\",\"@id\":\"http:\\\/\\\/www.meteolafleche.com\\\/actualite\\\/2022\\\/11\\\/18\\\/meteo-du-18-au-27-novembre-2022-humide\\\/#primaryimage\",\"url\":\"http:\\\/\\\/www.meteolafleche.com\\\/actualite\\\/wp-content\\\/uploads\\\/2022\\\/11\\\/221122_meteo_france.png\",\"contentUrl\":\"http:\\\/\\\/www.meteolafleche.com\\\/actualite\\\/wp-content\\\/uploads\\\/2022\\\/11\\\/221122_meteo_france.png\",\"width\":600,\"height\":502},{\"@type\":\"BreadcrumbList\",\"@id\":\"http:\\\/\\\/www.meteolafleche.com\\\/actualite\\\/2022\\\/11\\\/18\\\/meteo-du-18-au-27-novembre-2022-humide\\\/#breadcrumb\",\"itemListElement\":[{\"@type\":\"ListItem\",\"position\":1,\"name\":\"Accueil\",\"item\":\"https:\\\/\\\/www.meteolafleche.com\\\/actualite\\\/\"},{\"@type\":\"ListItem\",\"position\":2,\"name\":\"M\u00e9t\u00e9o du 18 au 27 Novembre 2022 humide\"}]},{\"@type\":\"WebSite\",\"@id\":\"https:\\\/\\\/www.meteolafleche.com\\\/actualite\\\/#website\",\"url\":\"https:\\\/\\\/www.meteolafleche.com\\\/actualite\\\/\",\"name\":\"M\u00e9t\u00e9olafleche - Blog actualit\u00e9s\",\"description\":\"Actualit\u00e9s m\u00e9t\u00e9o \",\"potentialAction\":[{\"@type\":\"SearchAction\",\"target\":{\"@type\":\"EntryPoint\",\"urlTemplate\":\"https:\\\/\\\/www.meteolafleche.com\\\/actualite\\\/?s={search_term_string}\"},\"query-input\":{\"@type\":\"PropertyValueSpecification\",\"valueRequired\":true,\"valueName\":\"search_term_string\"}}],\"inLanguage\":\"fr-FR\"},{\"@type\":\"Person\",\"@id\":\"https:\\\/\\\/www.meteolafleche.com\\\/actualite\\\/#\\\/schema\\\/person\\\/a3f335c48c6b0b07b3a7ff55abb5e7a5\",\"name\":\"M\u00e9t\u00e9olafl\u00e8che\",\"image\":{\"@type\":\"ImageObject\",\"inLanguage\":\"fr-FR\",\"@id\":\"https:\\\/\\\/secure.gravatar.com\\\/avatar\\\/87018e78a84df868f9910cf7db506cf0e115cd6493382a089a41e0cf87a80762?s=96&d=mm&r=g\",\"url\":\"https:\\\/\\\/secure.gravatar.com\\\/avatar\\\/87018e78a84df868f9910cf7db506cf0e115cd6493382a089a41e0cf87a80762?s=96&d=mm&r=g\",\"contentUrl\":\"https:\\\/\\\/secure.gravatar.com\\\/avatar\\\/87018e78a84df868f9910cf7db506cf0e115cd6493382a089a41e0cf87a80762?s=96&d=mm&r=g\",\"caption\":\"M\u00e9t\u00e9olafl\u00e8che\"},\"sameAs\":[\"http:\\\/\\\/www.meteolafleche.com\\\/actualite\"]}]}<\/script>\n<!-- \/ Yoast SEO plugin. -->","yoast_head_json":{"title":"Toute la m\u00e9t\u00e9o du 18 au 27 Novembre 2022 humide et venteuse ?","description":"Les tendances m\u00e9t\u00e9o pour la p\u00e9riode du 18 au 27 Novembre 2022 avec une tendance vers les fortes pluies et le vent turbulent ?","robots":{"index":"index","follow":"follow","max-snippet":"max-snippet:-1","max-image-preview":"max-image-preview:large","max-video-preview":"max-video-preview:-1"},"canonical":"http:\/\/www.meteolafleche.com\/actualite\/2022\/11\/18\/meteo-du-18-au-27-novembre-2022-humide\/","og_locale":"fr_FR","og_type":"article","og_title":"Toute la m\u00e9t\u00e9o du 18 au 27 Novembre 2022 humide et venteuse ?","og_description":"Les tendances m\u00e9t\u00e9o pour la p\u00e9riode du 18 au 27 Novembre 2022 avec une tendance vers les fortes pluies et le vent turbulent ?","og_url":"http:\/\/www.meteolafleche.com\/actualite\/2022\/11\/18\/meteo-du-18-au-27-novembre-2022-humide\/","og_site_name":"M\u00e9t\u00e9olafleche","article_publisher":"https:\/\/fr-fr.facebook.com\/Meteolafleche\/","article_published_time":"2022-11-18T09:41:00+00:00","og_image":[{"url":"http:\/\/www.meteolafleche.com\/actualite\/wp-content\/uploads\/2022\/11\/221122_meteo_france.png","type":"","width":"","height":""}],"author":"M\u00e9t\u00e9olafl\u00e8che","twitter_card":"summary_large_image","twitter_creator":"@Meteolafleche","twitter_site":"@Meteolafleche","twitter_misc":{"\u00c9crit par":"M\u00e9t\u00e9olafl\u00e8che","Dur\u00e9e de lecture estim\u00e9e":"2 minutes"},"schema":{"@context":"https:\/\/schema.org","@graph":[{"@type":"Article","@id":"http:\/\/www.meteolafleche.com\/actualite\/2022\/11\/18\/meteo-du-18-au-27-novembre-2022-humide\/#article","isPartOf":{"@id":"http:\/\/www.meteolafleche.com\/actualite\/2022\/11\/18\/meteo-du-18-au-27-novembre-2022-humide\/"},"author":{"name":"M\u00e9t\u00e9olafl\u00e8che","@id":"https:\/\/www.meteolafleche.com\/actualite\/#\/schema\/person\/a3f335c48c6b0b07b3a7ff55abb5e7a5"},"headline":"M\u00e9t\u00e9o du 18 au 27 Novembre 2022 humide","datePublished":"2022-11-18T09:41:00+00:00","mainEntityOfPage":{"@id":"http:\/\/www.meteolafleche.com\/actualite\/2022\/11\/18\/meteo-du-18-au-27-novembre-2022-humide\/"},"wordCount":152,"commentCount":1,"image":{"@id":"http:\/\/www.meteolafleche.com\/actualite\/2022\/11\/18\/meteo-du-18-au-27-novembre-2022-humide\/#primaryimage"},"thumbnailUrl":"http:\/\/www.meteolafleche.com\/actualite\/wp-content\/uploads\/2022\/11\/221122_meteo_france.png","keywords":["18","2022","27","m\u00e9t\u00e9o","novembre","Pr\u00e9visions"],"articleSection":["Tendance m\u00e9t\u00e9o \u00e0 long terme"],"inLanguage":"fr-FR","potentialAction":[{"@type":"CommentAction","name":"Comment","target":["http:\/\/www.meteolafleche.com\/actualite\/2022\/11\/18\/meteo-du-18-au-27-novembre-2022-humide\/#respond"]}]},{"@type":"WebPage","@id":"http:\/\/www.meteolafleche.com\/actualite\/2022\/11\/18\/meteo-du-18-au-27-novembre-2022-humide\/","url":"http:\/\/www.meteolafleche.com\/actualite\/2022\/11\/18\/meteo-du-18-au-27-novembre-2022-humide\/","name":"Toute la m\u00e9t\u00e9o du 18 au 27 Novembre 2022 humide et venteuse ?","isPartOf":{"@id":"https:\/\/www.meteolafleche.com\/actualite\/#website"},"primaryImageOfPage":{"@id":"http:\/\/www.meteolafleche.com\/actualite\/2022\/11\/18\/meteo-du-18-au-27-novembre-2022-humide\/#primaryimage"},"image":{"@id":"http:\/\/www.meteolafleche.com\/actualite\/2022\/11\/18\/meteo-du-18-au-27-novembre-2022-humide\/#primaryimage"},"thumbnailUrl":"http:\/\/www.meteolafleche.com\/actualite\/wp-content\/uploads\/2022\/11\/221122_meteo_france.png","datePublished":"2022-11-18T09:41:00+00:00","author":{"@id":"https:\/\/www.meteolafleche.com\/actualite\/#\/schema\/person\/a3f335c48c6b0b07b3a7ff55abb5e7a5"},"description":"Les tendances m\u00e9t\u00e9o pour la p\u00e9riode du 18 au 27 Novembre 2022 avec une tendance vers les fortes pluies et le vent turbulent ?","breadcrumb":{"@id":"http:\/\/www.meteolafleche.com\/actualite\/2022\/11\/18\/meteo-du-18-au-27-novembre-2022-humide\/#breadcrumb"},"inLanguage":"fr-FR","potentialAction":[{"@type":"ReadAction","target":["http:\/\/www.meteolafleche.com\/actualite\/2022\/11\/18\/meteo-du-18-au-27-novembre-2022-humide\/"]}]},{"@type":"ImageObject","inLanguage":"fr-FR","@id":"http:\/\/www.meteolafleche.com\/actualite\/2022\/11\/18\/meteo-du-18-au-27-novembre-2022-humide\/#primaryimage","url":"http:\/\/www.meteolafleche.com\/actualite\/wp-content\/uploads\/2022\/11\/221122_meteo_france.png","contentUrl":"http:\/\/www.meteolafleche.com\/actualite\/wp-content\/uploads\/2022\/11\/221122_meteo_france.png","width":600,"height":502},{"@type":"BreadcrumbList","@id":"http:\/\/www.meteolafleche.com\/actualite\/2022\/11\/18\/meteo-du-18-au-27-novembre-2022-humide\/#breadcrumb","itemListElement":[{"@type":"ListItem","position":1,"name":"Accueil","item":"https:\/\/www.meteolafleche.com\/actualite\/"},{"@type":"ListItem","position":2,"name":"M\u00e9t\u00e9o du 18 au 27 Novembre 2022 humide"}]},{"@type":"WebSite","@id":"https:\/\/www.meteolafleche.com\/actualite\/#website","url":"https:\/\/www.meteolafleche.com\/actualite\/","name":"M\u00e9t\u00e9olafleche - Blog actualit\u00e9s","description":"Actualit\u00e9s m\u00e9t\u00e9o ","potentialAction":[{"@type":"SearchAction","target":{"@type":"EntryPoint","urlTemplate":"https:\/\/www.meteolafleche.com\/actualite\/?s={search_term_string}"},"query-input":{"@type":"PropertyValueSpecification","valueRequired":true,"valueName":"search_term_string"}}],"inLanguage":"fr-FR"},{"@type":"Person","@id":"https:\/\/www.meteolafleche.com\/actualite\/#\/schema\/person\/a3f335c48c6b0b07b3a7ff55abb5e7a5","name":"M\u00e9t\u00e9olafl\u00e8che","image":{"@type":"ImageObject","inLanguage":"fr-FR","@id":"https:\/\/secure.gravatar.com\/avatar\/87018e78a84df868f9910cf7db506cf0e115cd6493382a089a41e0cf87a80762?s=96&d=mm&r=g","url":"https:\/\/secure.gravatar.com\/avatar\/87018e78a84df868f9910cf7db506cf0e115cd6493382a089a41e0cf87a80762?s=96&d=mm&r=g","contentUrl":"https:\/\/secure.gravatar.com\/avatar\/87018e78a84df868f9910cf7db506cf0e115cd6493382a089a41e0cf87a80762?s=96&d=mm&r=g","caption":"M\u00e9t\u00e9olafl\u00e8che"},"sameAs":["http:\/\/www.meteolafleche.com\/actualite"]}]}},"_links":{"self":[{"href":"http:\/\/www.meteolafleche.com\/actualite\/wp-json\/wp\/v2\/posts\/812","targetHints":{"allow":["GET"]}}],"collection":[{"href":"http:\/\/www.meteolafleche.com\/actualite\/wp-json\/wp\/v2\/posts"}],"about":[{"href":"http:\/\/www.meteolafleche.com\/actualite\/wp-json\/wp\/v2\/types\/post"}],"author":[{"embeddable":true,"href":"http:\/\/www.meteolafleche.com\/actualite\/wp-json\/wp\/v2\/users\/1"}],"replies":[{"embeddable":true,"href":"http:\/\/www.meteolafleche.com\/actualite\/wp-json\/wp\/v2\/comments?post=812"}],"version-history":[{"count":1,"href":"http:\/\/www.meteolafleche.com\/actualite\/wp-json\/wp\/v2\/posts\/812\/revisions"}],"predecessor-version":[{"id":815,"href":"http:\/\/www.meteolafleche.com\/actualite\/wp-json\/wp\/v2\/posts\/812\/revisions\/815"}],"wp:attachment":[{"href":"http:\/\/www.meteolafleche.com\/actualite\/wp-json\/wp\/v2\/media?parent=812"}],"wp:term":[{"taxonomy":"category","embeddable":true,"href":"http:\/\/www.meteolafleche.com\/actualite\/wp-json\/wp\/v2\/categories?post=812"},{"taxonomy":"post_tag","embeddable":true,"href":"http:\/\/www.meteolafleche.com\/actualite\/wp-json\/wp\/v2\/tags?post=812"}],"curies":[{"name":"wp","href":"https:\/\/api.w.org\/{rel}","templated":true}]}}