{"id":436,"date":"2021-07-09T09:54:00","date_gmt":"2021-07-09T07:54:00","guid":{"rendered":"http:\/\/www.meteolafleche.com\/actualite\/?p=436"},"modified":"2021-07-08T14:06:38","modified_gmt":"2021-07-08T12:06:38","slug":"meteo-du-9-au-18-juillet-2021-sec","status":"publish","type":"post","link":"http:\/\/www.meteolafleche.com\/actualite\/2021\/07\/09\/meteo-du-9-au-18-juillet-2021-sec\/","title":{"rendered":"M\u00e9t\u00e9o du 9 au 18 Juillet 2021 sec"},"content":{"rendered":"<div id=\"meteo-326393316\" class=\"meteo-avant-contenu meteo-entity-placement\"><script async src=\"\/\/pagead2.googlesyndication.com\/pagead\/js\/adsbygoogle.js?client=ca-pub-0501790310760996\" crossorigin=\"anonymous\"><\/script><ins class=\"adsbygoogle\" style=\"display:block;\" data-ad-client=\"ca-pub-0501790310760996\" \ndata-ad-slot=\"9802369648\" \ndata-ad-format=\"auto\"><\/ins>\n<script> \n(adsbygoogle = window.adsbygoogle || []).push({}); \n<\/script>\n<\/div>\n<p>Il est cens\u00e9 faire plus sec sur tout le pays mais le Nord r\u00e9sisterait encore \u00e0 \u00ab\u00a0l&rsquo;envahisseur\u00a0\u00bb pr\u00e9nomm\u00e9 \u00ab\u00a0\u00e9t\u00e9\u00a0\u00bb <a href=\"http:\/\/www.meteolafleche.com\/actualite\/2021\/07\/02\/meteo-du-2-au-11-juillet-2021-sec\/\">http:\/\/www.meteolafleche.com\/actualite\/2021\/07\/02\/meteo-du-2-au-11-juillet-2021-sec\/<\/a><\/p>\n\n\n\n<figure class=\"wp-block-image size-large\"><img loading=\"lazy\" decoding=\"async\" width=\"600\" height=\"502\" src=\"http:\/\/www.meteolafleche.com\/actualite\/wp-content\/uploads\/2021\/07\/210713_meteo_france.png\" alt=\"M\u00e9t\u00e9o 13 Juillet 2021\" class=\"wp-image-437\" srcset=\"http:\/\/www.meteolafleche.com\/actualite\/wp-content\/uploads\/2021\/07\/210713_meteo_france.png 600w, http:\/\/www.meteolafleche.com\/actualite\/wp-content\/uploads\/2021\/07\/210713_meteo_france-300x251.png 300w\" sizes=\"auto, (max-width: 600px) 100vw, 600px\" \/><\/figure>\n\n\n\n<p>Il n&rsquo;y aurait toujours pas de v\u00e9ritable am\u00e9lioration en vue pour le d\u00e9but des grandes vacances d&rsquo;\u00e9t\u00e9.<\/p>\n\n\n\n<p>Les hautes pressions ne reviendraient que par \u00e0 coup, et encore via une dorsale comme les 11 et 12 Juillet 2021 probablement.<\/p>\n\n\n\n<p>Cependant, le syst\u00e8me d\u00e9pressionnaire britannique reprendrait rapidement le dessus laissant penser \u00e0 une nouvelle d\u00e9gradation (orageuse).<\/p>\n\n\n\n<figure class=\"wp-block-image size-large\"><img loading=\"lazy\" decoding=\"async\" width=\"600\" height=\"502\" src=\"http:\/\/www.meteolafleche.com\/actualite\/wp-content\/uploads\/2021\/07\/210718_meteo_france.png\" alt=\"M\u00e9t\u00e9o du 18 Juillet 2021\" class=\"wp-image-438\" srcset=\"http:\/\/www.meteolafleche.com\/actualite\/wp-content\/uploads\/2021\/07\/210718_meteo_france.png 600w, http:\/\/www.meteolafleche.com\/actualite\/wp-content\/uploads\/2021\/07\/210718_meteo_france-300x251.png 300w\" sizes=\"auto, (max-width: 600px) 100vw, 600px\" \/><\/figure>\n\n\n\n<p>Un temps orageux pour la f\u00eate nationale sur les trois quarts du pays ?<br>Les derni\u00e8res tendances seraient claires \u00e0 ce sujet&#8230;<\/p>\n\n\n\n<p>Quant aux intensit\u00e9s, il faudrait attendre la veille voire le jour m\u00eame comme en 2018 \u00e0 Nantes <a href=\"https:\/\/www.youtube.com\/watch?v=g7mrVY7geYo\">https:\/\/www.youtube.com\/watch?v=g7mrVY7geYo<\/a><\/p>\n\n\n\n<p>Il y aurait encore ce courant d\u00e9pressionnaire sur les \u00eeles britanniques et d\u00e9bordant partiellement sur le Nord et l&rsquo;Ouest de la France.<\/p>\n\n\n\n<p>Seul le pourtour m\u00e9diterran\u00e9en s&rsquo;en sortirait le mieux au prix d&rsquo;un fort Mistral.<\/p>\n<div id=\"meteo-3378455666\" class=\"meteo-apres-le-contenu meteo-entity-placement\"><script async src=\"\/\/pagead2.googlesyndication.com\/pagead\/js\/adsbygoogle.js?client=ca-pub-0501790310760996\" crossorigin=\"anonymous\"><\/script><ins class=\"adsbygoogle\" style=\"display:block;\" data-ad-client=\"ca-pub-0501790310760996\" \ndata-ad-slot=\"7540452242\" \ndata-ad-format=\"auto\"><\/ins>\n<script> \n(adsbygoogle = window.adsbygoogle || []).push({}); \n<\/script>\n<\/div>","protected":false},"excerpt":{"rendered":"<p>Il est cens\u00e9 faire plus sec sur tout le pays mais le Nord r\u00e9sisterait encore \u00e0 \u00ab\u00a0l&rsquo;envahisseur\u00a0\u00bb pr\u00e9nomm\u00e9 \u00ab\u00a0\u00e9t\u00e9\u00a0\u00bb http:\/\/www.meteolafleche.com\/actualite\/2021\/07\/02\/meteo-du-2-au-11-juillet-2021-sec\/ Il n&rsquo;y aurait toujours pas de v\u00e9ritable am\u00e9lioration en vue pour le d\u00e9but des grandes vacances d&rsquo;\u00e9t\u00e9. Les hautes pressions ne reviendraient que par \u00e0 coup, et encore via une dorsale comme les 11 et [&hellip;]<\/p>\n","protected":false},"author":1,"featured_media":0,"comment_status":"open","ping_status":"open","sticky":false,"template":"","format":"standard","meta":{"footnotes":""},"categories":[1],"tags":[99,37,88,100,17,16,104],"class_list":["post-436","post","type-post","status-publish","format-standard","hentry","category-tendance-meteo-a-long-terme","tag-99","tag-37","tag-88","tag-juillet","tag-meteo","tag-previsions","tag-sec"],"yoast_head":"<!-- This site is optimized with the Yoast SEO plugin v27.5 - https:\/\/yoast.com\/product\/yoast-seo-wordpress\/ -->\n<title>Toute la m\u00e9t\u00e9o du Vendredi 9 au Dimanche 18 Juillet 2021 plus s\u00e8che ?<\/title>\n<meta name=\"description\" content=\"Les pr\u00e9visions m\u00e9t\u00e9o pour la p\u00e9riode du 9 au 18 Juillet 2021 marqu\u00e9es par un retour de l&#039;\u00e9t\u00e9 ? persistance du courant d&#039;Ouest ?\" \/>\n<meta name=\"robots\" content=\"index, follow, max-snippet:-1, max-image-preview:large, max-video-preview:-1\" \/>\n<link rel=\"canonical\" href=\"http:\/\/www.meteolafleche.com\/actualite\/2021\/07\/09\/meteo-du-9-au-18-juillet-2021-sec\/\" \/>\n<meta property=\"og:locale\" content=\"fr_FR\" \/>\n<meta property=\"og:type\" content=\"article\" \/>\n<meta property=\"og:title\" content=\"Toute la m\u00e9t\u00e9o du Vendredi 9 au Dimanche 18 Juillet 2021 plus s\u00e8che ?\" \/>\n<meta property=\"og:description\" content=\"Les pr\u00e9visions m\u00e9t\u00e9o pour la p\u00e9riode du 9 au 18 Juillet 2021 marqu\u00e9es par un retour de l&#039;\u00e9t\u00e9 ? persistance du courant d&#039;Ouest ?\" \/>\n<meta property=\"og:url\" content=\"http:\/\/www.meteolafleche.com\/actualite\/2021\/07\/09\/meteo-du-9-au-18-juillet-2021-sec\/\" \/>\n<meta property=\"og:site_name\" content=\"M\u00e9t\u00e9olafleche\" \/>\n<meta property=\"article:publisher\" content=\"https:\/\/fr-fr.facebook.com\/Meteolafleche\/\" \/>\n<meta property=\"article:published_time\" content=\"2021-07-09T07:54:00+00:00\" \/>\n<meta property=\"og:image\" content=\"http:\/\/www.meteolafleche.com\/actualite\/wp-content\/uploads\/2021\/07\/210713_meteo_france.png\" \/>\n<meta name=\"author\" content=\"M\u00e9t\u00e9olafl\u00e8che\" \/>\n<meta name=\"twitter:card\" content=\"summary_large_image\" \/>\n<meta name=\"twitter:creator\" content=\"@Meteolafleche\" \/>\n<meta name=\"twitter:site\" content=\"@Meteolafleche\" \/>\n<meta name=\"twitter:label1\" content=\"\u00c9crit par\" \/>\n\t<meta name=\"twitter:data1\" content=\"M\u00e9t\u00e9olafl\u00e8che\" \/>\n\t<meta name=\"twitter:label2\" content=\"Dur\u00e9e de lecture estim\u00e9e\" \/>\n\t<meta name=\"twitter:data2\" content=\"2 minutes\" \/>\n<script type=\"application\/ld+json\" class=\"yoast-schema-graph\">{\"@context\":\"https:\\\/\\\/schema.org\",\"@graph\":[{\"@type\":\"Article\",\"@id\":\"http:\\\/\\\/www.meteolafleche.com\\\/actualite\\\/2021\\\/07\\\/09\\\/meteo-du-9-au-18-juillet-2021-sec\\\/#article\",\"isPartOf\":{\"@id\":\"http:\\\/\\\/www.meteolafleche.com\\\/actualite\\\/2021\\\/07\\\/09\\\/meteo-du-9-au-18-juillet-2021-sec\\\/\"},\"author\":{\"name\":\"M\u00e9t\u00e9olafl\u00e8che\",\"@id\":\"https:\\\/\\\/www.meteolafleche.com\\\/actualite\\\/#\\\/schema\\\/person\\\/a3f335c48c6b0b07b3a7ff55abb5e7a5\"},\"headline\":\"M\u00e9t\u00e9o du 9 au 18 Juillet 2021 sec\",\"datePublished\":\"2021-07-09T07:54:00+00:00\",\"mainEntityOfPage\":{\"@id\":\"http:\\\/\\\/www.meteolafleche.com\\\/actualite\\\/2021\\\/07\\\/09\\\/meteo-du-9-au-18-juillet-2021-sec\\\/\"},\"wordCount\":180,\"commentCount\":1,\"image\":{\"@id\":\"http:\\\/\\\/www.meteolafleche.com\\\/actualite\\\/2021\\\/07\\\/09\\\/meteo-du-9-au-18-juillet-2021-sec\\\/#primaryimage\"},\"thumbnailUrl\":\"http:\\\/\\\/www.meteolafleche.com\\\/actualite\\\/wp-content\\\/uploads\\\/2021\\\/07\\\/210713_meteo_france.png\",\"keywords\":[\"18\",\"2021\",\"9\",\"juillet\",\"m\u00e9t\u00e9o\",\"Pr\u00e9visions\",\"sec\"],\"articleSection\":[\"Tendance m\u00e9t\u00e9o \u00e0 long terme\"],\"inLanguage\":\"fr-FR\",\"potentialAction\":[{\"@type\":\"CommentAction\",\"name\":\"Comment\",\"target\":[\"http:\\\/\\\/www.meteolafleche.com\\\/actualite\\\/2021\\\/07\\\/09\\\/meteo-du-9-au-18-juillet-2021-sec\\\/#respond\"]}]},{\"@type\":\"WebPage\",\"@id\":\"http:\\\/\\\/www.meteolafleche.com\\\/actualite\\\/2021\\\/07\\\/09\\\/meteo-du-9-au-18-juillet-2021-sec\\\/\",\"url\":\"http:\\\/\\\/www.meteolafleche.com\\\/actualite\\\/2021\\\/07\\\/09\\\/meteo-du-9-au-18-juillet-2021-sec\\\/\",\"name\":\"Toute la m\u00e9t\u00e9o du Vendredi 9 au Dimanche 18 Juillet 2021 plus s\u00e8che ?\",\"isPartOf\":{\"@id\":\"https:\\\/\\\/www.meteolafleche.com\\\/actualite\\\/#website\"},\"primaryImageOfPage\":{\"@id\":\"http:\\\/\\\/www.meteolafleche.com\\\/actualite\\\/2021\\\/07\\\/09\\\/meteo-du-9-au-18-juillet-2021-sec\\\/#primaryimage\"},\"image\":{\"@id\":\"http:\\\/\\\/www.meteolafleche.com\\\/actualite\\\/2021\\\/07\\\/09\\\/meteo-du-9-au-18-juillet-2021-sec\\\/#primaryimage\"},\"thumbnailUrl\":\"http:\\\/\\\/www.meteolafleche.com\\\/actualite\\\/wp-content\\\/uploads\\\/2021\\\/07\\\/210713_meteo_france.png\",\"datePublished\":\"2021-07-09T07:54:00+00:00\",\"author\":{\"@id\":\"https:\\\/\\\/www.meteolafleche.com\\\/actualite\\\/#\\\/schema\\\/person\\\/a3f335c48c6b0b07b3a7ff55abb5e7a5\"},\"description\":\"Les pr\u00e9visions m\u00e9t\u00e9o pour la p\u00e9riode du 9 au 18 Juillet 2021 marqu\u00e9es par un retour de l'\u00e9t\u00e9 ? persistance du courant d'Ouest ?\",\"breadcrumb\":{\"@id\":\"http:\\\/\\\/www.meteolafleche.com\\\/actualite\\\/2021\\\/07\\\/09\\\/meteo-du-9-au-18-juillet-2021-sec\\\/#breadcrumb\"},\"inLanguage\":\"fr-FR\",\"potentialAction\":[{\"@type\":\"ReadAction\",\"target\":[\"http:\\\/\\\/www.meteolafleche.com\\\/actualite\\\/2021\\\/07\\\/09\\\/meteo-du-9-au-18-juillet-2021-sec\\\/\"]}]},{\"@type\":\"ImageObject\",\"inLanguage\":\"fr-FR\",\"@id\":\"http:\\\/\\\/www.meteolafleche.com\\\/actualite\\\/2021\\\/07\\\/09\\\/meteo-du-9-au-18-juillet-2021-sec\\\/#primaryimage\",\"url\":\"http:\\\/\\\/www.meteolafleche.com\\\/actualite\\\/wp-content\\\/uploads\\\/2021\\\/07\\\/210713_meteo_france.png\",\"contentUrl\":\"http:\\\/\\\/www.meteolafleche.com\\\/actualite\\\/wp-content\\\/uploads\\\/2021\\\/07\\\/210713_meteo_france.png\",\"width\":600,\"height\":502},{\"@type\":\"BreadcrumbList\",\"@id\":\"http:\\\/\\\/www.meteolafleche.com\\\/actualite\\\/2021\\\/07\\\/09\\\/meteo-du-9-au-18-juillet-2021-sec\\\/#breadcrumb\",\"itemListElement\":[{\"@type\":\"ListItem\",\"position\":1,\"name\":\"Accueil\",\"item\":\"https:\\\/\\\/www.meteolafleche.com\\\/actualite\\\/\"},{\"@type\":\"ListItem\",\"position\":2,\"name\":\"M\u00e9t\u00e9o du 9 au 18 Juillet 2021 sec\"}]},{\"@type\":\"WebSite\",\"@id\":\"https:\\\/\\\/www.meteolafleche.com\\\/actualite\\\/#website\",\"url\":\"https:\\\/\\\/www.meteolafleche.com\\\/actualite\\\/\",\"name\":\"M\u00e9t\u00e9olafleche - Blog actualit\u00e9s\",\"description\":\"Actualit\u00e9s m\u00e9t\u00e9o \",\"potentialAction\":[{\"@type\":\"SearchAction\",\"target\":{\"@type\":\"EntryPoint\",\"urlTemplate\":\"https:\\\/\\\/www.meteolafleche.com\\\/actualite\\\/?s={search_term_string}\"},\"query-input\":{\"@type\":\"PropertyValueSpecification\",\"valueRequired\":true,\"valueName\":\"search_term_string\"}}],\"inLanguage\":\"fr-FR\"},{\"@type\":\"Person\",\"@id\":\"https:\\\/\\\/www.meteolafleche.com\\\/actualite\\\/#\\\/schema\\\/person\\\/a3f335c48c6b0b07b3a7ff55abb5e7a5\",\"name\":\"M\u00e9t\u00e9olafl\u00e8che\",\"image\":{\"@type\":\"ImageObject\",\"inLanguage\":\"fr-FR\",\"@id\":\"https:\\\/\\\/secure.gravatar.com\\\/avatar\\\/87018e78a84df868f9910cf7db506cf0e115cd6493382a089a41e0cf87a80762?s=96&d=mm&r=g\",\"url\":\"https:\\\/\\\/secure.gravatar.com\\\/avatar\\\/87018e78a84df868f9910cf7db506cf0e115cd6493382a089a41e0cf87a80762?s=96&d=mm&r=g\",\"contentUrl\":\"https:\\\/\\\/secure.gravatar.com\\\/avatar\\\/87018e78a84df868f9910cf7db506cf0e115cd6493382a089a41e0cf87a80762?s=96&d=mm&r=g\",\"caption\":\"M\u00e9t\u00e9olafl\u00e8che\"},\"sameAs\":[\"http:\\\/\\\/www.meteolafleche.com\\\/actualite\"]}]}<\/script>\n<!-- \/ Yoast SEO plugin. -->","yoast_head_json":{"title":"Toute la m\u00e9t\u00e9o du Vendredi 9 au Dimanche 18 Juillet 2021 plus s\u00e8che ?","description":"Les pr\u00e9visions m\u00e9t\u00e9o pour la p\u00e9riode du 9 au 18 Juillet 2021 marqu\u00e9es par un retour de l'\u00e9t\u00e9 ? persistance du courant d'Ouest ?","robots":{"index":"index","follow":"follow","max-snippet":"max-snippet:-1","max-image-preview":"max-image-preview:large","max-video-preview":"max-video-preview:-1"},"canonical":"http:\/\/www.meteolafleche.com\/actualite\/2021\/07\/09\/meteo-du-9-au-18-juillet-2021-sec\/","og_locale":"fr_FR","og_type":"article","og_title":"Toute la m\u00e9t\u00e9o du Vendredi 9 au Dimanche 18 Juillet 2021 plus s\u00e8che ?","og_description":"Les pr\u00e9visions m\u00e9t\u00e9o pour la p\u00e9riode du 9 au 18 Juillet 2021 marqu\u00e9es par un retour de l'\u00e9t\u00e9 ? persistance du courant d'Ouest ?","og_url":"http:\/\/www.meteolafleche.com\/actualite\/2021\/07\/09\/meteo-du-9-au-18-juillet-2021-sec\/","og_site_name":"M\u00e9t\u00e9olafleche","article_publisher":"https:\/\/fr-fr.facebook.com\/Meteolafleche\/","article_published_time":"2021-07-09T07:54:00+00:00","og_image":[{"url":"http:\/\/www.meteolafleche.com\/actualite\/wp-content\/uploads\/2021\/07\/210713_meteo_france.png","type":"","width":"","height":""}],"author":"M\u00e9t\u00e9olafl\u00e8che","twitter_card":"summary_large_image","twitter_creator":"@Meteolafleche","twitter_site":"@Meteolafleche","twitter_misc":{"\u00c9crit par":"M\u00e9t\u00e9olafl\u00e8che","Dur\u00e9e de lecture estim\u00e9e":"2 minutes"},"schema":{"@context":"https:\/\/schema.org","@graph":[{"@type":"Article","@id":"http:\/\/www.meteolafleche.com\/actualite\/2021\/07\/09\/meteo-du-9-au-18-juillet-2021-sec\/#article","isPartOf":{"@id":"http:\/\/www.meteolafleche.com\/actualite\/2021\/07\/09\/meteo-du-9-au-18-juillet-2021-sec\/"},"author":{"name":"M\u00e9t\u00e9olafl\u00e8che","@id":"https:\/\/www.meteolafleche.com\/actualite\/#\/schema\/person\/a3f335c48c6b0b07b3a7ff55abb5e7a5"},"headline":"M\u00e9t\u00e9o du 9 au 18 Juillet 2021 sec","datePublished":"2021-07-09T07:54:00+00:00","mainEntityOfPage":{"@id":"http:\/\/www.meteolafleche.com\/actualite\/2021\/07\/09\/meteo-du-9-au-18-juillet-2021-sec\/"},"wordCount":180,"commentCount":1,"image":{"@id":"http:\/\/www.meteolafleche.com\/actualite\/2021\/07\/09\/meteo-du-9-au-18-juillet-2021-sec\/#primaryimage"},"thumbnailUrl":"http:\/\/www.meteolafleche.com\/actualite\/wp-content\/uploads\/2021\/07\/210713_meteo_france.png","keywords":["18","2021","9","juillet","m\u00e9t\u00e9o","Pr\u00e9visions","sec"],"articleSection":["Tendance m\u00e9t\u00e9o \u00e0 long terme"],"inLanguage":"fr-FR","potentialAction":[{"@type":"CommentAction","name":"Comment","target":["http:\/\/www.meteolafleche.com\/actualite\/2021\/07\/09\/meteo-du-9-au-18-juillet-2021-sec\/#respond"]}]},{"@type":"WebPage","@id":"http:\/\/www.meteolafleche.com\/actualite\/2021\/07\/09\/meteo-du-9-au-18-juillet-2021-sec\/","url":"http:\/\/www.meteolafleche.com\/actualite\/2021\/07\/09\/meteo-du-9-au-18-juillet-2021-sec\/","name":"Toute la m\u00e9t\u00e9o du Vendredi 9 au Dimanche 18 Juillet 2021 plus s\u00e8che ?","isPartOf":{"@id":"https:\/\/www.meteolafleche.com\/actualite\/#website"},"primaryImageOfPage":{"@id":"http:\/\/www.meteolafleche.com\/actualite\/2021\/07\/09\/meteo-du-9-au-18-juillet-2021-sec\/#primaryimage"},"image":{"@id":"http:\/\/www.meteolafleche.com\/actualite\/2021\/07\/09\/meteo-du-9-au-18-juillet-2021-sec\/#primaryimage"},"thumbnailUrl":"http:\/\/www.meteolafleche.com\/actualite\/wp-content\/uploads\/2021\/07\/210713_meteo_france.png","datePublished":"2021-07-09T07:54:00+00:00","author":{"@id":"https:\/\/www.meteolafleche.com\/actualite\/#\/schema\/person\/a3f335c48c6b0b07b3a7ff55abb5e7a5"},"description":"Les pr\u00e9visions m\u00e9t\u00e9o pour la p\u00e9riode du 9 au 18 Juillet 2021 marqu\u00e9es par un retour de l'\u00e9t\u00e9 ? persistance du courant d'Ouest ?","breadcrumb":{"@id":"http:\/\/www.meteolafleche.com\/actualite\/2021\/07\/09\/meteo-du-9-au-18-juillet-2021-sec\/#breadcrumb"},"inLanguage":"fr-FR","potentialAction":[{"@type":"ReadAction","target":["http:\/\/www.meteolafleche.com\/actualite\/2021\/07\/09\/meteo-du-9-au-18-juillet-2021-sec\/"]}]},{"@type":"ImageObject","inLanguage":"fr-FR","@id":"http:\/\/www.meteolafleche.com\/actualite\/2021\/07\/09\/meteo-du-9-au-18-juillet-2021-sec\/#primaryimage","url":"http:\/\/www.meteolafleche.com\/actualite\/wp-content\/uploads\/2021\/07\/210713_meteo_france.png","contentUrl":"http:\/\/www.meteolafleche.com\/actualite\/wp-content\/uploads\/2021\/07\/210713_meteo_france.png","width":600,"height":502},{"@type":"BreadcrumbList","@id":"http:\/\/www.meteolafleche.com\/actualite\/2021\/07\/09\/meteo-du-9-au-18-juillet-2021-sec\/#breadcrumb","itemListElement":[{"@type":"ListItem","position":1,"name":"Accueil","item":"https:\/\/www.meteolafleche.com\/actualite\/"},{"@type":"ListItem","position":2,"name":"M\u00e9t\u00e9o du 9 au 18 Juillet 2021 sec"}]},{"@type":"WebSite","@id":"https:\/\/www.meteolafleche.com\/actualite\/#website","url":"https:\/\/www.meteolafleche.com\/actualite\/","name":"M\u00e9t\u00e9olafleche - Blog actualit\u00e9s","description":"Actualit\u00e9s m\u00e9t\u00e9o ","potentialAction":[{"@type":"SearchAction","target":{"@type":"EntryPoint","urlTemplate":"https:\/\/www.meteolafleche.com\/actualite\/?s={search_term_string}"},"query-input":{"@type":"PropertyValueSpecification","valueRequired":true,"valueName":"search_term_string"}}],"inLanguage":"fr-FR"},{"@type":"Person","@id":"https:\/\/www.meteolafleche.com\/actualite\/#\/schema\/person\/a3f335c48c6b0b07b3a7ff55abb5e7a5","name":"M\u00e9t\u00e9olafl\u00e8che","image":{"@type":"ImageObject","inLanguage":"fr-FR","@id":"https:\/\/secure.gravatar.com\/avatar\/87018e78a84df868f9910cf7db506cf0e115cd6493382a089a41e0cf87a80762?s=96&d=mm&r=g","url":"https:\/\/secure.gravatar.com\/avatar\/87018e78a84df868f9910cf7db506cf0e115cd6493382a089a41e0cf87a80762?s=96&d=mm&r=g","contentUrl":"https:\/\/secure.gravatar.com\/avatar\/87018e78a84df868f9910cf7db506cf0e115cd6493382a089a41e0cf87a80762?s=96&d=mm&r=g","caption":"M\u00e9t\u00e9olafl\u00e8che"},"sameAs":["http:\/\/www.meteolafleche.com\/actualite"]}]}},"_links":{"self":[{"href":"http:\/\/www.meteolafleche.com\/actualite\/wp-json\/wp\/v2\/posts\/436","targetHints":{"allow":["GET"]}}],"collection":[{"href":"http:\/\/www.meteolafleche.com\/actualite\/wp-json\/wp\/v2\/posts"}],"about":[{"href":"http:\/\/www.meteolafleche.com\/actualite\/wp-json\/wp\/v2\/types\/post"}],"author":[{"embeddable":true,"href":"http:\/\/www.meteolafleche.com\/actualite\/wp-json\/wp\/v2\/users\/1"}],"replies":[{"embeddable":true,"href":"http:\/\/www.meteolafleche.com\/actualite\/wp-json\/wp\/v2\/comments?post=436"}],"version-history":[{"count":1,"href":"http:\/\/www.meteolafleche.com\/actualite\/wp-json\/wp\/v2\/posts\/436\/revisions"}],"predecessor-version":[{"id":439,"href":"http:\/\/www.meteolafleche.com\/actualite\/wp-json\/wp\/v2\/posts\/436\/revisions\/439"}],"wp:attachment":[{"href":"http:\/\/www.meteolafleche.com\/actualite\/wp-json\/wp\/v2\/media?parent=436"}],"wp:term":[{"taxonomy":"category","embeddable":true,"href":"http:\/\/www.meteolafleche.com\/actualite\/wp-json\/wp\/v2\/categories?post=436"},{"taxonomy":"post_tag","embeddable":true,"href":"http:\/\/www.meteolafleche.com\/actualite\/wp-json\/wp\/v2\/tags?post=436"}],"curies":[{"name":"wp","href":"https:\/\/api.w.org\/{rel}","templated":true}]}}