{"id":349,"date":"2021-03-19T09:24:00","date_gmt":"2021-03-19T08:24:00","guid":{"rendered":"http:\/\/www.meteolafleche.com\/actualite\/?p=349"},"modified":"2021-03-17T16:53:12","modified_gmt":"2021-03-17T15:53:12","slug":"meteo-du-19-au-28-mars-2021-anticyclonique","status":"publish","type":"post","link":"http:\/\/www.meteolafleche.com\/actualite\/2021\/03\/19\/meteo-du-19-au-28-mars-2021-anticyclonique\/","title":{"rendered":"M\u00e9t\u00e9o du 19 au 28 Mars 2021 d\u00e9but des grandes mar\u00e9es d&rsquo;\u00e9quinoxe"},"content":{"rendered":"<div id=\"meteo-648856553\" class=\"meteo-avant-contenu meteo-entity-placement\"><script async src=\"\/\/pagead2.googlesyndication.com\/pagead\/js\/adsbygoogle.js?client=ca-pub-0501790310760996\" crossorigin=\"anonymous\"><\/script><ins class=\"adsbygoogle\" style=\"display:block;\" data-ad-client=\"ca-pub-0501790310760996\" \ndata-ad-slot=\"9802369648\" \ndata-ad-format=\"auto\"><\/ins>\n<script> \n(adsbygoogle = window.adsbygoogle || []).push({}); \n<\/script>\n<\/div>\n<figure class=\"wp-block-image size-large\"><img loading=\"lazy\" decoding=\"async\" width=\"600\" height=\"502\" src=\"http:\/\/www.meteolafleche.com\/actualite\/wp-content\/uploads\/2021\/03\/210323_meteo_france.png\" alt=\"M\u00e9t\u00e9o du 19 au 23 Mars 2021\" class=\"wp-image-350\" srcset=\"http:\/\/www.meteolafleche.com\/actualite\/wp-content\/uploads\/2021\/03\/210323_meteo_france.png 600w, http:\/\/www.meteolafleche.com\/actualite\/wp-content\/uploads\/2021\/03\/210323_meteo_france-300x251.png 300w\" sizes=\"auto, (max-width: 600px) 100vw, 600px\" \/><\/figure>\n\n\n\n<p>Assez peu de changements par rapport \u00e0 la derni\u00e8re pr\u00e9vision via <a href=\"http:\/\/www.meteolafleche.com\/actualite\/2021\/03\/12\/meteo-5-14-mars-2021\/\">http:\/\/www.meteolafleche.com\/actualite\/2021\/03\/12\/meteo-5-14-mars-2021\/<\/a> <\/p>\n\n\n\n<p>Les conditions anticycloniques pourraient perdurer au moins jusqu&rsquo;en d\u00e9but de semaine suivante ; certaines mod\u00e9lisations pousseraient l&rsquo;anticyclone jusqu&rsquo;au 23 Mars 2021.<\/p>\n\n\n\n<p>Un peu comme en 2015 lors de la mar\u00e9e du si\u00e8cle <a href=\"https:\/\/www.youtube.com\/watch?v=iOCJ3MT0CTs\">https:\/\/www.youtube.com\/watch?v=iOCJ3MT0CTs<\/a><\/p>\n\n\n\n<p>La mod\u00e9lisation tendrait vers un d\u00e9calage de l&rsquo;anticyclone jusque vers le Sud-Est ; en parall\u00e8le, un syst\u00e8me d\u00e9pressionnaire reprendrait forme sur l&rsquo;Ouest des \u00eeles britanniques.<\/p>\n\n\n\n<p>Par cons\u00e9quent, le flux de Sud-Ouest reviendrait.<\/p>\n\n\n\n<figure class=\"wp-block-image size-large\"><img loading=\"lazy\" decoding=\"async\" width=\"600\" height=\"502\" src=\"http:\/\/www.meteolafleche.com\/actualite\/wp-content\/uploads\/2021\/03\/210328_grandes_marees_printemps.png\" alt=\"\" class=\"wp-image-351\" srcset=\"http:\/\/www.meteolafleche.com\/actualite\/wp-content\/uploads\/2021\/03\/210328_grandes_marees_printemps.png 600w, http:\/\/www.meteolafleche.com\/actualite\/wp-content\/uploads\/2021\/03\/210328_grandes_marees_printemps-300x251.png 300w\" sizes=\"auto, (max-width: 600px) 100vw, 600px\" \/><\/figure>\n\n\n\n<p>La plupart des mod\u00e8les mettrait une situation bien plus favorable \u00e0 un flux oc\u00e9anique plus intense que d\u00e9but Mars pour les grandes mar\u00e9es de printemps.<\/p>\n\n\n\n<p>Avec des coefficients d\u00e9passant les 110, les pleines mers des Mardi 30 et Mercredi 31 seraient grandement \u00e0 surveiller par rapport au risque de submersion marine !<\/p>\n<div id=\"meteo-4189142473\" class=\"meteo-apres-le-contenu meteo-entity-placement\"><script async src=\"\/\/pagead2.googlesyndication.com\/pagead\/js\/adsbygoogle.js?client=ca-pub-0501790310760996\" crossorigin=\"anonymous\"><\/script><ins class=\"adsbygoogle\" style=\"display:block;\" data-ad-client=\"ca-pub-0501790310760996\" \ndata-ad-slot=\"7540452242\" \ndata-ad-format=\"auto\"><\/ins>\n<script> \n(adsbygoogle = window.adsbygoogle || []).push({}); \n<\/script>\n<\/div>","protected":false},"excerpt":{"rendered":"<p>Assez peu de changements par rapport \u00e0 la derni\u00e8re pr\u00e9vision via http:\/\/www.meteolafleche.com\/actualite\/2021\/03\/12\/meteo-5-14-mars-2021\/ Les conditions anticycloniques pourraient perdurer au moins jusqu&rsquo;en d\u00e9but de semaine suivante ; certaines mod\u00e9lisations pousseraient l&rsquo;anticyclone jusqu&rsquo;au 23 Mars 2021. Un peu comme en 2015 lors de la mar\u00e9e du si\u00e8cle https:\/\/www.youtube.com\/watch?v=iOCJ3MT0CTs La mod\u00e9lisation tendrait vers un d\u00e9calage de l&rsquo;anticyclone jusque vers [&hellip;]<\/p>\n","protected":false},"author":1,"featured_media":0,"comment_status":"open","ping_status":"open","sticky":false,"template":"","format":"standard","meta":{"footnotes":""},"categories":[1],"tags":[79,37,30,62,81,17,16],"class_list":["post-349","post","type-post","status-publish","format-standard","hentry","category-tendance-meteo-a-long-terme","tag-79","tag-37","tag-30","tag-grandes-marees","tag-mars","tag-meteo","tag-previsions"],"yoast_head":"<!-- This site is optimized with the Yoast SEO plugin v27.5 - https:\/\/yoast.com\/product\/yoast-seo-wordpress\/ -->\n<title>M\u00e9t\u00e9o du 19 au 28 Mars 2021 anticyclonique puis d\u00e9pressionnaire<\/title>\n<meta name=\"description\" content=\"Les pr\u00e9visions m\u00e9t\u00e9o du 19 au 28 Mars 2021 sur fond d&#039;anticyclone puis de conditions d\u00e9pressionnaires avec les grandes mar\u00e9es ?\" \/>\n<meta name=\"robots\" content=\"index, follow, max-snippet:-1, max-image-preview:large, max-video-preview:-1\" \/>\n<link rel=\"canonical\" href=\"http:\/\/www.meteolafleche.com\/actualite\/2021\/03\/19\/meteo-du-19-au-28-mars-2021-anticyclonique\/\" \/>\n<meta property=\"og:locale\" content=\"fr_FR\" \/>\n<meta property=\"og:type\" content=\"article\" \/>\n<meta property=\"og:title\" content=\"M\u00e9t\u00e9o du 19 au 28 Mars 2021 anticyclonique puis d\u00e9pressionnaire\" \/>\n<meta property=\"og:description\" content=\"Les pr\u00e9visions m\u00e9t\u00e9o du 19 au 28 Mars 2021 sur fond d&#039;anticyclone puis de conditions d\u00e9pressionnaires avec les grandes mar\u00e9es ?\" \/>\n<meta property=\"og:url\" content=\"http:\/\/www.meteolafleche.com\/actualite\/2021\/03\/19\/meteo-du-19-au-28-mars-2021-anticyclonique\/\" \/>\n<meta property=\"og:site_name\" content=\"M\u00e9t\u00e9olafleche\" \/>\n<meta property=\"article:publisher\" content=\"https:\/\/fr-fr.facebook.com\/Meteolafleche\/\" \/>\n<meta property=\"article:published_time\" content=\"2021-03-19T08:24:00+00:00\" \/>\n<meta property=\"og:image\" content=\"http:\/\/www.meteolafleche.com\/actualite\/wp-content\/uploads\/2021\/03\/210323_meteo_france.png\" \/>\n<meta name=\"author\" content=\"M\u00e9t\u00e9olafl\u00e8che\" \/>\n<meta name=\"twitter:card\" content=\"summary_large_image\" \/>\n<meta name=\"twitter:creator\" content=\"@Meteolafleche\" \/>\n<meta name=\"twitter:site\" content=\"@Meteolafleche\" \/>\n<meta name=\"twitter:label1\" content=\"\u00c9crit par\" \/>\n\t<meta name=\"twitter:data1\" content=\"M\u00e9t\u00e9olafl\u00e8che\" \/>\n\t<meta name=\"twitter:label2\" content=\"Dur\u00e9e de lecture estim\u00e9e\" \/>\n\t<meta name=\"twitter:data2\" content=\"1 minute\" \/>\n<script type=\"application\/ld+json\" class=\"yoast-schema-graph\">{\"@context\":\"https:\\\/\\\/schema.org\",\"@graph\":[{\"@type\":\"Article\",\"@id\":\"http:\\\/\\\/www.meteolafleche.com\\\/actualite\\\/2021\\\/03\\\/19\\\/meteo-du-19-au-28-mars-2021-anticyclonique\\\/#article\",\"isPartOf\":{\"@id\":\"http:\\\/\\\/www.meteolafleche.com\\\/actualite\\\/2021\\\/03\\\/19\\\/meteo-du-19-au-28-mars-2021-anticyclonique\\\/\"},\"author\":{\"name\":\"M\u00e9t\u00e9olafl\u00e8che\",\"@id\":\"https:\\\/\\\/www.meteolafleche.com\\\/actualite\\\/#\\\/schema\\\/person\\\/a3f335c48c6b0b07b3a7ff55abb5e7a5\"},\"headline\":\"M\u00e9t\u00e9o du 19 au 28 Mars 2021 d\u00e9but des grandes mar\u00e9es d&rsquo;\u00e9quinoxe\",\"datePublished\":\"2021-03-19T08:24:00+00:00\",\"mainEntityOfPage\":{\"@id\":\"http:\\\/\\\/www.meteolafleche.com\\\/actualite\\\/2021\\\/03\\\/19\\\/meteo-du-19-au-28-mars-2021-anticyclonique\\\/\"},\"wordCount\":163,\"commentCount\":1,\"image\":{\"@id\":\"http:\\\/\\\/www.meteolafleche.com\\\/actualite\\\/2021\\\/03\\\/19\\\/meteo-du-19-au-28-mars-2021-anticyclonique\\\/#primaryimage\"},\"thumbnailUrl\":\"http:\\\/\\\/www.meteolafleche.com\\\/actualite\\\/wp-content\\\/uploads\\\/2021\\\/03\\\/210323_meteo_france.png\",\"keywords\":[\"19\",\"2021\",\"28\",\"grandes mar\u00e9es\",\"mars\",\"m\u00e9t\u00e9o\",\"Pr\u00e9visions\"],\"articleSection\":[\"Tendance m\u00e9t\u00e9o \u00e0 long terme\"],\"inLanguage\":\"fr-FR\",\"potentialAction\":[{\"@type\":\"CommentAction\",\"name\":\"Comment\",\"target\":[\"http:\\\/\\\/www.meteolafleche.com\\\/actualite\\\/2021\\\/03\\\/19\\\/meteo-du-19-au-28-mars-2021-anticyclonique\\\/#respond\"]}]},{\"@type\":\"WebPage\",\"@id\":\"http:\\\/\\\/www.meteolafleche.com\\\/actualite\\\/2021\\\/03\\\/19\\\/meteo-du-19-au-28-mars-2021-anticyclonique\\\/\",\"url\":\"http:\\\/\\\/www.meteolafleche.com\\\/actualite\\\/2021\\\/03\\\/19\\\/meteo-du-19-au-28-mars-2021-anticyclonique\\\/\",\"name\":\"M\u00e9t\u00e9o du 19 au 28 Mars 2021 anticyclonique puis d\u00e9pressionnaire\",\"isPartOf\":{\"@id\":\"https:\\\/\\\/www.meteolafleche.com\\\/actualite\\\/#website\"},\"primaryImageOfPage\":{\"@id\":\"http:\\\/\\\/www.meteolafleche.com\\\/actualite\\\/2021\\\/03\\\/19\\\/meteo-du-19-au-28-mars-2021-anticyclonique\\\/#primaryimage\"},\"image\":{\"@id\":\"http:\\\/\\\/www.meteolafleche.com\\\/actualite\\\/2021\\\/03\\\/19\\\/meteo-du-19-au-28-mars-2021-anticyclonique\\\/#primaryimage\"},\"thumbnailUrl\":\"http:\\\/\\\/www.meteolafleche.com\\\/actualite\\\/wp-content\\\/uploads\\\/2021\\\/03\\\/210323_meteo_france.png\",\"datePublished\":\"2021-03-19T08:24:00+00:00\",\"author\":{\"@id\":\"https:\\\/\\\/www.meteolafleche.com\\\/actualite\\\/#\\\/schema\\\/person\\\/a3f335c48c6b0b07b3a7ff55abb5e7a5\"},\"description\":\"Les pr\u00e9visions m\u00e9t\u00e9o du 19 au 28 Mars 2021 sur fond d'anticyclone puis de conditions d\u00e9pressionnaires avec les grandes mar\u00e9es ?\",\"breadcrumb\":{\"@id\":\"http:\\\/\\\/www.meteolafleche.com\\\/actualite\\\/2021\\\/03\\\/19\\\/meteo-du-19-au-28-mars-2021-anticyclonique\\\/#breadcrumb\"},\"inLanguage\":\"fr-FR\",\"potentialAction\":[{\"@type\":\"ReadAction\",\"target\":[\"http:\\\/\\\/www.meteolafleche.com\\\/actualite\\\/2021\\\/03\\\/19\\\/meteo-du-19-au-28-mars-2021-anticyclonique\\\/\"]}]},{\"@type\":\"ImageObject\",\"inLanguage\":\"fr-FR\",\"@id\":\"http:\\\/\\\/www.meteolafleche.com\\\/actualite\\\/2021\\\/03\\\/19\\\/meteo-du-19-au-28-mars-2021-anticyclonique\\\/#primaryimage\",\"url\":\"http:\\\/\\\/www.meteolafleche.com\\\/actualite\\\/wp-content\\\/uploads\\\/2021\\\/03\\\/210323_meteo_france.png\",\"contentUrl\":\"http:\\\/\\\/www.meteolafleche.com\\\/actualite\\\/wp-content\\\/uploads\\\/2021\\\/03\\\/210323_meteo_france.png\",\"width\":600,\"height\":502},{\"@type\":\"BreadcrumbList\",\"@id\":\"http:\\\/\\\/www.meteolafleche.com\\\/actualite\\\/2021\\\/03\\\/19\\\/meteo-du-19-au-28-mars-2021-anticyclonique\\\/#breadcrumb\",\"itemListElement\":[{\"@type\":\"ListItem\",\"position\":1,\"name\":\"Accueil\",\"item\":\"https:\\\/\\\/www.meteolafleche.com\\\/actualite\\\/\"},{\"@type\":\"ListItem\",\"position\":2,\"name\":\"M\u00e9t\u00e9o du 19 au 28 Mars 2021 d\u00e9but des grandes mar\u00e9es d&rsquo;\u00e9quinoxe\"}]},{\"@type\":\"WebSite\",\"@id\":\"https:\\\/\\\/www.meteolafleche.com\\\/actualite\\\/#website\",\"url\":\"https:\\\/\\\/www.meteolafleche.com\\\/actualite\\\/\",\"name\":\"M\u00e9t\u00e9olafleche - Blog actualit\u00e9s\",\"description\":\"Actualit\u00e9s m\u00e9t\u00e9o \",\"potentialAction\":[{\"@type\":\"SearchAction\",\"target\":{\"@type\":\"EntryPoint\",\"urlTemplate\":\"https:\\\/\\\/www.meteolafleche.com\\\/actualite\\\/?s={search_term_string}\"},\"query-input\":{\"@type\":\"PropertyValueSpecification\",\"valueRequired\":true,\"valueName\":\"search_term_string\"}}],\"inLanguage\":\"fr-FR\"},{\"@type\":\"Person\",\"@id\":\"https:\\\/\\\/www.meteolafleche.com\\\/actualite\\\/#\\\/schema\\\/person\\\/a3f335c48c6b0b07b3a7ff55abb5e7a5\",\"name\":\"M\u00e9t\u00e9olafl\u00e8che\",\"image\":{\"@type\":\"ImageObject\",\"inLanguage\":\"fr-FR\",\"@id\":\"https:\\\/\\\/secure.gravatar.com\\\/avatar\\\/87018e78a84df868f9910cf7db506cf0e115cd6493382a089a41e0cf87a80762?s=96&d=mm&r=g\",\"url\":\"https:\\\/\\\/secure.gravatar.com\\\/avatar\\\/87018e78a84df868f9910cf7db506cf0e115cd6493382a089a41e0cf87a80762?s=96&d=mm&r=g\",\"contentUrl\":\"https:\\\/\\\/secure.gravatar.com\\\/avatar\\\/87018e78a84df868f9910cf7db506cf0e115cd6493382a089a41e0cf87a80762?s=96&d=mm&r=g\",\"caption\":\"M\u00e9t\u00e9olafl\u00e8che\"},\"sameAs\":[\"http:\\\/\\\/www.meteolafleche.com\\\/actualite\"]}]}<\/script>\n<!-- \/ Yoast SEO plugin. -->","yoast_head_json":{"title":"M\u00e9t\u00e9o du 19 au 28 Mars 2021 anticyclonique puis d\u00e9pressionnaire","description":"Les pr\u00e9visions m\u00e9t\u00e9o du 19 au 28 Mars 2021 sur fond d'anticyclone puis de conditions d\u00e9pressionnaires avec les grandes mar\u00e9es ?","robots":{"index":"index","follow":"follow","max-snippet":"max-snippet:-1","max-image-preview":"max-image-preview:large","max-video-preview":"max-video-preview:-1"},"canonical":"http:\/\/www.meteolafleche.com\/actualite\/2021\/03\/19\/meteo-du-19-au-28-mars-2021-anticyclonique\/","og_locale":"fr_FR","og_type":"article","og_title":"M\u00e9t\u00e9o du 19 au 28 Mars 2021 anticyclonique puis d\u00e9pressionnaire","og_description":"Les pr\u00e9visions m\u00e9t\u00e9o du 19 au 28 Mars 2021 sur fond d'anticyclone puis de conditions d\u00e9pressionnaires avec les grandes mar\u00e9es ?","og_url":"http:\/\/www.meteolafleche.com\/actualite\/2021\/03\/19\/meteo-du-19-au-28-mars-2021-anticyclonique\/","og_site_name":"M\u00e9t\u00e9olafleche","article_publisher":"https:\/\/fr-fr.facebook.com\/Meteolafleche\/","article_published_time":"2021-03-19T08:24:00+00:00","og_image":[{"url":"http:\/\/www.meteolafleche.com\/actualite\/wp-content\/uploads\/2021\/03\/210323_meteo_france.png","type":"","width":"","height":""}],"author":"M\u00e9t\u00e9olafl\u00e8che","twitter_card":"summary_large_image","twitter_creator":"@Meteolafleche","twitter_site":"@Meteolafleche","twitter_misc":{"\u00c9crit par":"M\u00e9t\u00e9olafl\u00e8che","Dur\u00e9e de lecture estim\u00e9e":"1 minute"},"schema":{"@context":"https:\/\/schema.org","@graph":[{"@type":"Article","@id":"http:\/\/www.meteolafleche.com\/actualite\/2021\/03\/19\/meteo-du-19-au-28-mars-2021-anticyclonique\/#article","isPartOf":{"@id":"http:\/\/www.meteolafleche.com\/actualite\/2021\/03\/19\/meteo-du-19-au-28-mars-2021-anticyclonique\/"},"author":{"name":"M\u00e9t\u00e9olafl\u00e8che","@id":"https:\/\/www.meteolafleche.com\/actualite\/#\/schema\/person\/a3f335c48c6b0b07b3a7ff55abb5e7a5"},"headline":"M\u00e9t\u00e9o du 19 au 28 Mars 2021 d\u00e9but des grandes mar\u00e9es d&rsquo;\u00e9quinoxe","datePublished":"2021-03-19T08:24:00+00:00","mainEntityOfPage":{"@id":"http:\/\/www.meteolafleche.com\/actualite\/2021\/03\/19\/meteo-du-19-au-28-mars-2021-anticyclonique\/"},"wordCount":163,"commentCount":1,"image":{"@id":"http:\/\/www.meteolafleche.com\/actualite\/2021\/03\/19\/meteo-du-19-au-28-mars-2021-anticyclonique\/#primaryimage"},"thumbnailUrl":"http:\/\/www.meteolafleche.com\/actualite\/wp-content\/uploads\/2021\/03\/210323_meteo_france.png","keywords":["19","2021","28","grandes mar\u00e9es","mars","m\u00e9t\u00e9o","Pr\u00e9visions"],"articleSection":["Tendance m\u00e9t\u00e9o \u00e0 long terme"],"inLanguage":"fr-FR","potentialAction":[{"@type":"CommentAction","name":"Comment","target":["http:\/\/www.meteolafleche.com\/actualite\/2021\/03\/19\/meteo-du-19-au-28-mars-2021-anticyclonique\/#respond"]}]},{"@type":"WebPage","@id":"http:\/\/www.meteolafleche.com\/actualite\/2021\/03\/19\/meteo-du-19-au-28-mars-2021-anticyclonique\/","url":"http:\/\/www.meteolafleche.com\/actualite\/2021\/03\/19\/meteo-du-19-au-28-mars-2021-anticyclonique\/","name":"M\u00e9t\u00e9o du 19 au 28 Mars 2021 anticyclonique puis d\u00e9pressionnaire","isPartOf":{"@id":"https:\/\/www.meteolafleche.com\/actualite\/#website"},"primaryImageOfPage":{"@id":"http:\/\/www.meteolafleche.com\/actualite\/2021\/03\/19\/meteo-du-19-au-28-mars-2021-anticyclonique\/#primaryimage"},"image":{"@id":"http:\/\/www.meteolafleche.com\/actualite\/2021\/03\/19\/meteo-du-19-au-28-mars-2021-anticyclonique\/#primaryimage"},"thumbnailUrl":"http:\/\/www.meteolafleche.com\/actualite\/wp-content\/uploads\/2021\/03\/210323_meteo_france.png","datePublished":"2021-03-19T08:24:00+00:00","author":{"@id":"https:\/\/www.meteolafleche.com\/actualite\/#\/schema\/person\/a3f335c48c6b0b07b3a7ff55abb5e7a5"},"description":"Les pr\u00e9visions m\u00e9t\u00e9o du 19 au 28 Mars 2021 sur fond d'anticyclone puis de conditions d\u00e9pressionnaires avec les grandes mar\u00e9es ?","breadcrumb":{"@id":"http:\/\/www.meteolafleche.com\/actualite\/2021\/03\/19\/meteo-du-19-au-28-mars-2021-anticyclonique\/#breadcrumb"},"inLanguage":"fr-FR","potentialAction":[{"@type":"ReadAction","target":["http:\/\/www.meteolafleche.com\/actualite\/2021\/03\/19\/meteo-du-19-au-28-mars-2021-anticyclonique\/"]}]},{"@type":"ImageObject","inLanguage":"fr-FR","@id":"http:\/\/www.meteolafleche.com\/actualite\/2021\/03\/19\/meteo-du-19-au-28-mars-2021-anticyclonique\/#primaryimage","url":"http:\/\/www.meteolafleche.com\/actualite\/wp-content\/uploads\/2021\/03\/210323_meteo_france.png","contentUrl":"http:\/\/www.meteolafleche.com\/actualite\/wp-content\/uploads\/2021\/03\/210323_meteo_france.png","width":600,"height":502},{"@type":"BreadcrumbList","@id":"http:\/\/www.meteolafleche.com\/actualite\/2021\/03\/19\/meteo-du-19-au-28-mars-2021-anticyclonique\/#breadcrumb","itemListElement":[{"@type":"ListItem","position":1,"name":"Accueil","item":"https:\/\/www.meteolafleche.com\/actualite\/"},{"@type":"ListItem","position":2,"name":"M\u00e9t\u00e9o du 19 au 28 Mars 2021 d\u00e9but des grandes mar\u00e9es d&rsquo;\u00e9quinoxe"}]},{"@type":"WebSite","@id":"https:\/\/www.meteolafleche.com\/actualite\/#website","url":"https:\/\/www.meteolafleche.com\/actualite\/","name":"M\u00e9t\u00e9olafleche - Blog actualit\u00e9s","description":"Actualit\u00e9s m\u00e9t\u00e9o ","potentialAction":[{"@type":"SearchAction","target":{"@type":"EntryPoint","urlTemplate":"https:\/\/www.meteolafleche.com\/actualite\/?s={search_term_string}"},"query-input":{"@type":"PropertyValueSpecification","valueRequired":true,"valueName":"search_term_string"}}],"inLanguage":"fr-FR"},{"@type":"Person","@id":"https:\/\/www.meteolafleche.com\/actualite\/#\/schema\/person\/a3f335c48c6b0b07b3a7ff55abb5e7a5","name":"M\u00e9t\u00e9olafl\u00e8che","image":{"@type":"ImageObject","inLanguage":"fr-FR","@id":"https:\/\/secure.gravatar.com\/avatar\/87018e78a84df868f9910cf7db506cf0e115cd6493382a089a41e0cf87a80762?s=96&d=mm&r=g","url":"https:\/\/secure.gravatar.com\/avatar\/87018e78a84df868f9910cf7db506cf0e115cd6493382a089a41e0cf87a80762?s=96&d=mm&r=g","contentUrl":"https:\/\/secure.gravatar.com\/avatar\/87018e78a84df868f9910cf7db506cf0e115cd6493382a089a41e0cf87a80762?s=96&d=mm&r=g","caption":"M\u00e9t\u00e9olafl\u00e8che"},"sameAs":["http:\/\/www.meteolafleche.com\/actualite"]}]}},"_links":{"self":[{"href":"http:\/\/www.meteolafleche.com\/actualite\/wp-json\/wp\/v2\/posts\/349","targetHints":{"allow":["GET"]}}],"collection":[{"href":"http:\/\/www.meteolafleche.com\/actualite\/wp-json\/wp\/v2\/posts"}],"about":[{"href":"http:\/\/www.meteolafleche.com\/actualite\/wp-json\/wp\/v2\/types\/post"}],"author":[{"embeddable":true,"href":"http:\/\/www.meteolafleche.com\/actualite\/wp-json\/wp\/v2\/users\/1"}],"replies":[{"embeddable":true,"href":"http:\/\/www.meteolafleche.com\/actualite\/wp-json\/wp\/v2\/comments?post=349"}],"version-history":[{"count":1,"href":"http:\/\/www.meteolafleche.com\/actualite\/wp-json\/wp\/v2\/posts\/349\/revisions"}],"predecessor-version":[{"id":352,"href":"http:\/\/www.meteolafleche.com\/actualite\/wp-json\/wp\/v2\/posts\/349\/revisions\/352"}],"wp:attachment":[{"href":"http:\/\/www.meteolafleche.com\/actualite\/wp-json\/wp\/v2\/media?parent=349"}],"wp:term":[{"taxonomy":"category","embeddable":true,"href":"http:\/\/www.meteolafleche.com\/actualite\/wp-json\/wp\/v2\/categories?post=349"},{"taxonomy":"post_tag","embeddable":true,"href":"http:\/\/www.meteolafleche.com\/actualite\/wp-json\/wp\/v2\/tags?post=349"}],"curies":[{"name":"wp","href":"https:\/\/api.w.org\/{rel}","templated":true}]}}