{"id":240,"date":"2020-12-22T12:25:54","date_gmt":"2020-12-22T11:25:54","guid":{"rendered":"http:\/\/www.meteolafleche.com\/actualite\/?p=240"},"modified":"2020-12-22T12:25:56","modified_gmt":"2020-12-22T11:25:56","slug":"meteo-24-decembre-2020-2-janvier-2021","status":"publish","type":"post","link":"http:\/\/www.meteolafleche.com\/actualite\/2020\/12\/22\/meteo-24-decembre-2020-2-janvier-2021\/","title":{"rendered":"M\u00e9t\u00e9o du 24 D\u00e9cembre 2020 au 2 Janvier 2021"},"content":{"rendered":"<div id=\"meteo-3447167576\" class=\"meteo-avant-contenu meteo-entity-placement\"><script async src=\"\/\/pagead2.googlesyndication.com\/pagead\/js\/adsbygoogle.js?client=ca-pub-0501790310760996\" crossorigin=\"anonymous\"><\/script><ins class=\"adsbygoogle\" style=\"display:block;\" data-ad-client=\"ca-pub-0501790310760996\" \ndata-ad-slot=\"9802369648\" \ndata-ad-format=\"auto\"><\/ins>\n<script> \n(adsbygoogle = window.adsbygoogle || []).push({}); \n<\/script>\n<\/div>\n<p>Les f\u00eates de fin d&rsquo;ann\u00e9e devraient se faire dans une certaine agitation. Petit topo de ce qui nous attend.<\/p>\n\n\n\n<p>Les tendances sur cet article sont issues de notre page principale <a href=\"http:\/\/meteolafleche.com\/previsionsfrance.html\">http:\/\/meteolafleche.com\/previsionsfrance.html<\/a> ainsi que de la page <a href=\"http:\/\/www.meteolafleche.com\/actualite\/2020\/12\/02\/meteo-hiver-2020-2021\/\">http:\/\/www.meteolafleche.com\/actualite\/2020\/12\/02\/meteo-hiver-2020-2021\/<\/a><\/p>\n\n\n\n<figure class=\"wp-block-image size-large\"><img loading=\"lazy\" decoding=\"async\" width=\"600\" height=\"502\" src=\"http:\/\/www.meteolafleche.com\/actualite\/wp-content\/uploads\/2020\/12\/201225_meteo_week_end_noel.png\" alt=\"M\u00e9t\u00e9o Week-end de Noel 2020\" class=\"wp-image-241\" srcset=\"http:\/\/www.meteolafleche.com\/actualite\/wp-content\/uploads\/2020\/12\/201225_meteo_week_end_noel.png 600w, http:\/\/www.meteolafleche.com\/actualite\/wp-content\/uploads\/2020\/12\/201225_meteo_week_end_noel-300x251.png 300w\" sizes=\"auto, (max-width: 600px) 100vw, 600px\" \/><\/figure>\n\n\n\n<p>Le courant oc\u00e9anique devrait perdurer en partie gr\u00e2ce notamment \u00e0 la mise en place d&rsquo;un syst\u00e8me d\u00e9pressionnaire.<br>Ce syst\u00e8me se situerait sur les \u00eeles britanniques puis sur le B\u00e9n\u00e9lux.<\/p>\n\n\n\n<p>Avec le retour de l&rsquo;anticyclone d\u00e8s le Jeudi 24, le rafraichissement voire le refroidissement serait brutal en montagne.<\/p>\n\n\n\n<p>En plaine, la baisse des temp\u00e9ratures serait aussi marqu\u00e9e ; pour autant, la masse d&rsquo;air redeviendrait de saison.<\/p>\n\n\n\n<p>Le jour de Noel devrait \u00eatre marqu\u00e9 par un courant nordique laissant penser qu&rsquo;il pourrait neiger au moins sur le Centre Est.<\/p>\n\n\n\n<p>Pour cela, il faudrait regarder la veille ou le jour m\u00eame la mod\u00e9lisation notamment Euro4 disponible sur <a href=\"https:\/\/www.wofrance.fr\/cgi-bin\/expertcharts?LANG=fr&amp;MENU=0000000000&amp;CONT=frfr&amp;MODELL=euro4-high&amp;MODELLTYP=1&amp;BASE=-&amp;VAR=prec&amp;HH=1&amp;ZOOM=0&amp;ARCHIV=0&amp;RES=0&amp;WMO=&amp;PERIOD=\">https:\/\/www.wofrance.fr\/cgi-bin\/expertcharts?LANG=fr&amp;MENU=0000000000&amp;CONT=frfr&amp;MODELL=euro4-high&amp;MODELLTYP=1&amp;BASE=-&amp;VAR=prec&amp;HH=1&amp;ZOOM=0&amp;ARCHIV=0&amp;RES=0&amp;WMO=&amp;PERIOD=<\/a> ; ce mod\u00e8le est un des plus performants dans la pr\u00e9vision de neige en hiver, des orages en \u00e9t\u00e9.<\/p>\n\n\n\n<p>Qui dit refroidissement, dit potentiellement du verglas surtout avec l&rsquo;humidit\u00e9 rendue tr\u00e8s pr\u00e9sente de par les nombreuses pr\u00e9cipitations.<\/p>\n\n\n\n<p>La grande prudence serait de mise sur les routes d&rsquo;autant plus que ce sera la seule soir\u00e9e o\u00f9 tous les d\u00e9placements seront autoris\u00e9s.<\/p>\n\n\n\n<p>Par la suite, le week-end se poursuivrait dans une grande voire une forte agitation.<\/p>\n\n\n\n<p>Un fort coup de vent se ferait le Dimanche 27 D\u00e9cembre 2020. L\u00e0 aussi avec les retours de week-end, il faudrait faire attention lors des d\u00e9placements.<\/p>\n\n\n\n<figure class=\"wp-block-image size-large\"><img loading=\"lazy\" decoding=\"async\" width=\"600\" height=\"502\" src=\"http:\/\/www.meteolafleche.com\/actualite\/wp-content\/uploads\/2020\/12\/210102_meteo_nouvel_an_france.png\" alt=\"M\u00e9t\u00e9o Nouvel An 2021\" class=\"wp-image-242\" srcset=\"http:\/\/www.meteolafleche.com\/actualite\/wp-content\/uploads\/2020\/12\/210102_meteo_nouvel_an_france.png 600w, http:\/\/www.meteolafleche.com\/actualite\/wp-content\/uploads\/2020\/12\/210102_meteo_nouvel_an_france-300x251.png 300w\" sizes=\"auto, (max-width: 600px) 100vw, 600px\" \/><\/figure>\n\n\n\n<p>Les derniers jours de l&rsquo;ann\u00e9e 2020 et les premiers de 2021 bien partis pour \u00eatre encore dans l&rsquo;humidit\u00e9 et la douceur ?<\/p>\n\n\n\n<p>Les tendances semblent claires au niveau des pr\u00e9cipitations ; La configuration risque donc de poser de s\u00e9rieux probl\u00e8mes par rapport aux cours d&rsquo;eau.<\/p>\n\n\n\n<p>Est-ce que la suite de l&rsquo;hiver m\u00e9t\u00e9orologique verra de nombreuses inondations ? C&rsquo;est tout \u00e0 fait possible avec la plupart des mod\u00e9lisations ! <\/p>\n\n\n\n<p>Dans tous les cas, nous vous souhaitons de bonnes f\u00eates de fin d&rsquo;ann\u00e9e.<\/p>\n<div id=\"meteo-3157850404\" class=\"meteo-apres-le-contenu meteo-entity-placement\"><script async src=\"\/\/pagead2.googlesyndication.com\/pagead\/js\/adsbygoogle.js?client=ca-pub-0501790310760996\" crossorigin=\"anonymous\"><\/script><ins class=\"adsbygoogle\" style=\"display:block;\" data-ad-client=\"ca-pub-0501790310760996\" \ndata-ad-slot=\"7540452242\" \ndata-ad-format=\"auto\"><\/ins>\n<script> \n(adsbygoogle = window.adsbygoogle || []).push({}); \n<\/script>\n<\/div>","protected":false},"excerpt":{"rendered":"<p>Les f\u00eates de fin d&rsquo;ann\u00e9e devraient se faire dans une certaine agitation. Petit topo de ce qui nous attend. Les tendances sur cet article sont issues de notre page principale http:\/\/meteolafleche.com\/previsionsfrance.html ainsi que de la page http:\/\/www.meteolafleche.com\/actualite\/2020\/12\/02\/meteo-hiver-2020-2021\/ Le courant oc\u00e9anique devrait perdurer en partie gr\u00e2ce notamment \u00e0 la mise en place d&rsquo;un syst\u00e8me d\u00e9pressionnaire.Ce syst\u00e8me [&hellip;]<\/p>\n","protected":false},"author":1,"featured_media":0,"comment_status":"open","ping_status":"open","sticky":false,"template":"","format":"standard","meta":{"footnotes":""},"categories":[1],"tags":[51,15,37,25,39,52,17],"class_list":["post-240","post","type-post","status-publish","format-standard","hentry","category-tendance-meteo-a-long-terme","tag-51","tag-15","tag-37","tag-25","tag-decembre-2","tag-janvier","tag-meteo"],"yoast_head":"<!-- This site is optimized with the Yoast SEO plugin v27.5 - https:\/\/yoast.com\/product\/yoast-seo-wordpress\/ -->\n<title>M\u00e9t\u00e9o 2020 et d\u00e9but 2021 sur la France et le reste de l&#039;Europe de l&#039;Ouest<\/title>\n<meta name=\"description\" content=\"Toute la m\u00e9t\u00e9o pour la fin de l&#039;ann\u00e9e 2020 et le d\u00e9but de l&#039;ann\u00e9e 2021 - persistance de conditions perturb\u00e9es ? Notre analyse !\" \/>\n<meta name=\"robots\" content=\"index, follow, max-snippet:-1, max-image-preview:large, max-video-preview:-1\" \/>\n<link rel=\"canonical\" href=\"https:\/\/www.meteolafleche.com\/actualite\/2020\/12\/22\/meteo-24-decembre-2020-2-janvier-2021\/\" \/>\n<meta property=\"og:locale\" content=\"fr_FR\" \/>\n<meta property=\"og:type\" content=\"article\" \/>\n<meta property=\"og:title\" content=\"M\u00e9t\u00e9o 2020 et d\u00e9but 2021 sur la France et le reste de l&#039;Europe de l&#039;Ouest\" \/>\n<meta property=\"og:description\" content=\"Toute la m\u00e9t\u00e9o pour la fin de l&#039;ann\u00e9e 2020 et le d\u00e9but de l&#039;ann\u00e9e 2021 - persistance de conditions perturb\u00e9es ? Notre analyse !\" \/>\n<meta property=\"og:url\" content=\"https:\/\/www.meteolafleche.com\/actualite\/2020\/12\/22\/meteo-24-decembre-2020-2-janvier-2021\/\" \/>\n<meta property=\"og:site_name\" content=\"M\u00e9t\u00e9olafleche\" \/>\n<meta property=\"article:publisher\" content=\"https:\/\/fr-fr.facebook.com\/Meteolafleche\/\" \/>\n<meta property=\"article:published_time\" content=\"2020-12-22T11:25:54+00:00\" \/>\n<meta property=\"article:modified_time\" content=\"2020-12-22T11:25:56+00:00\" \/>\n<meta property=\"og:image\" content=\"http:\/\/www.meteolafleche.com\/actualite\/wp-content\/uploads\/2020\/12\/201225_meteo_week_end_noel.png\" \/>\n<meta name=\"author\" content=\"M\u00e9t\u00e9olafl\u00e8che\" \/>\n<meta name=\"twitter:card\" content=\"summary_large_image\" \/>\n<meta name=\"twitter:creator\" content=\"@Meteolafleche\" \/>\n<meta name=\"twitter:site\" content=\"@Meteolafleche\" \/>\n<meta name=\"twitter:label1\" content=\"\u00c9crit par\" \/>\n\t<meta name=\"twitter:data1\" content=\"M\u00e9t\u00e9olafl\u00e8che\" \/>\n\t<meta name=\"twitter:label2\" content=\"Dur\u00e9e de lecture estim\u00e9e\" \/>\n\t<meta name=\"twitter:data2\" content=\"2 minutes\" \/>\n<script type=\"application\/ld+json\" class=\"yoast-schema-graph\">{\"@context\":\"https:\\\/\\\/schema.org\",\"@graph\":[{\"@type\":\"Article\",\"@id\":\"https:\\\/\\\/www.meteolafleche.com\\\/actualite\\\/2020\\\/12\\\/22\\\/meteo-24-decembre-2020-2-janvier-2021\\\/#article\",\"isPartOf\":{\"@id\":\"https:\\\/\\\/www.meteolafleche.com\\\/actualite\\\/2020\\\/12\\\/22\\\/meteo-24-decembre-2020-2-janvier-2021\\\/\"},\"author\":{\"name\":\"M\u00e9t\u00e9olafl\u00e8che\",\"@id\":\"http:\\\/\\\/www.meteolafleche.com\\\/actualite\\\/#\\\/schema\\\/person\\\/a3f335c48c6b0b07b3a7ff55abb5e7a5\"},\"headline\":\"M\u00e9t\u00e9o du 24 D\u00e9cembre 2020 au 2 Janvier 2021\",\"datePublished\":\"2020-12-22T11:25:54+00:00\",\"dateModified\":\"2020-12-22T11:25:56+00:00\",\"mainEntityOfPage\":{\"@id\":\"https:\\\/\\\/www.meteolafleche.com\\\/actualite\\\/2020\\\/12\\\/22\\\/meteo-24-decembre-2020-2-janvier-2021\\\/\"},\"wordCount\":397,\"commentCount\":1,\"image\":{\"@id\":\"https:\\\/\\\/www.meteolafleche.com\\\/actualite\\\/2020\\\/12\\\/22\\\/meteo-24-decembre-2020-2-janvier-2021\\\/#primaryimage\"},\"thumbnailUrl\":\"http:\\\/\\\/www.meteolafleche.com\\\/actualite\\\/wp-content\\\/uploads\\\/2020\\\/12\\\/201225_meteo_week_end_noel.png\",\"keywords\":[\"2\",\"2020\",\"2021\",\"24\",\"d\u00e9cembre\",\"Janvier\",\"m\u00e9t\u00e9o\"],\"articleSection\":[\"Tendance m\u00e9t\u00e9o \u00e0 long terme\"],\"inLanguage\":\"fr-FR\",\"potentialAction\":[{\"@type\":\"CommentAction\",\"name\":\"Comment\",\"target\":[\"https:\\\/\\\/www.meteolafleche.com\\\/actualite\\\/2020\\\/12\\\/22\\\/meteo-24-decembre-2020-2-janvier-2021\\\/#respond\"]}]},{\"@type\":\"WebPage\",\"@id\":\"https:\\\/\\\/www.meteolafleche.com\\\/actualite\\\/2020\\\/12\\\/22\\\/meteo-24-decembre-2020-2-janvier-2021\\\/\",\"url\":\"https:\\\/\\\/www.meteolafleche.com\\\/actualite\\\/2020\\\/12\\\/22\\\/meteo-24-decembre-2020-2-janvier-2021\\\/\",\"name\":\"M\u00e9t\u00e9o 2020 et d\u00e9but 2021 sur la France et le reste de l'Europe de l'Ouest\",\"isPartOf\":{\"@id\":\"http:\\\/\\\/www.meteolafleche.com\\\/actualite\\\/#website\"},\"primaryImageOfPage\":{\"@id\":\"https:\\\/\\\/www.meteolafleche.com\\\/actualite\\\/2020\\\/12\\\/22\\\/meteo-24-decembre-2020-2-janvier-2021\\\/#primaryimage\"},\"image\":{\"@id\":\"https:\\\/\\\/www.meteolafleche.com\\\/actualite\\\/2020\\\/12\\\/22\\\/meteo-24-decembre-2020-2-janvier-2021\\\/#primaryimage\"},\"thumbnailUrl\":\"http:\\\/\\\/www.meteolafleche.com\\\/actualite\\\/wp-content\\\/uploads\\\/2020\\\/12\\\/201225_meteo_week_end_noel.png\",\"datePublished\":\"2020-12-22T11:25:54+00:00\",\"dateModified\":\"2020-12-22T11:25:56+00:00\",\"author\":{\"@id\":\"http:\\\/\\\/www.meteolafleche.com\\\/actualite\\\/#\\\/schema\\\/person\\\/a3f335c48c6b0b07b3a7ff55abb5e7a5\"},\"description\":\"Toute la m\u00e9t\u00e9o pour la fin de l'ann\u00e9e 2020 et le d\u00e9but de l'ann\u00e9e 2021 - persistance de conditions perturb\u00e9es ? Notre analyse !\",\"breadcrumb\":{\"@id\":\"https:\\\/\\\/www.meteolafleche.com\\\/actualite\\\/2020\\\/12\\\/22\\\/meteo-24-decembre-2020-2-janvier-2021\\\/#breadcrumb\"},\"inLanguage\":\"fr-FR\",\"potentialAction\":[{\"@type\":\"ReadAction\",\"target\":[\"https:\\\/\\\/www.meteolafleche.com\\\/actualite\\\/2020\\\/12\\\/22\\\/meteo-24-decembre-2020-2-janvier-2021\\\/\"]}]},{\"@type\":\"ImageObject\",\"inLanguage\":\"fr-FR\",\"@id\":\"https:\\\/\\\/www.meteolafleche.com\\\/actualite\\\/2020\\\/12\\\/22\\\/meteo-24-decembre-2020-2-janvier-2021\\\/#primaryimage\",\"url\":\"http:\\\/\\\/www.meteolafleche.com\\\/actualite\\\/wp-content\\\/uploads\\\/2020\\\/12\\\/201225_meteo_week_end_noel.png\",\"contentUrl\":\"http:\\\/\\\/www.meteolafleche.com\\\/actualite\\\/wp-content\\\/uploads\\\/2020\\\/12\\\/201225_meteo_week_end_noel.png\",\"width\":600,\"height\":502},{\"@type\":\"BreadcrumbList\",\"@id\":\"https:\\\/\\\/www.meteolafleche.com\\\/actualite\\\/2020\\\/12\\\/22\\\/meteo-24-decembre-2020-2-janvier-2021\\\/#breadcrumb\",\"itemListElement\":[{\"@type\":\"ListItem\",\"position\":1,\"name\":\"Accueil\",\"item\":\"http:\\\/\\\/www.meteolafleche.com\\\/actualite\\\/\"},{\"@type\":\"ListItem\",\"position\":2,\"name\":\"M\u00e9t\u00e9o du 24 D\u00e9cembre 2020 au 2 Janvier 2021\"}]},{\"@type\":\"WebSite\",\"@id\":\"http:\\\/\\\/www.meteolafleche.com\\\/actualite\\\/#website\",\"url\":\"http:\\\/\\\/www.meteolafleche.com\\\/actualite\\\/\",\"name\":\"M\u00e9t\u00e9olafleche - Blog actualit\u00e9s\",\"description\":\"Actualit\u00e9s m\u00e9t\u00e9o \",\"potentialAction\":[{\"@type\":\"SearchAction\",\"target\":{\"@type\":\"EntryPoint\",\"urlTemplate\":\"http:\\\/\\\/www.meteolafleche.com\\\/actualite\\\/?s={search_term_string}\"},\"query-input\":{\"@type\":\"PropertyValueSpecification\",\"valueRequired\":true,\"valueName\":\"search_term_string\"}}],\"inLanguage\":\"fr-FR\"},{\"@type\":\"Person\",\"@id\":\"http:\\\/\\\/www.meteolafleche.com\\\/actualite\\\/#\\\/schema\\\/person\\\/a3f335c48c6b0b07b3a7ff55abb5e7a5\",\"name\":\"M\u00e9t\u00e9olafl\u00e8che\",\"image\":{\"@type\":\"ImageObject\",\"inLanguage\":\"fr-FR\",\"@id\":\"https:\\\/\\\/secure.gravatar.com\\\/avatar\\\/87018e78a84df868f9910cf7db506cf0e115cd6493382a089a41e0cf87a80762?s=96&d=mm&r=g\",\"url\":\"https:\\\/\\\/secure.gravatar.com\\\/avatar\\\/87018e78a84df868f9910cf7db506cf0e115cd6493382a089a41e0cf87a80762?s=96&d=mm&r=g\",\"contentUrl\":\"https:\\\/\\\/secure.gravatar.com\\\/avatar\\\/87018e78a84df868f9910cf7db506cf0e115cd6493382a089a41e0cf87a80762?s=96&d=mm&r=g\",\"caption\":\"M\u00e9t\u00e9olafl\u00e8che\"},\"sameAs\":[\"http:\\\/\\\/www.meteolafleche.com\\\/actualite\"]}]}<\/script>\n<!-- \/ Yoast SEO plugin. -->","yoast_head_json":{"title":"M\u00e9t\u00e9o 2020 et d\u00e9but 2021 sur la France et le reste de l'Europe de l'Ouest","description":"Toute la m\u00e9t\u00e9o pour la fin de l'ann\u00e9e 2020 et le d\u00e9but de l'ann\u00e9e 2021 - persistance de conditions perturb\u00e9es ? Notre analyse !","robots":{"index":"index","follow":"follow","max-snippet":"max-snippet:-1","max-image-preview":"max-image-preview:large","max-video-preview":"max-video-preview:-1"},"canonical":"https:\/\/www.meteolafleche.com\/actualite\/2020\/12\/22\/meteo-24-decembre-2020-2-janvier-2021\/","og_locale":"fr_FR","og_type":"article","og_title":"M\u00e9t\u00e9o 2020 et d\u00e9but 2021 sur la France et le reste de l'Europe de l'Ouest","og_description":"Toute la m\u00e9t\u00e9o pour la fin de l'ann\u00e9e 2020 et le d\u00e9but de l'ann\u00e9e 2021 - persistance de conditions perturb\u00e9es ? Notre analyse !","og_url":"https:\/\/www.meteolafleche.com\/actualite\/2020\/12\/22\/meteo-24-decembre-2020-2-janvier-2021\/","og_site_name":"M\u00e9t\u00e9olafleche","article_publisher":"https:\/\/fr-fr.facebook.com\/Meteolafleche\/","article_published_time":"2020-12-22T11:25:54+00:00","article_modified_time":"2020-12-22T11:25:56+00:00","og_image":[{"url":"http:\/\/www.meteolafleche.com\/actualite\/wp-content\/uploads\/2020\/12\/201225_meteo_week_end_noel.png","type":"","width":"","height":""}],"author":"M\u00e9t\u00e9olafl\u00e8che","twitter_card":"summary_large_image","twitter_creator":"@Meteolafleche","twitter_site":"@Meteolafleche","twitter_misc":{"\u00c9crit par":"M\u00e9t\u00e9olafl\u00e8che","Dur\u00e9e de lecture estim\u00e9e":"2 minutes"},"schema":{"@context":"https:\/\/schema.org","@graph":[{"@type":"Article","@id":"https:\/\/www.meteolafleche.com\/actualite\/2020\/12\/22\/meteo-24-decembre-2020-2-janvier-2021\/#article","isPartOf":{"@id":"https:\/\/www.meteolafleche.com\/actualite\/2020\/12\/22\/meteo-24-decembre-2020-2-janvier-2021\/"},"author":{"name":"M\u00e9t\u00e9olafl\u00e8che","@id":"http:\/\/www.meteolafleche.com\/actualite\/#\/schema\/person\/a3f335c48c6b0b07b3a7ff55abb5e7a5"},"headline":"M\u00e9t\u00e9o du 24 D\u00e9cembre 2020 au 2 Janvier 2021","datePublished":"2020-12-22T11:25:54+00:00","dateModified":"2020-12-22T11:25:56+00:00","mainEntityOfPage":{"@id":"https:\/\/www.meteolafleche.com\/actualite\/2020\/12\/22\/meteo-24-decembre-2020-2-janvier-2021\/"},"wordCount":397,"commentCount":1,"image":{"@id":"https:\/\/www.meteolafleche.com\/actualite\/2020\/12\/22\/meteo-24-decembre-2020-2-janvier-2021\/#primaryimage"},"thumbnailUrl":"http:\/\/www.meteolafleche.com\/actualite\/wp-content\/uploads\/2020\/12\/201225_meteo_week_end_noel.png","keywords":["2","2020","2021","24","d\u00e9cembre","Janvier","m\u00e9t\u00e9o"],"articleSection":["Tendance m\u00e9t\u00e9o \u00e0 long terme"],"inLanguage":"fr-FR","potentialAction":[{"@type":"CommentAction","name":"Comment","target":["https:\/\/www.meteolafleche.com\/actualite\/2020\/12\/22\/meteo-24-decembre-2020-2-janvier-2021\/#respond"]}]},{"@type":"WebPage","@id":"https:\/\/www.meteolafleche.com\/actualite\/2020\/12\/22\/meteo-24-decembre-2020-2-janvier-2021\/","url":"https:\/\/www.meteolafleche.com\/actualite\/2020\/12\/22\/meteo-24-decembre-2020-2-janvier-2021\/","name":"M\u00e9t\u00e9o 2020 et d\u00e9but 2021 sur la France et le reste de l'Europe de l'Ouest","isPartOf":{"@id":"http:\/\/www.meteolafleche.com\/actualite\/#website"},"primaryImageOfPage":{"@id":"https:\/\/www.meteolafleche.com\/actualite\/2020\/12\/22\/meteo-24-decembre-2020-2-janvier-2021\/#primaryimage"},"image":{"@id":"https:\/\/www.meteolafleche.com\/actualite\/2020\/12\/22\/meteo-24-decembre-2020-2-janvier-2021\/#primaryimage"},"thumbnailUrl":"http:\/\/www.meteolafleche.com\/actualite\/wp-content\/uploads\/2020\/12\/201225_meteo_week_end_noel.png","datePublished":"2020-12-22T11:25:54+00:00","dateModified":"2020-12-22T11:25:56+00:00","author":{"@id":"http:\/\/www.meteolafleche.com\/actualite\/#\/schema\/person\/a3f335c48c6b0b07b3a7ff55abb5e7a5"},"description":"Toute la m\u00e9t\u00e9o pour la fin de l'ann\u00e9e 2020 et le d\u00e9but de l'ann\u00e9e 2021 - persistance de conditions perturb\u00e9es ? Notre analyse !","breadcrumb":{"@id":"https:\/\/www.meteolafleche.com\/actualite\/2020\/12\/22\/meteo-24-decembre-2020-2-janvier-2021\/#breadcrumb"},"inLanguage":"fr-FR","potentialAction":[{"@type":"ReadAction","target":["https:\/\/www.meteolafleche.com\/actualite\/2020\/12\/22\/meteo-24-decembre-2020-2-janvier-2021\/"]}]},{"@type":"ImageObject","inLanguage":"fr-FR","@id":"https:\/\/www.meteolafleche.com\/actualite\/2020\/12\/22\/meteo-24-decembre-2020-2-janvier-2021\/#primaryimage","url":"http:\/\/www.meteolafleche.com\/actualite\/wp-content\/uploads\/2020\/12\/201225_meteo_week_end_noel.png","contentUrl":"http:\/\/www.meteolafleche.com\/actualite\/wp-content\/uploads\/2020\/12\/201225_meteo_week_end_noel.png","width":600,"height":502},{"@type":"BreadcrumbList","@id":"https:\/\/www.meteolafleche.com\/actualite\/2020\/12\/22\/meteo-24-decembre-2020-2-janvier-2021\/#breadcrumb","itemListElement":[{"@type":"ListItem","position":1,"name":"Accueil","item":"http:\/\/www.meteolafleche.com\/actualite\/"},{"@type":"ListItem","position":2,"name":"M\u00e9t\u00e9o du 24 D\u00e9cembre 2020 au 2 Janvier 2021"}]},{"@type":"WebSite","@id":"http:\/\/www.meteolafleche.com\/actualite\/#website","url":"http:\/\/www.meteolafleche.com\/actualite\/","name":"M\u00e9t\u00e9olafleche - Blog actualit\u00e9s","description":"Actualit\u00e9s m\u00e9t\u00e9o ","potentialAction":[{"@type":"SearchAction","target":{"@type":"EntryPoint","urlTemplate":"http:\/\/www.meteolafleche.com\/actualite\/?s={search_term_string}"},"query-input":{"@type":"PropertyValueSpecification","valueRequired":true,"valueName":"search_term_string"}}],"inLanguage":"fr-FR"},{"@type":"Person","@id":"http:\/\/www.meteolafleche.com\/actualite\/#\/schema\/person\/a3f335c48c6b0b07b3a7ff55abb5e7a5","name":"M\u00e9t\u00e9olafl\u00e8che","image":{"@type":"ImageObject","inLanguage":"fr-FR","@id":"https:\/\/secure.gravatar.com\/avatar\/87018e78a84df868f9910cf7db506cf0e115cd6493382a089a41e0cf87a80762?s=96&d=mm&r=g","url":"https:\/\/secure.gravatar.com\/avatar\/87018e78a84df868f9910cf7db506cf0e115cd6493382a089a41e0cf87a80762?s=96&d=mm&r=g","contentUrl":"https:\/\/secure.gravatar.com\/avatar\/87018e78a84df868f9910cf7db506cf0e115cd6493382a089a41e0cf87a80762?s=96&d=mm&r=g","caption":"M\u00e9t\u00e9olafl\u00e8che"},"sameAs":["http:\/\/www.meteolafleche.com\/actualite"]}]}},"_links":{"self":[{"href":"http:\/\/www.meteolafleche.com\/actualite\/wp-json\/wp\/v2\/posts\/240","targetHints":{"allow":["GET"]}}],"collection":[{"href":"http:\/\/www.meteolafleche.com\/actualite\/wp-json\/wp\/v2\/posts"}],"about":[{"href":"http:\/\/www.meteolafleche.com\/actualite\/wp-json\/wp\/v2\/types\/post"}],"author":[{"embeddable":true,"href":"http:\/\/www.meteolafleche.com\/actualite\/wp-json\/wp\/v2\/users\/1"}],"replies":[{"embeddable":true,"href":"http:\/\/www.meteolafleche.com\/actualite\/wp-json\/wp\/v2\/comments?post=240"}],"version-history":[{"count":1,"href":"http:\/\/www.meteolafleche.com\/actualite\/wp-json\/wp\/v2\/posts\/240\/revisions"}],"predecessor-version":[{"id":243,"href":"http:\/\/www.meteolafleche.com\/actualite\/wp-json\/wp\/v2\/posts\/240\/revisions\/243"}],"wp:attachment":[{"href":"http:\/\/www.meteolafleche.com\/actualite\/wp-json\/wp\/v2\/media?parent=240"}],"wp:term":[{"taxonomy":"category","embeddable":true,"href":"http:\/\/www.meteolafleche.com\/actualite\/wp-json\/wp\/v2\/categories?post=240"},{"taxonomy":"post_tag","embeddable":true,"href":"http:\/\/www.meteolafleche.com\/actualite\/wp-json\/wp\/v2\/tags?post=240"}],"curies":[{"name":"wp","href":"https:\/\/api.w.org\/{rel}","templated":true}]}}