{"id":1516,"date":"2026-05-01T09:04:00","date_gmt":"2026-05-01T07:04:00","guid":{"rendered":"https:\/\/www.meteolafleche.com\/actualite\/?p=1516"},"modified":"2026-04-27T11:10:32","modified_gmt":"2026-04-27T09:10:32","slug":"meteo-du-1-au-10-mai-2026-orageuse","status":"publish","type":"post","link":"http:\/\/www.meteolafleche.com\/actualite\/2026\/05\/01\/meteo-du-1-au-10-mai-2026-orageuse\/","title":{"rendered":"M\u00e9t\u00e9o du 1er au 10 Mai 2026 orageuse"},"content":{"rendered":"<div id=\"meteo-3450198607\" class=\"meteo-avant-contenu meteo-entity-placement\"><script async src=\"\/\/pagead2.googlesyndication.com\/pagead\/js\/adsbygoogle.js?client=ca-pub-0501790310760996\" crossorigin=\"anonymous\"><\/script><ins class=\"adsbygoogle\" style=\"display:block;\" data-ad-client=\"ca-pub-0501790310760996\" \ndata-ad-slot=\"9802369648\" \ndata-ad-format=\"auto\"><\/ins>\n<script> \n(adsbygoogle = window.adsbygoogle || []).push({}); \n<\/script>\n<\/div>\n<p>La premi\u00e8re d\u00e9cade de Mai serait potentiellement marqu\u00e9e par une forte fr\u00e9quence des orages <a href=\"https:\/\/www.meteolafleche.com\/actualite\/2026\/04\/24\/meteo-du-24-avril-au-3-mai-2026-orages\/\">https:\/\/www.meteolafleche.com\/actualite\/2026\/04\/24\/meteo-du-24-avril-au-3-mai-2026-orages\/<\/a><\/p>\n\n\n\n<figure class=\"wp-block-image size-full\"><img loading=\"lazy\" decoding=\"async\" width=\"600\" height=\"502\" src=\"https:\/\/www.meteolafleche.com\/actualite\/wp-content\/uploads\/2026\/04\/260505_meteo_france.png\" alt=\"M\u00e9t\u00e9o France 5 Mai 2026\" class=\"wp-image-1517\" srcset=\"http:\/\/www.meteolafleche.com\/actualite\/wp-content\/uploads\/2026\/04\/260505_meteo_france.png 600w, http:\/\/www.meteolafleche.com\/actualite\/wp-content\/uploads\/2026\/04\/260505_meteo_france-300x251.png 300w\" sizes=\"auto, (max-width: 600px) 100vw, 600px\" \/><\/figure>\n\n\n\n<p>Le syst\u00e8me d\u00e9pressionnaire continuerait de gagner du terrain sur la France au point que les averses finiraient par gagner le Jura, les Vosges, les Ardennes.<br><\/p>\n\n\n\n<p>Le d\u00e9but du mois de Mai aurait des allures plutot automnales.<\/p>\n\n\n\n<figure class=\"wp-block-image size-full\"><img loading=\"lazy\" decoding=\"async\" width=\"600\" height=\"502\" src=\"https:\/\/www.meteolafleche.com\/actualite\/wp-content\/uploads\/2026\/04\/260510_meteo_france.png\" alt=\"M\u00e9t\u00e9o France 10 Mai 2026\" class=\"wp-image-1518\" srcset=\"http:\/\/www.meteolafleche.com\/actualite\/wp-content\/uploads\/2026\/04\/260510_meteo_france.png 600w, http:\/\/www.meteolafleche.com\/actualite\/wp-content\/uploads\/2026\/04\/260510_meteo_france-300x251.png 300w\" sizes=\"auto, (max-width: 600px) 100vw, 600px\" \/><\/figure>\n\n\n\n<p>La d\u00e9pression remonterait jusque vers les \u00eeles britanniques au point que le flux pourrait basculer \u00e0 l&rsquo;Ouest.<\/p>\n\n\n\n<p>L&rsquo;instabilit\u00e9 resterait g\u00e9n\u00e9ralis\u00e9e et les temp\u00e9ratures amorceraient une baisse sauf sur le pourtour m\u00e9diterran\u00e9en o\u00f9 le vent d&rsquo;Ouest favoriserait un air plus sec et plus chaud.<\/p>\n\n\n\n<p>La situation ressemblerait \u00e0 celle de 2021 <a href=\"https:\/\/www.youtube.com\/watch?v=TWoLnHMaqso\">https:\/\/www.youtube.com\/watch?v=TWoLnHMaqso<\/a><\/p>\n<div id=\"meteo-797087316\" class=\"meteo-apres-le-contenu meteo-entity-placement\"><script async src=\"\/\/pagead2.googlesyndication.com\/pagead\/js\/adsbygoogle.js?client=ca-pub-0501790310760996\" crossorigin=\"anonymous\"><\/script><ins class=\"adsbygoogle\" style=\"display:block;\" data-ad-client=\"ca-pub-0501790310760996\" \ndata-ad-slot=\"7540452242\" \ndata-ad-format=\"auto\"><\/ins>\n<script> \n(adsbygoogle = window.adsbygoogle || []).push({}); \n<\/script>\n<\/div>","protected":false},"excerpt":{"rendered":"<p>La premi\u00e8re d\u00e9cade de Mai serait potentiellement marqu\u00e9e par une forte fr\u00e9quence des orages https:\/\/www.meteolafleche.com\/actualite\/2026\/04\/24\/meteo-du-24-avril-au-3-mai-2026-orages\/ Le syst\u00e8me d\u00e9pressionnaire continuerait de gagner du terrain sur la France au point que les averses finiraient par gagner le Jura, les Vosges, les Ardennes. Le d\u00e9but du mois de Mai aurait des allures plutot automnales. La d\u00e9pression remonterait jusque [&hellip;]<\/p>\n","protected":false},"author":1,"featured_media":0,"comment_status":"open","ping_status":"open","sticky":false,"template":"","format":"standard","meta":{"footnotes":""},"categories":[1],"tags":[22,114,157,87,17,158,16],"class_list":["post-1516","post","type-post","status-publish","format-standard","hentry","category-tendance-meteo-a-long-terme","tag-22","tag-114","tag-157","tag-mai","tag-meteo","tag-orageuse","tag-previsions"],"yoast_head":"<!-- This site is optimized with the Yoast SEO plugin v27.5 - https:\/\/yoast.com\/product\/yoast-seo-wordpress\/ -->\n<title>M\u00e9t\u00e9o du 1er au 10 Mai 2026 orageuse - M\u00e9t\u00e9olafleche<\/title>\n<meta name=\"description\" content=\"Les tendances m\u00e9t\u00e9o pour la premi\u00e8re d\u00e9cade de Mai 2026 orient\u00e9e vers les orages et la chaleur ? ou vers un temps plus sec ?\" \/>\n<meta name=\"robots\" content=\"index, follow, max-snippet:-1, max-image-preview:large, max-video-preview:-1\" \/>\n<link rel=\"canonical\" href=\"http:\/\/www.meteolafleche.com\/actualite\/2026\/05\/01\/meteo-du-1-au-10-mai-2026-orageuse\/\" \/>\n<meta property=\"og:locale\" content=\"fr_FR\" \/>\n<meta property=\"og:type\" content=\"article\" \/>\n<meta property=\"og:title\" content=\"M\u00e9t\u00e9o du 1er au 10 Mai 2026 orageuse - M\u00e9t\u00e9olafleche\" \/>\n<meta property=\"og:description\" content=\"Les tendances m\u00e9t\u00e9o pour la premi\u00e8re d\u00e9cade de Mai 2026 orient\u00e9e vers les orages et la chaleur ? ou vers un temps plus sec ?\" \/>\n<meta property=\"og:url\" content=\"http:\/\/www.meteolafleche.com\/actualite\/2026\/05\/01\/meteo-du-1-au-10-mai-2026-orageuse\/\" \/>\n<meta property=\"og:site_name\" content=\"M\u00e9t\u00e9olafleche\" \/>\n<meta property=\"article:publisher\" content=\"https:\/\/fr-fr.facebook.com\/Meteolafleche\/\" \/>\n<meta property=\"article:published_time\" content=\"2026-05-01T07:04:00+00:00\" \/>\n<meta property=\"og:image\" content=\"https:\/\/www.meteolafleche.com\/actualite\/wp-content\/uploads\/2026\/04\/260505_meteo_france.png\" \/>\n<meta name=\"author\" content=\"M\u00e9t\u00e9olafl\u00e8che\" \/>\n<meta name=\"twitter:card\" content=\"summary_large_image\" \/>\n<meta name=\"twitter:creator\" content=\"@Meteolafleche\" \/>\n<meta name=\"twitter:site\" content=\"@Meteolafleche\" \/>\n<meta name=\"twitter:label1\" content=\"\u00c9crit par\" \/>\n\t<meta name=\"twitter:data1\" content=\"M\u00e9t\u00e9olafl\u00e8che\" \/>\n\t<meta name=\"twitter:label2\" content=\"Dur\u00e9e de lecture estim\u00e9e\" \/>\n\t<meta name=\"twitter:data2\" content=\"1 minute\" \/>\n<script type=\"application\/ld+json\" class=\"yoast-schema-graph\">{\"@context\":\"https:\\\/\\\/schema.org\",\"@graph\":[{\"@type\":\"Article\",\"@id\":\"http:\\\/\\\/www.meteolafleche.com\\\/actualite\\\/2026\\\/05\\\/01\\\/meteo-du-1-au-10-mai-2026-orageuse\\\/#article\",\"isPartOf\":{\"@id\":\"http:\\\/\\\/www.meteolafleche.com\\\/actualite\\\/2026\\\/05\\\/01\\\/meteo-du-1-au-10-mai-2026-orageuse\\\/\"},\"author\":{\"name\":\"M\u00e9t\u00e9olafl\u00e8che\",\"@id\":\"https:\\\/\\\/www.meteolafleche.com\\\/actualite\\\/#\\\/schema\\\/person\\\/a3f335c48c6b0b07b3a7ff55abb5e7a5\"},\"headline\":\"M\u00e9t\u00e9o du 1er au 10 Mai 2026 orageuse\",\"datePublished\":\"2026-05-01T07:04:00+00:00\",\"mainEntityOfPage\":{\"@id\":\"http:\\\/\\\/www.meteolafleche.com\\\/actualite\\\/2026\\\/05\\\/01\\\/meteo-du-1-au-10-mai-2026-orageuse\\\/\"},\"wordCount\":135,\"commentCount\":0,\"image\":{\"@id\":\"http:\\\/\\\/www.meteolafleche.com\\\/actualite\\\/2026\\\/05\\\/01\\\/meteo-du-1-au-10-mai-2026-orageuse\\\/#primaryimage\"},\"thumbnailUrl\":\"https:\\\/\\\/www.meteolafleche.com\\\/actualite\\\/wp-content\\\/uploads\\\/2026\\\/04\\\/260505_meteo_france.png\",\"keywords\":[\"1\",\"10\",\"2026\",\"mai\",\"m\u00e9t\u00e9o\",\"orageuse\",\"Pr\u00e9visions\"],\"articleSection\":[\"Tendance m\u00e9t\u00e9o \u00e0 long terme\"],\"inLanguage\":\"fr-FR\",\"potentialAction\":[{\"@type\":\"CommentAction\",\"name\":\"Comment\",\"target\":[\"http:\\\/\\\/www.meteolafleche.com\\\/actualite\\\/2026\\\/05\\\/01\\\/meteo-du-1-au-10-mai-2026-orageuse\\\/#respond\"]}]},{\"@type\":\"WebPage\",\"@id\":\"http:\\\/\\\/www.meteolafleche.com\\\/actualite\\\/2026\\\/05\\\/01\\\/meteo-du-1-au-10-mai-2026-orageuse\\\/\",\"url\":\"http:\\\/\\\/www.meteolafleche.com\\\/actualite\\\/2026\\\/05\\\/01\\\/meteo-du-1-au-10-mai-2026-orageuse\\\/\",\"name\":\"M\u00e9t\u00e9o du 1er au 10 Mai 2026 orageuse - M\u00e9t\u00e9olafleche\",\"isPartOf\":{\"@id\":\"https:\\\/\\\/www.meteolafleche.com\\\/actualite\\\/#website\"},\"primaryImageOfPage\":{\"@id\":\"http:\\\/\\\/www.meteolafleche.com\\\/actualite\\\/2026\\\/05\\\/01\\\/meteo-du-1-au-10-mai-2026-orageuse\\\/#primaryimage\"},\"image\":{\"@id\":\"http:\\\/\\\/www.meteolafleche.com\\\/actualite\\\/2026\\\/05\\\/01\\\/meteo-du-1-au-10-mai-2026-orageuse\\\/#primaryimage\"},\"thumbnailUrl\":\"https:\\\/\\\/www.meteolafleche.com\\\/actualite\\\/wp-content\\\/uploads\\\/2026\\\/04\\\/260505_meteo_france.png\",\"datePublished\":\"2026-05-01T07:04:00+00:00\",\"author\":{\"@id\":\"https:\\\/\\\/www.meteolafleche.com\\\/actualite\\\/#\\\/schema\\\/person\\\/a3f335c48c6b0b07b3a7ff55abb5e7a5\"},\"description\":\"Les tendances m\u00e9t\u00e9o pour la premi\u00e8re d\u00e9cade de Mai 2026 orient\u00e9e vers les orages et la chaleur ? ou vers un temps plus sec ?\",\"breadcrumb\":{\"@id\":\"http:\\\/\\\/www.meteolafleche.com\\\/actualite\\\/2026\\\/05\\\/01\\\/meteo-du-1-au-10-mai-2026-orageuse\\\/#breadcrumb\"},\"inLanguage\":\"fr-FR\",\"potentialAction\":[{\"@type\":\"ReadAction\",\"target\":[\"http:\\\/\\\/www.meteolafleche.com\\\/actualite\\\/2026\\\/05\\\/01\\\/meteo-du-1-au-10-mai-2026-orageuse\\\/\"]}]},{\"@type\":\"ImageObject\",\"inLanguage\":\"fr-FR\",\"@id\":\"http:\\\/\\\/www.meteolafleche.com\\\/actualite\\\/2026\\\/05\\\/01\\\/meteo-du-1-au-10-mai-2026-orageuse\\\/#primaryimage\",\"url\":\"http:\\\/\\\/www.meteolafleche.com\\\/actualite\\\/wp-content\\\/uploads\\\/2026\\\/04\\\/260505_meteo_france.png\",\"contentUrl\":\"http:\\\/\\\/www.meteolafleche.com\\\/actualite\\\/wp-content\\\/uploads\\\/2026\\\/04\\\/260505_meteo_france.png\",\"width\":600,\"height\":502},{\"@type\":\"BreadcrumbList\",\"@id\":\"http:\\\/\\\/www.meteolafleche.com\\\/actualite\\\/2026\\\/05\\\/01\\\/meteo-du-1-au-10-mai-2026-orageuse\\\/#breadcrumb\",\"itemListElement\":[{\"@type\":\"ListItem\",\"position\":1,\"name\":\"Accueil\",\"item\":\"https:\\\/\\\/www.meteolafleche.com\\\/actualite\\\/\"},{\"@type\":\"ListItem\",\"position\":2,\"name\":\"M\u00e9t\u00e9o du 1er au 10 Mai 2026 orageuse\"}]},{\"@type\":\"WebSite\",\"@id\":\"https:\\\/\\\/www.meteolafleche.com\\\/actualite\\\/#website\",\"url\":\"https:\\\/\\\/www.meteolafleche.com\\\/actualite\\\/\",\"name\":\"M\u00e9t\u00e9olafleche - Blog actualit\u00e9s\",\"description\":\"Actualit\u00e9s m\u00e9t\u00e9o \",\"potentialAction\":[{\"@type\":\"SearchAction\",\"target\":{\"@type\":\"EntryPoint\",\"urlTemplate\":\"https:\\\/\\\/www.meteolafleche.com\\\/actualite\\\/?s={search_term_string}\"},\"query-input\":{\"@type\":\"PropertyValueSpecification\",\"valueRequired\":true,\"valueName\":\"search_term_string\"}}],\"inLanguage\":\"fr-FR\"},{\"@type\":\"Person\",\"@id\":\"https:\\\/\\\/www.meteolafleche.com\\\/actualite\\\/#\\\/schema\\\/person\\\/a3f335c48c6b0b07b3a7ff55abb5e7a5\",\"name\":\"M\u00e9t\u00e9olafl\u00e8che\",\"image\":{\"@type\":\"ImageObject\",\"inLanguage\":\"fr-FR\",\"@id\":\"https:\\\/\\\/secure.gravatar.com\\\/avatar\\\/87018e78a84df868f9910cf7db506cf0e115cd6493382a089a41e0cf87a80762?s=96&d=mm&r=g\",\"url\":\"https:\\\/\\\/secure.gravatar.com\\\/avatar\\\/87018e78a84df868f9910cf7db506cf0e115cd6493382a089a41e0cf87a80762?s=96&d=mm&r=g\",\"contentUrl\":\"https:\\\/\\\/secure.gravatar.com\\\/avatar\\\/87018e78a84df868f9910cf7db506cf0e115cd6493382a089a41e0cf87a80762?s=96&d=mm&r=g\",\"caption\":\"M\u00e9t\u00e9olafl\u00e8che\"},\"sameAs\":[\"http:\\\/\\\/www.meteolafleche.com\\\/actualite\"]}]}<\/script>\n<!-- \/ Yoast SEO plugin. -->","yoast_head_json":{"title":"M\u00e9t\u00e9o du 1er au 10 Mai 2026 orageuse - M\u00e9t\u00e9olafleche","description":"Les tendances m\u00e9t\u00e9o pour la premi\u00e8re d\u00e9cade de Mai 2026 orient\u00e9e vers les orages et la chaleur ? ou vers un temps plus sec ?","robots":{"index":"index","follow":"follow","max-snippet":"max-snippet:-1","max-image-preview":"max-image-preview:large","max-video-preview":"max-video-preview:-1"},"canonical":"http:\/\/www.meteolafleche.com\/actualite\/2026\/05\/01\/meteo-du-1-au-10-mai-2026-orageuse\/","og_locale":"fr_FR","og_type":"article","og_title":"M\u00e9t\u00e9o du 1er au 10 Mai 2026 orageuse - M\u00e9t\u00e9olafleche","og_description":"Les tendances m\u00e9t\u00e9o pour la premi\u00e8re d\u00e9cade de Mai 2026 orient\u00e9e vers les orages et la chaleur ? ou vers un temps plus sec ?","og_url":"http:\/\/www.meteolafleche.com\/actualite\/2026\/05\/01\/meteo-du-1-au-10-mai-2026-orageuse\/","og_site_name":"M\u00e9t\u00e9olafleche","article_publisher":"https:\/\/fr-fr.facebook.com\/Meteolafleche\/","article_published_time":"2026-05-01T07:04:00+00:00","og_image":[{"url":"https:\/\/www.meteolafleche.com\/actualite\/wp-content\/uploads\/2026\/04\/260505_meteo_france.png","type":"","width":"","height":""}],"author":"M\u00e9t\u00e9olafl\u00e8che","twitter_card":"summary_large_image","twitter_creator":"@Meteolafleche","twitter_site":"@Meteolafleche","twitter_misc":{"\u00c9crit par":"M\u00e9t\u00e9olafl\u00e8che","Dur\u00e9e de lecture estim\u00e9e":"1 minute"},"schema":{"@context":"https:\/\/schema.org","@graph":[{"@type":"Article","@id":"http:\/\/www.meteolafleche.com\/actualite\/2026\/05\/01\/meteo-du-1-au-10-mai-2026-orageuse\/#article","isPartOf":{"@id":"http:\/\/www.meteolafleche.com\/actualite\/2026\/05\/01\/meteo-du-1-au-10-mai-2026-orageuse\/"},"author":{"name":"M\u00e9t\u00e9olafl\u00e8che","@id":"https:\/\/www.meteolafleche.com\/actualite\/#\/schema\/person\/a3f335c48c6b0b07b3a7ff55abb5e7a5"},"headline":"M\u00e9t\u00e9o du 1er au 10 Mai 2026 orageuse","datePublished":"2026-05-01T07:04:00+00:00","mainEntityOfPage":{"@id":"http:\/\/www.meteolafleche.com\/actualite\/2026\/05\/01\/meteo-du-1-au-10-mai-2026-orageuse\/"},"wordCount":135,"commentCount":0,"image":{"@id":"http:\/\/www.meteolafleche.com\/actualite\/2026\/05\/01\/meteo-du-1-au-10-mai-2026-orageuse\/#primaryimage"},"thumbnailUrl":"https:\/\/www.meteolafleche.com\/actualite\/wp-content\/uploads\/2026\/04\/260505_meteo_france.png","keywords":["1","10","2026","mai","m\u00e9t\u00e9o","orageuse","Pr\u00e9visions"],"articleSection":["Tendance m\u00e9t\u00e9o \u00e0 long terme"],"inLanguage":"fr-FR","potentialAction":[{"@type":"CommentAction","name":"Comment","target":["http:\/\/www.meteolafleche.com\/actualite\/2026\/05\/01\/meteo-du-1-au-10-mai-2026-orageuse\/#respond"]}]},{"@type":"WebPage","@id":"http:\/\/www.meteolafleche.com\/actualite\/2026\/05\/01\/meteo-du-1-au-10-mai-2026-orageuse\/","url":"http:\/\/www.meteolafleche.com\/actualite\/2026\/05\/01\/meteo-du-1-au-10-mai-2026-orageuse\/","name":"M\u00e9t\u00e9o du 1er au 10 Mai 2026 orageuse - M\u00e9t\u00e9olafleche","isPartOf":{"@id":"https:\/\/www.meteolafleche.com\/actualite\/#website"},"primaryImageOfPage":{"@id":"http:\/\/www.meteolafleche.com\/actualite\/2026\/05\/01\/meteo-du-1-au-10-mai-2026-orageuse\/#primaryimage"},"image":{"@id":"http:\/\/www.meteolafleche.com\/actualite\/2026\/05\/01\/meteo-du-1-au-10-mai-2026-orageuse\/#primaryimage"},"thumbnailUrl":"https:\/\/www.meteolafleche.com\/actualite\/wp-content\/uploads\/2026\/04\/260505_meteo_france.png","datePublished":"2026-05-01T07:04:00+00:00","author":{"@id":"https:\/\/www.meteolafleche.com\/actualite\/#\/schema\/person\/a3f335c48c6b0b07b3a7ff55abb5e7a5"},"description":"Les tendances m\u00e9t\u00e9o pour la premi\u00e8re d\u00e9cade de Mai 2026 orient\u00e9e vers les orages et la chaleur ? ou vers un temps plus sec ?","breadcrumb":{"@id":"http:\/\/www.meteolafleche.com\/actualite\/2026\/05\/01\/meteo-du-1-au-10-mai-2026-orageuse\/#breadcrumb"},"inLanguage":"fr-FR","potentialAction":[{"@type":"ReadAction","target":["http:\/\/www.meteolafleche.com\/actualite\/2026\/05\/01\/meteo-du-1-au-10-mai-2026-orageuse\/"]}]},{"@type":"ImageObject","inLanguage":"fr-FR","@id":"http:\/\/www.meteolafleche.com\/actualite\/2026\/05\/01\/meteo-du-1-au-10-mai-2026-orageuse\/#primaryimage","url":"http:\/\/www.meteolafleche.com\/actualite\/wp-content\/uploads\/2026\/04\/260505_meteo_france.png","contentUrl":"http:\/\/www.meteolafleche.com\/actualite\/wp-content\/uploads\/2026\/04\/260505_meteo_france.png","width":600,"height":502},{"@type":"BreadcrumbList","@id":"http:\/\/www.meteolafleche.com\/actualite\/2026\/05\/01\/meteo-du-1-au-10-mai-2026-orageuse\/#breadcrumb","itemListElement":[{"@type":"ListItem","position":1,"name":"Accueil","item":"https:\/\/www.meteolafleche.com\/actualite\/"},{"@type":"ListItem","position":2,"name":"M\u00e9t\u00e9o du 1er au 10 Mai 2026 orageuse"}]},{"@type":"WebSite","@id":"https:\/\/www.meteolafleche.com\/actualite\/#website","url":"https:\/\/www.meteolafleche.com\/actualite\/","name":"M\u00e9t\u00e9olafleche - Blog actualit\u00e9s","description":"Actualit\u00e9s m\u00e9t\u00e9o ","potentialAction":[{"@type":"SearchAction","target":{"@type":"EntryPoint","urlTemplate":"https:\/\/www.meteolafleche.com\/actualite\/?s={search_term_string}"},"query-input":{"@type":"PropertyValueSpecification","valueRequired":true,"valueName":"search_term_string"}}],"inLanguage":"fr-FR"},{"@type":"Person","@id":"https:\/\/www.meteolafleche.com\/actualite\/#\/schema\/person\/a3f335c48c6b0b07b3a7ff55abb5e7a5","name":"M\u00e9t\u00e9olafl\u00e8che","image":{"@type":"ImageObject","inLanguage":"fr-FR","@id":"https:\/\/secure.gravatar.com\/avatar\/87018e78a84df868f9910cf7db506cf0e115cd6493382a089a41e0cf87a80762?s=96&d=mm&r=g","url":"https:\/\/secure.gravatar.com\/avatar\/87018e78a84df868f9910cf7db506cf0e115cd6493382a089a41e0cf87a80762?s=96&d=mm&r=g","contentUrl":"https:\/\/secure.gravatar.com\/avatar\/87018e78a84df868f9910cf7db506cf0e115cd6493382a089a41e0cf87a80762?s=96&d=mm&r=g","caption":"M\u00e9t\u00e9olafl\u00e8che"},"sameAs":["http:\/\/www.meteolafleche.com\/actualite"]}]}},"_links":{"self":[{"href":"http:\/\/www.meteolafleche.com\/actualite\/wp-json\/wp\/v2\/posts\/1516","targetHints":{"allow":["GET"]}}],"collection":[{"href":"http:\/\/www.meteolafleche.com\/actualite\/wp-json\/wp\/v2\/posts"}],"about":[{"href":"http:\/\/www.meteolafleche.com\/actualite\/wp-json\/wp\/v2\/types\/post"}],"author":[{"embeddable":true,"href":"http:\/\/www.meteolafleche.com\/actualite\/wp-json\/wp\/v2\/users\/1"}],"replies":[{"embeddable":true,"href":"http:\/\/www.meteolafleche.com\/actualite\/wp-json\/wp\/v2\/comments?post=1516"}],"version-history":[{"count":1,"href":"http:\/\/www.meteolafleche.com\/actualite\/wp-json\/wp\/v2\/posts\/1516\/revisions"}],"predecessor-version":[{"id":1519,"href":"http:\/\/www.meteolafleche.com\/actualite\/wp-json\/wp\/v2\/posts\/1516\/revisions\/1519"}],"wp:attachment":[{"href":"http:\/\/www.meteolafleche.com\/actualite\/wp-json\/wp\/v2\/media?parent=1516"}],"wp:term":[{"taxonomy":"category","embeddable":true,"href":"http:\/\/www.meteolafleche.com\/actualite\/wp-json\/wp\/v2\/categories?post=1516"},{"taxonomy":"post_tag","embeddable":true,"href":"http:\/\/www.meteolafleche.com\/actualite\/wp-json\/wp\/v2\/tags?post=1516"}],"curies":[{"name":"wp","href":"https:\/\/api.w.org\/{rel}","templated":true}]}}