{"id":1356,"date":"2025-07-18T08:55:00","date_gmt":"2025-07-18T06:55:00","guid":{"rendered":"https:\/\/www.meteolafleche.com\/actualite\/?p=1356"},"modified":"2025-07-15T15:05:22","modified_gmt":"2025-07-15T13:05:22","slug":"meteo-du-18-au-27-juillet-2025-orages","status":"publish","type":"post","link":"http:\/\/www.meteolafleche.com\/actualite\/2025\/07\/18\/meteo-du-18-au-27-juillet-2025-orages\/","title":{"rendered":"M\u00e9t\u00e9o du 18 au 27 Juillet 2025 orages"},"content":{"rendered":"<div id=\"meteo-1676036683\" class=\"meteo-avant-contenu meteo-entity-placement\"><script async src=\"\/\/pagead2.googlesyndication.com\/pagead\/js\/adsbygoogle.js?client=ca-pub-0501790310760996\" crossorigin=\"anonymous\"><\/script><ins class=\"adsbygoogle\" style=\"display:block;\" data-ad-client=\"ca-pub-0501790310760996\" \ndata-ad-slot=\"9802369648\" \ndata-ad-format=\"auto\"><\/ins>\n<script> \n(adsbygoogle = window.adsbygoogle || []).push({}); \n<\/script>\n<\/div>\n<p>La poursuite des orages pourrait se faire dans la continuit\u00e9 de la d\u00e9cade pr\u00e9c\u00e9dente <a href=\"https:\/\/www.meteolafleche.com\/actualite\/2025\/07\/11\/meteo-du-11-au-20-juillet-2025-chaude\/\">https:\/\/www.meteolafleche.com\/actualite\/2025\/07\/11\/meteo-du-11-au-20-juillet-2025-chaude\/<\/a><\/p>\n\n\n\n<figure class=\"wp-block-image size-full\"><img loading=\"lazy\" decoding=\"async\" width=\"600\" height=\"502\" src=\"https:\/\/www.meteolafleche.com\/actualite\/wp-content\/uploads\/2025\/07\/250722_meteo_france.png\" alt=\"M\u00e9t\u00e9o France 22 Juillet 2025\" class=\"wp-image-1357\" srcset=\"http:\/\/www.meteolafleche.com\/actualite\/wp-content\/uploads\/2025\/07\/250722_meteo_france.png 600w, http:\/\/www.meteolafleche.com\/actualite\/wp-content\/uploads\/2025\/07\/250722_meteo_france-300x251.png 300w\" sizes=\"auto, (max-width: 600px) 100vw, 600px\" \/><\/figure>\n\n\n\n<p>Une nouvelle d\u00e9gradation serait mod\u00e9lis\u00e9e que ce soit par les mod\u00e8les am\u00e9ricains ou par les mod\u00e8les europ\u00e9ens ; les Europ\u00e9ens mettraient de forts orages, les Am\u00e9ricains seraient plus mesur\u00e9es.<\/p>\n\n\n\n<p>C&rsquo;est toute l&rsquo;incertitude sur la g\u00e9olocalisation et l&rsquo;intensit\u00e9 des orages \u00e0 une telle \u00e9ch\u00e9ance.<\/p>\n\n\n\n<p>Au final, on pourrait se retrouver avec des orages comme celui de 2014 <a href=\"https:\/\/www.youtube.com\/watch?v=o8ulluiKOKs\">https:\/\/www.youtube.com\/watch?v=o8ulluiKOKs<\/a><\/p>\n\n\n\n<p>Sur certains sc\u00e9narios minoritaires, on aurait plut\u00f4t un courant oc\u00e9anique apportant fraicheur&#8230;<\/p>\n\n\n\n<figure class=\"wp-block-image size-full\"><img loading=\"lazy\" decoding=\"async\" width=\"600\" height=\"502\" src=\"https:\/\/www.meteolafleche.com\/actualite\/wp-content\/uploads\/2025\/07\/250727_meteo_france.png\" alt=\"M\u00e9t\u00e9o France 27 Juillet 2025\" class=\"wp-image-1358\" srcset=\"http:\/\/www.meteolafleche.com\/actualite\/wp-content\/uploads\/2025\/07\/250727_meteo_france.png 600w, http:\/\/www.meteolafleche.com\/actualite\/wp-content\/uploads\/2025\/07\/250727_meteo_france-300x251.png 300w\" sizes=\"auto, (max-width: 600px) 100vw, 600px\" \/><\/figure>\n\n\n\n<p>Il faut toujours se m\u00e9fier des sorties de mod\u00e8les mettant l&rsquo;apocalypse que ce soit au niveau des tr\u00e8s fortes chaleurs ou c\u00f4t\u00e9 pr\u00e9cipitations : les derni\u00e8res vagues de chaleur s&rsquo;\u00e9taient pass\u00e9es ainsi.<\/p>\n\n\n\n<p>En l&rsquo;occurrence, on serait dans un vent dominant d&rsquo;Ouest ce qui r\u00e9duirait sensiblement le risque de fortes chaleurs ; au contraire, une certaine fraicheur relative pourrait se faire au niveau des c\u00f4tes de la Manche notamment.<br><\/p>\n\n\n\n<p>Ailleurs, ce serait un temps d&rsquo;\u00e9t\u00e9 avec probablement des \u00e9volutions diurnes (averses en fin de journ\u00e9e).<\/p>\n<div id=\"meteo-4061726267\" class=\"meteo-apres-le-contenu meteo-entity-placement\"><script async src=\"\/\/pagead2.googlesyndication.com\/pagead\/js\/adsbygoogle.js?client=ca-pub-0501790310760996\" crossorigin=\"anonymous\"><\/script><ins class=\"adsbygoogle\" style=\"display:block;\" data-ad-client=\"ca-pub-0501790310760996\" \ndata-ad-slot=\"7540452242\" \ndata-ad-format=\"auto\"><\/ins>\n<script> \n(adsbygoogle = window.adsbygoogle || []).push({}); \n<\/script>\n<\/div>","protected":false},"excerpt":{"rendered":"<p>La poursuite des orages pourrait se faire dans la continuit\u00e9 de la d\u00e9cade pr\u00e9c\u00e9dente https:\/\/www.meteolafleche.com\/actualite\/2025\/07\/11\/meteo-du-11-au-20-juillet-2025-chaude\/ Une nouvelle d\u00e9gradation serait mod\u00e9lis\u00e9e que ce soit par les mod\u00e8les am\u00e9ricains ou par les mod\u00e8les europ\u00e9ens ; les Europ\u00e9ens mettraient de forts orages, les Am\u00e9ricains seraient plus mesur\u00e9es. C&rsquo;est toute l&rsquo;incertitude sur la g\u00e9olocalisation et l&rsquo;intensit\u00e9 des orages \u00e0 [&hellip;]<\/p>\n","protected":false},"author":1,"featured_media":0,"comment_status":"open","ping_status":"open","sticky":false,"template":"","format":"standard","meta":{"footnotes":""},"categories":[1],"tags":[99,151,21,100,17,98,16],"class_list":["post-1356","post","type-post","status-publish","format-standard","hentry","category-tendance-meteo-a-long-terme","tag-99","tag-151","tag-21","tag-juillet","tag-meteo","tag-orages","tag-previsions"],"yoast_head":"<!-- This site is optimized with the Yoast SEO plugin v27.5 - https:\/\/yoast.com\/product\/yoast-seo-wordpress\/ -->\n<title>Toute la m\u00e9t\u00e9o du 18 au 27 Juillet 2025 consacr\u00e9e aux orages ?<\/title>\n<meta name=\"description\" content=\"Les tendances m\u00e9t\u00e9o pour la p\u00e9riode du 18 au 27 Juillet 2025 consacr\u00e9e aux orages ? ou \u00e0 la poursuite d&#039;un temps chaud et sec ?\" \/>\n<meta name=\"robots\" content=\"index, follow, max-snippet:-1, max-image-preview:large, max-video-preview:-1\" \/>\n<link rel=\"canonical\" href=\"https:\/\/www.meteolafleche.com\/actualite\/2025\/07\/18\/meteo-du-18-au-27-juillet-2025-orages\/\" \/>\n<meta property=\"og:locale\" content=\"fr_FR\" \/>\n<meta property=\"og:type\" content=\"article\" \/>\n<meta property=\"og:title\" content=\"Toute la m\u00e9t\u00e9o du 18 au 27 Juillet 2025 consacr\u00e9e aux orages ?\" \/>\n<meta property=\"og:description\" content=\"Les tendances m\u00e9t\u00e9o pour la p\u00e9riode du 18 au 27 Juillet 2025 consacr\u00e9e aux orages ? ou \u00e0 la poursuite d&#039;un temps chaud et sec ?\" \/>\n<meta property=\"og:url\" content=\"https:\/\/www.meteolafleche.com\/actualite\/2025\/07\/18\/meteo-du-18-au-27-juillet-2025-orages\/\" \/>\n<meta property=\"og:site_name\" content=\"M\u00e9t\u00e9olafleche\" \/>\n<meta property=\"article:publisher\" content=\"https:\/\/fr-fr.facebook.com\/Meteolafleche\/\" \/>\n<meta property=\"article:published_time\" content=\"2025-07-18T06:55:00+00:00\" \/>\n<meta property=\"og:image\" content=\"https:\/\/www.meteolafleche.com\/actualite\/wp-content\/uploads\/2025\/07\/250722_meteo_france.png\" \/>\n<meta name=\"author\" content=\"M\u00e9t\u00e9olafl\u00e8che\" \/>\n<meta name=\"twitter:card\" content=\"summary_large_image\" \/>\n<meta name=\"twitter:creator\" content=\"@Meteolafleche\" \/>\n<meta name=\"twitter:site\" content=\"@Meteolafleche\" \/>\n<meta name=\"twitter:label1\" content=\"\u00c9crit par\" \/>\n\t<meta name=\"twitter:data1\" content=\"M\u00e9t\u00e9olafl\u00e8che\" \/>\n\t<meta name=\"twitter:label2\" content=\"Dur\u00e9e de lecture estim\u00e9e\" \/>\n\t<meta name=\"twitter:data2\" content=\"2 minutes\" \/>\n<script type=\"application\/ld+json\" class=\"yoast-schema-graph\">{\"@context\":\"https:\\\/\\\/schema.org\",\"@graph\":[{\"@type\":\"Article\",\"@id\":\"https:\\\/\\\/www.meteolafleche.com\\\/actualite\\\/2025\\\/07\\\/18\\\/meteo-du-18-au-27-juillet-2025-orages\\\/#article\",\"isPartOf\":{\"@id\":\"https:\\\/\\\/www.meteolafleche.com\\\/actualite\\\/2025\\\/07\\\/18\\\/meteo-du-18-au-27-juillet-2025-orages\\\/\"},\"author\":{\"name\":\"M\u00e9t\u00e9olafl\u00e8che\",\"@id\":\"https:\\\/\\\/www.meteolafleche.com\\\/actualite\\\/#\\\/schema\\\/person\\\/a3f335c48c6b0b07b3a7ff55abb5e7a5\"},\"headline\":\"M\u00e9t\u00e9o du 18 au 27 Juillet 2025 orages\",\"datePublished\":\"2025-07-18T06:55:00+00:00\",\"mainEntityOfPage\":{\"@id\":\"https:\\\/\\\/www.meteolafleche.com\\\/actualite\\\/2025\\\/07\\\/18\\\/meteo-du-18-au-27-juillet-2025-orages\\\/\"},\"wordCount\":215,\"commentCount\":1,\"image\":{\"@id\":\"https:\\\/\\\/www.meteolafleche.com\\\/actualite\\\/2025\\\/07\\\/18\\\/meteo-du-18-au-27-juillet-2025-orages\\\/#primaryimage\"},\"thumbnailUrl\":\"https:\\\/\\\/www.meteolafleche.com\\\/actualite\\\/wp-content\\\/uploads\\\/2025\\\/07\\\/250722_meteo_france.png\",\"keywords\":[\"18\",\"2025\",\"27\",\"juillet\",\"m\u00e9t\u00e9o\",\"orages\",\"Pr\u00e9visions\"],\"articleSection\":[\"Tendance m\u00e9t\u00e9o \u00e0 long terme\"],\"inLanguage\":\"fr-FR\",\"potentialAction\":[{\"@type\":\"CommentAction\",\"name\":\"Comment\",\"target\":[\"https:\\\/\\\/www.meteolafleche.com\\\/actualite\\\/2025\\\/07\\\/18\\\/meteo-du-18-au-27-juillet-2025-orages\\\/#respond\"]}]},{\"@type\":\"WebPage\",\"@id\":\"https:\\\/\\\/www.meteolafleche.com\\\/actualite\\\/2025\\\/07\\\/18\\\/meteo-du-18-au-27-juillet-2025-orages\\\/\",\"url\":\"https:\\\/\\\/www.meteolafleche.com\\\/actualite\\\/2025\\\/07\\\/18\\\/meteo-du-18-au-27-juillet-2025-orages\\\/\",\"name\":\"Toute la m\u00e9t\u00e9o du 18 au 27 Juillet 2025 consacr\u00e9e aux orages ?\",\"isPartOf\":{\"@id\":\"https:\\\/\\\/www.meteolafleche.com\\\/actualite\\\/#website\"},\"primaryImageOfPage\":{\"@id\":\"https:\\\/\\\/www.meteolafleche.com\\\/actualite\\\/2025\\\/07\\\/18\\\/meteo-du-18-au-27-juillet-2025-orages\\\/#primaryimage\"},\"image\":{\"@id\":\"https:\\\/\\\/www.meteolafleche.com\\\/actualite\\\/2025\\\/07\\\/18\\\/meteo-du-18-au-27-juillet-2025-orages\\\/#primaryimage\"},\"thumbnailUrl\":\"https:\\\/\\\/www.meteolafleche.com\\\/actualite\\\/wp-content\\\/uploads\\\/2025\\\/07\\\/250722_meteo_france.png\",\"datePublished\":\"2025-07-18T06:55:00+00:00\",\"author\":{\"@id\":\"https:\\\/\\\/www.meteolafleche.com\\\/actualite\\\/#\\\/schema\\\/person\\\/a3f335c48c6b0b07b3a7ff55abb5e7a5\"},\"description\":\"Les tendances m\u00e9t\u00e9o pour la p\u00e9riode du 18 au 27 Juillet 2025 consacr\u00e9e aux orages ? ou \u00e0 la poursuite d'un temps chaud et sec ?\",\"breadcrumb\":{\"@id\":\"https:\\\/\\\/www.meteolafleche.com\\\/actualite\\\/2025\\\/07\\\/18\\\/meteo-du-18-au-27-juillet-2025-orages\\\/#breadcrumb\"},\"inLanguage\":\"fr-FR\",\"potentialAction\":[{\"@type\":\"ReadAction\",\"target\":[\"https:\\\/\\\/www.meteolafleche.com\\\/actualite\\\/2025\\\/07\\\/18\\\/meteo-du-18-au-27-juillet-2025-orages\\\/\"]}]},{\"@type\":\"ImageObject\",\"inLanguage\":\"fr-FR\",\"@id\":\"https:\\\/\\\/www.meteolafleche.com\\\/actualite\\\/2025\\\/07\\\/18\\\/meteo-du-18-au-27-juillet-2025-orages\\\/#primaryimage\",\"url\":\"http:\\\/\\\/www.meteolafleche.com\\\/actualite\\\/wp-content\\\/uploads\\\/2025\\\/07\\\/250722_meteo_france.png\",\"contentUrl\":\"http:\\\/\\\/www.meteolafleche.com\\\/actualite\\\/wp-content\\\/uploads\\\/2025\\\/07\\\/250722_meteo_france.png\",\"width\":600,\"height\":502},{\"@type\":\"BreadcrumbList\",\"@id\":\"https:\\\/\\\/www.meteolafleche.com\\\/actualite\\\/2025\\\/07\\\/18\\\/meteo-du-18-au-27-juillet-2025-orages\\\/#breadcrumb\",\"itemListElement\":[{\"@type\":\"ListItem\",\"position\":1,\"name\":\"Accueil\",\"item\":\"https:\\\/\\\/www.meteolafleche.com\\\/actualite\\\/\"},{\"@type\":\"ListItem\",\"position\":2,\"name\":\"M\u00e9t\u00e9o du 18 au 27 Juillet 2025 orages\"}]},{\"@type\":\"WebSite\",\"@id\":\"https:\\\/\\\/www.meteolafleche.com\\\/actualite\\\/#website\",\"url\":\"https:\\\/\\\/www.meteolafleche.com\\\/actualite\\\/\",\"name\":\"M\u00e9t\u00e9olafleche - Blog actualit\u00e9s\",\"description\":\"Actualit\u00e9s m\u00e9t\u00e9o \",\"potentialAction\":[{\"@type\":\"SearchAction\",\"target\":{\"@type\":\"EntryPoint\",\"urlTemplate\":\"https:\\\/\\\/www.meteolafleche.com\\\/actualite\\\/?s={search_term_string}\"},\"query-input\":{\"@type\":\"PropertyValueSpecification\",\"valueRequired\":true,\"valueName\":\"search_term_string\"}}],\"inLanguage\":\"fr-FR\"},{\"@type\":\"Person\",\"@id\":\"https:\\\/\\\/www.meteolafleche.com\\\/actualite\\\/#\\\/schema\\\/person\\\/a3f335c48c6b0b07b3a7ff55abb5e7a5\",\"name\":\"M\u00e9t\u00e9olafl\u00e8che\",\"image\":{\"@type\":\"ImageObject\",\"inLanguage\":\"fr-FR\",\"@id\":\"https:\\\/\\\/secure.gravatar.com\\\/avatar\\\/87018e78a84df868f9910cf7db506cf0e115cd6493382a089a41e0cf87a80762?s=96&d=mm&r=g\",\"url\":\"https:\\\/\\\/secure.gravatar.com\\\/avatar\\\/87018e78a84df868f9910cf7db506cf0e115cd6493382a089a41e0cf87a80762?s=96&d=mm&r=g\",\"contentUrl\":\"https:\\\/\\\/secure.gravatar.com\\\/avatar\\\/87018e78a84df868f9910cf7db506cf0e115cd6493382a089a41e0cf87a80762?s=96&d=mm&r=g\",\"caption\":\"M\u00e9t\u00e9olafl\u00e8che\"},\"sameAs\":[\"http:\\\/\\\/www.meteolafleche.com\\\/actualite\"]}]}<\/script>\n<!-- \/ Yoast SEO plugin. -->","yoast_head_json":{"title":"Toute la m\u00e9t\u00e9o du 18 au 27 Juillet 2025 consacr\u00e9e aux orages ?","description":"Les tendances m\u00e9t\u00e9o pour la p\u00e9riode du 18 au 27 Juillet 2025 consacr\u00e9e aux orages ? ou \u00e0 la poursuite d'un temps chaud et sec ?","robots":{"index":"index","follow":"follow","max-snippet":"max-snippet:-1","max-image-preview":"max-image-preview:large","max-video-preview":"max-video-preview:-1"},"canonical":"https:\/\/www.meteolafleche.com\/actualite\/2025\/07\/18\/meteo-du-18-au-27-juillet-2025-orages\/","og_locale":"fr_FR","og_type":"article","og_title":"Toute la m\u00e9t\u00e9o du 18 au 27 Juillet 2025 consacr\u00e9e aux orages ?","og_description":"Les tendances m\u00e9t\u00e9o pour la p\u00e9riode du 18 au 27 Juillet 2025 consacr\u00e9e aux orages ? ou \u00e0 la poursuite d'un temps chaud et sec ?","og_url":"https:\/\/www.meteolafleche.com\/actualite\/2025\/07\/18\/meteo-du-18-au-27-juillet-2025-orages\/","og_site_name":"M\u00e9t\u00e9olafleche","article_publisher":"https:\/\/fr-fr.facebook.com\/Meteolafleche\/","article_published_time":"2025-07-18T06:55:00+00:00","og_image":[{"url":"https:\/\/www.meteolafleche.com\/actualite\/wp-content\/uploads\/2025\/07\/250722_meteo_france.png","type":"","width":"","height":""}],"author":"M\u00e9t\u00e9olafl\u00e8che","twitter_card":"summary_large_image","twitter_creator":"@Meteolafleche","twitter_site":"@Meteolafleche","twitter_misc":{"\u00c9crit par":"M\u00e9t\u00e9olafl\u00e8che","Dur\u00e9e de lecture estim\u00e9e":"2 minutes"},"schema":{"@context":"https:\/\/schema.org","@graph":[{"@type":"Article","@id":"https:\/\/www.meteolafleche.com\/actualite\/2025\/07\/18\/meteo-du-18-au-27-juillet-2025-orages\/#article","isPartOf":{"@id":"https:\/\/www.meteolafleche.com\/actualite\/2025\/07\/18\/meteo-du-18-au-27-juillet-2025-orages\/"},"author":{"name":"M\u00e9t\u00e9olafl\u00e8che","@id":"https:\/\/www.meteolafleche.com\/actualite\/#\/schema\/person\/a3f335c48c6b0b07b3a7ff55abb5e7a5"},"headline":"M\u00e9t\u00e9o du 18 au 27 Juillet 2025 orages","datePublished":"2025-07-18T06:55:00+00:00","mainEntityOfPage":{"@id":"https:\/\/www.meteolafleche.com\/actualite\/2025\/07\/18\/meteo-du-18-au-27-juillet-2025-orages\/"},"wordCount":215,"commentCount":1,"image":{"@id":"https:\/\/www.meteolafleche.com\/actualite\/2025\/07\/18\/meteo-du-18-au-27-juillet-2025-orages\/#primaryimage"},"thumbnailUrl":"https:\/\/www.meteolafleche.com\/actualite\/wp-content\/uploads\/2025\/07\/250722_meteo_france.png","keywords":["18","2025","27","juillet","m\u00e9t\u00e9o","orages","Pr\u00e9visions"],"articleSection":["Tendance m\u00e9t\u00e9o \u00e0 long terme"],"inLanguage":"fr-FR","potentialAction":[{"@type":"CommentAction","name":"Comment","target":["https:\/\/www.meteolafleche.com\/actualite\/2025\/07\/18\/meteo-du-18-au-27-juillet-2025-orages\/#respond"]}]},{"@type":"WebPage","@id":"https:\/\/www.meteolafleche.com\/actualite\/2025\/07\/18\/meteo-du-18-au-27-juillet-2025-orages\/","url":"https:\/\/www.meteolafleche.com\/actualite\/2025\/07\/18\/meteo-du-18-au-27-juillet-2025-orages\/","name":"Toute la m\u00e9t\u00e9o du 18 au 27 Juillet 2025 consacr\u00e9e aux orages ?","isPartOf":{"@id":"https:\/\/www.meteolafleche.com\/actualite\/#website"},"primaryImageOfPage":{"@id":"https:\/\/www.meteolafleche.com\/actualite\/2025\/07\/18\/meteo-du-18-au-27-juillet-2025-orages\/#primaryimage"},"image":{"@id":"https:\/\/www.meteolafleche.com\/actualite\/2025\/07\/18\/meteo-du-18-au-27-juillet-2025-orages\/#primaryimage"},"thumbnailUrl":"https:\/\/www.meteolafleche.com\/actualite\/wp-content\/uploads\/2025\/07\/250722_meteo_france.png","datePublished":"2025-07-18T06:55:00+00:00","author":{"@id":"https:\/\/www.meteolafleche.com\/actualite\/#\/schema\/person\/a3f335c48c6b0b07b3a7ff55abb5e7a5"},"description":"Les tendances m\u00e9t\u00e9o pour la p\u00e9riode du 18 au 27 Juillet 2025 consacr\u00e9e aux orages ? ou \u00e0 la poursuite d'un temps chaud et sec ?","breadcrumb":{"@id":"https:\/\/www.meteolafleche.com\/actualite\/2025\/07\/18\/meteo-du-18-au-27-juillet-2025-orages\/#breadcrumb"},"inLanguage":"fr-FR","potentialAction":[{"@type":"ReadAction","target":["https:\/\/www.meteolafleche.com\/actualite\/2025\/07\/18\/meteo-du-18-au-27-juillet-2025-orages\/"]}]},{"@type":"ImageObject","inLanguage":"fr-FR","@id":"https:\/\/www.meteolafleche.com\/actualite\/2025\/07\/18\/meteo-du-18-au-27-juillet-2025-orages\/#primaryimage","url":"http:\/\/www.meteolafleche.com\/actualite\/wp-content\/uploads\/2025\/07\/250722_meteo_france.png","contentUrl":"http:\/\/www.meteolafleche.com\/actualite\/wp-content\/uploads\/2025\/07\/250722_meteo_france.png","width":600,"height":502},{"@type":"BreadcrumbList","@id":"https:\/\/www.meteolafleche.com\/actualite\/2025\/07\/18\/meteo-du-18-au-27-juillet-2025-orages\/#breadcrumb","itemListElement":[{"@type":"ListItem","position":1,"name":"Accueil","item":"https:\/\/www.meteolafleche.com\/actualite\/"},{"@type":"ListItem","position":2,"name":"M\u00e9t\u00e9o du 18 au 27 Juillet 2025 orages"}]},{"@type":"WebSite","@id":"https:\/\/www.meteolafleche.com\/actualite\/#website","url":"https:\/\/www.meteolafleche.com\/actualite\/","name":"M\u00e9t\u00e9olafleche - Blog actualit\u00e9s","description":"Actualit\u00e9s m\u00e9t\u00e9o ","potentialAction":[{"@type":"SearchAction","target":{"@type":"EntryPoint","urlTemplate":"https:\/\/www.meteolafleche.com\/actualite\/?s={search_term_string}"},"query-input":{"@type":"PropertyValueSpecification","valueRequired":true,"valueName":"search_term_string"}}],"inLanguage":"fr-FR"},{"@type":"Person","@id":"https:\/\/www.meteolafleche.com\/actualite\/#\/schema\/person\/a3f335c48c6b0b07b3a7ff55abb5e7a5","name":"M\u00e9t\u00e9olafl\u00e8che","image":{"@type":"ImageObject","inLanguage":"fr-FR","@id":"https:\/\/secure.gravatar.com\/avatar\/87018e78a84df868f9910cf7db506cf0e115cd6493382a089a41e0cf87a80762?s=96&d=mm&r=g","url":"https:\/\/secure.gravatar.com\/avatar\/87018e78a84df868f9910cf7db506cf0e115cd6493382a089a41e0cf87a80762?s=96&d=mm&r=g","contentUrl":"https:\/\/secure.gravatar.com\/avatar\/87018e78a84df868f9910cf7db506cf0e115cd6493382a089a41e0cf87a80762?s=96&d=mm&r=g","caption":"M\u00e9t\u00e9olafl\u00e8che"},"sameAs":["http:\/\/www.meteolafleche.com\/actualite"]}]}},"_links":{"self":[{"href":"http:\/\/www.meteolafleche.com\/actualite\/wp-json\/wp\/v2\/posts\/1356","targetHints":{"allow":["GET"]}}],"collection":[{"href":"http:\/\/www.meteolafleche.com\/actualite\/wp-json\/wp\/v2\/posts"}],"about":[{"href":"http:\/\/www.meteolafleche.com\/actualite\/wp-json\/wp\/v2\/types\/post"}],"author":[{"embeddable":true,"href":"http:\/\/www.meteolafleche.com\/actualite\/wp-json\/wp\/v2\/users\/1"}],"replies":[{"embeddable":true,"href":"http:\/\/www.meteolafleche.com\/actualite\/wp-json\/wp\/v2\/comments?post=1356"}],"version-history":[{"count":1,"href":"http:\/\/www.meteolafleche.com\/actualite\/wp-json\/wp\/v2\/posts\/1356\/revisions"}],"predecessor-version":[{"id":1359,"href":"http:\/\/www.meteolafleche.com\/actualite\/wp-json\/wp\/v2\/posts\/1356\/revisions\/1359"}],"wp:attachment":[{"href":"http:\/\/www.meteolafleche.com\/actualite\/wp-json\/wp\/v2\/media?parent=1356"}],"wp:term":[{"taxonomy":"category","embeddable":true,"href":"http:\/\/www.meteolafleche.com\/actualite\/wp-json\/wp\/v2\/categories?post=1356"},{"taxonomy":"post_tag","embeddable":true,"href":"http:\/\/www.meteolafleche.com\/actualite\/wp-json\/wp\/v2\/tags?post=1356"}],"curies":[{"name":"wp","href":"https:\/\/api.w.org\/{rel}","templated":true}]}}